{"id":60428,"date":"2024-11-16T02:53:09","date_gmt":"2024-11-16T02:53:09","guid":{"rendered":"https:\/\/tvbrazilusa.com\/2024\/11\/16\/stf-reinstala-grades-ao-redor-de-sua-sede\/"},"modified":"2024-11-16T02:53:10","modified_gmt":"2024-11-16T02:53:10","slug":"stf-reinstala-grades-ao-redor-de-sua-sede","status":"publish","type":"post","link":"https:\/\/tvbrazilusa.com\/pt\/2024\/11\/16\/stf-reinstala-grades-ao-redor-de-sua-sede\/","title":{"rendered":"STF reinstala grades ao redor de sua sede"},"content":{"rendered":"<p> <script async src=\"https:\/\/pagead2.googlesyndication.com\/pagead\/js\/adsbygoogle.js?client=ca-pub-8864793242727901\"\r\n     crossorigin=\"anonymous\"><\/script><br \/>\n<\/p>\n<div id=\"taboola-read-more\" style=\"display:block; width:100%\">\n<p>O Supremo Tribunal Federal (STF) decidiu, na \u00faltima quarta-feira, 14, reinstalar grades ao redor de sua sede, em Bras\u00edlia. A medida responde \u00e0s explos\u00f5es ocorridas na Pra\u00e7a dos Tr\u00eas Poderes, no dia anterior, que foram protagonizadas por Francisco Wanderley.\n<\/p>\n<p>Ele tentou entrar no edif\u00edcio do tribunal com explosivos e, ao ser impedido pela seguran\u00e7a, detonou o artefato, o que resultou em sua morte.<\/p>\n<p>Anteriormente, as grades haviam sido removidas em fevereiro, em um ato simb\u00f3lico que contou com a presen\u00e7a dos presidentes do STF, Lu\u00eds Roberto Barroso, do Congresso Nacional, Rodrigo Pacheco (PSD-MG), e da Rep\u00fablica, Luiz In\u00e1cio Lula da Silva.\n<\/p>\n<p>Depois das explos\u00f5es, Barroso afirmou que a seguran\u00e7a funcionou conforme o esperado. Os seguran\u00e7as da Corte impediram a entrada de Wanderley. O magistrado lamentou que o ato prejudique a livre circula\u00e7\u00e3o de pessoas na Pra\u00e7a dos Tr\u00eas Poderes.\n<\/p>\n<p>\u201cN\u00e3o houve falha na seguran\u00e7a\u201d, disse Barroso. \u201cEsse cidad\u00e3o se explodiu porque n\u00e3o conseguiu entrar. Ele ia se explodir aqui dentro. De modo que a seguran\u00e7a funcionou perfeitamente.\u201d\n<\/p>\n<p><strong>Presidente do STF se re\u00fane com vice-governadora do DF<\/strong>\n<\/p>\n<p>Durante a manh\u00e3, Barroso se reuniu com a vice-governadora do Distrito Federal, Celina Le\u00e3o, e Alexandre Patury, secret\u00e1rio-executivo da Secretaria de Seguran\u00e7a P\u00fablica. Na reuni\u00e3o, foram discutidas medidas para fortalecer a seguran\u00e7a do tribunal.\n<\/p>\n<p>Patury informou que a reinstala\u00e7\u00e3o das grades foi a primeira a\u00e7\u00e3o recomendada. Al\u00e9m disso, est\u00e1 em avalia\u00e7\u00e3o o uso de c\u00e2meras de reconhecimento facial e drones aut\u00f4nomos para monitoramento adicional.\n<\/p>\n<p>O secret\u00e1rio disse que o protocolo de seguran\u00e7a da Esplanada dos Minist\u00e9rios \u00e9 um dos mais rigorosos do Brasil. Ele afirmou que, embora a intelig\u00eancia policial seja eficaz em identificar amea\u00e7as organizadas, eventos isolados, como o ocorrido recente, representam um desafio.\n<\/p>\n<p>\u201cTudo que \u00e9 organizado, a intelig\u00eancia [policial] consegue captar\u201d, disse Patury. \u201cSitua\u00e7\u00f5es espor\u00e1dicas, onde uma pessoa termina cometendo algum tipo de atentado, dificultam um pouco.\u201d\n<\/p>\n<p>Fonte: Revista Oeste              <\/p>\n<\/div>\n<p><br \/>\n<br \/><a href=\"https:\/\/diariodobrasilnoticias.com.br\/noticia\/stf-reinstala-grades-ao-redor-de-sua-sede-6737b226a0b86\">Source link <\/a><\/p>","protected":false},"excerpt":{"rendered":"<p>O Supremo Tribunal Federal (STF) decidiu, na \u00faltima quarta-feira, 14, reinstalar grades ao redor de sua sede, em Bras\u00edlia. A medida responde \u00e0s explos\u00f5es ocorridas na Pra\u00e7a dos Tr\u00eas Poderes,&hellip;<\/p>","protected":false},"author":1,"featured_media":60429,"comment_status":"closed","ping_status":"open","sticky":false,"template":"","format":"standard","meta":{"content-type":"","footnotes":""},"categories":[16],"tags":[123,2448,5313,1267],"class_list":["post-60428","post","type-post","status-publish","format-standard","has-post-thumbnail","hentry","category-noticias","tag-brasil","tag-diario","tag-noticia","tag-noticias"],"_links":{"self":[{"href":"https:\/\/tvbrazilusa.com\/pt\/wp-json\/wp\/v2\/posts\/60428","targetHints":{"allow":["GET"]}}],"collection":[{"href":"https:\/\/tvbrazilusa.com\/pt\/wp-json\/wp\/v2\/posts"}],"about":[{"href":"https:\/\/tvbrazilusa.com\/pt\/wp-json\/wp\/v2\/types\/post"}],"author":[{"embeddable":true,"href":"https:\/\/tvbrazilusa.com\/pt\/wp-json\/wp\/v2\/users\/1"}],"replies":[{"embeddable":true,"href":"https:\/\/tvbrazilusa.com\/pt\/wp-json\/wp\/v2\/comments?post=60428"}],"version-history":[{"count":1,"href":"https:\/\/tvbrazilusa.com\/pt\/wp-json\/wp\/v2\/posts\/60428\/revisions"}],"predecessor-version":[{"id":60430,"href":"https:\/\/tvbrazilusa.com\/pt\/wp-json\/wp\/v2\/posts\/60428\/revisions\/60430"}],"wp:featuredmedia":[{"embeddable":true,"href":"https:\/\/tvbrazilusa.com\/pt\/wp-json\/wp\/v2\/media\/60429"}],"wp:attachment":[{"href":"https:\/\/tvbrazilusa.com\/pt\/wp-json\/wp\/v2\/media?parent=60428"}],"wp:term":[{"taxonomy":"category","embeddable":true,"href":"https:\/\/tvbrazilusa.com\/pt\/wp-json\/wp\/v2\/categories?post=60428"},{"taxonomy":"post_tag","embeddable":true,"href":"https:\/\/tvbrazilusa.com\/pt\/wp-json\/wp\/v2\/tags?post=60428"}],"curies":[{"name":"wp","href":"https:\/\/api.w.org\/{rel}","templated":true}]}}