{"id":60471,"date":"2024-11-16T05:24:52","date_gmt":"2024-11-16T05:24:52","guid":{"rendered":"https:\/\/tvbrazilusa.com\/2024\/11\/16\/autoridades-de-palm-springs-aprovam-us-59-milhoes-para-pagar-familias-negras-e-latinas-deslocadas-de-bairros-wsvn-7news-noticias-de-miami-clima-esportes-fort-lauderdale\/"},"modified":"2024-11-16T05:29:09","modified_gmt":"2024-11-16T05:29:09","slug":"autoridades-de-palm-springs-aprovam-us-59-milhoes-para-pagar-familias-negras-e-latinas-deslocadas-de-bairros-wsvn-7news-noticias-de-miami-clima-esportes-fort-lauderdale","status":"publish","type":"post","link":"https:\/\/tvbrazilusa.com\/pt\/2024\/11\/16\/autoridades-de-palm-springs-aprovam-us-59-milhoes-para-pagar-familias-negras-e-latinas-deslocadas-de-bairros-wsvn-7news-noticias-de-miami-clima-esportes-fort-lauderdale\/","title":{"rendered":"Autoridades de Palm Springs aprovam US$ 5,9 milh\u00f5es para pagar fam\u00edlias negras e latinas deslocadas de bairros &#8211; WSVN 7News | Not\u00edcias de Miami, clima, esportes | Fort Lauderdale"},"content":{"rendered":"<p> <script async src=\"https:\/\/pagead2.googlesyndication.com\/pagead\/js\/adsbygoogle.js?client=ca-pub-8864793242727901\"\r\n     crossorigin=\"anonymous\"><\/script><br \/>\n<\/p>\n<div itemprop=\"articleBody\">\n<p>PALM SPRINGS, Calif\u00f3rnia (AP) \u2013 Uma cidade do sul da Calif\u00f3rnia pagar\u00e1 US$ 5,9 milh\u00f5es para compensar fam\u00edlias negras e latinas que foram deslocadas de um bairro na d\u00e9cada de 1960 e d\u00e9cadas depois lideraram uma luta pela restitui\u00e7\u00e3o.<\/p>\n<p>A C\u00e2mara Municipal de Palm Springs aprovou o acordo por unanimidade na quinta-feira. O conselho tamb\u00e9m aprovou US$ 10 milh\u00f5es para um programa de assist\u00eancia ao comprador de primeira casa, US$ 10 milh\u00f5es para um fundo comunit\u00e1rio de terras e a cria\u00e7\u00e3o de um monumento comemorativo da hist\u00f3ria do bairro conhecido como Se\u00e7\u00e3o 14.<\/p>\n<p>O prefeito Jeffrey Bernstein disse no in\u00edcio desta semana que a cidade est\u00e1 \u201ctomando medidas ousadas e importantes que criar\u00e3o benef\u00edcios duradouros para toda a nossa comunidade, ao mesmo tempo que fornece programas que priorizam o apoio aos ex-residentes da Se\u00e7\u00e3o 14\u201d.<\/p>\n<p>N\u00e3o foi determinado quanto cada fam\u00edlia ou indiv\u00edduo receberia como compensa\u00e7\u00e3o direta, disse a advogada Areva Martin no in\u00edcio desta semana. Martin representa mais de 300 ex-residentes e centenas de descendentes. O dinheiro para assist\u00eancia habitacional iria para residentes de baixa renda de Palm Springs, com prioridade para ex-residentes e descendentes da Se\u00e7\u00e3o 14.<\/p>\n<p>A Se\u00e7\u00e3o 14 era um bairro de quil\u00f4metros quadrados em uma reserva nativa americana que muitas fam\u00edlias negras e mexicanas-americanas j\u00e1 chamaram de lar. As fam\u00edlias recordaram que as casas foram queimadas e demolidas na \u00e1rea antes de os residentes serem instru\u00eddos a desocupar as suas casas.<\/p>\n<p>O conselho municipal votou em 2021 para pedir desculpas formalmente pelo papel da cidade no deslocamento. As fam\u00edlias entraram com uma a\u00e7\u00e3o de responsabilidade civil junto \u00e0 cidade em 2022 e, no ano seguinte, anunciaram que estavam pedindo US$ 2,3 bilh\u00f5es pelos danos causados \u200b\u200bpor seu deslocamento.<\/p>\n<p>A alega\u00e7\u00e3o de responsabilidade civil argumentou que a trag\u00e9dia era semelhante \u00e0 viol\u00eancia que dizimou uma comunidade vibrante conhecida como Black Wall Street, h\u00e1 mais de um s\u00e9culo, em Tulsa, Oklahoma, deixando cerca de 300 pessoas mortas. N\u00e3o houve mortes relatadas relacionadas ao deslocamento de fam\u00edlias da Se\u00e7\u00e3o 14.<\/p>\n<p><em>Direitos autorais 2024 da Associated Press. Todos os direitos reservados. Este material n\u00e3o pode ser publicado, transmitido, reescrito ou redistribu\u00eddo.<\/em><\/p>\n<div class=\"wp-block-newsletter\">\n\t<strong class=\"wp-block-newsletter__title\">Cadastre-se em nosso boletim informativo para receber as \u00faltimas not\u00edcias diretamente em sua caixa de entrada<\/strong><\/p>\n<\/div><\/div>\n<p><br \/>\n<br \/><a href=\"https:\/\/wsvn.com\/news\/us-world\/palm-springs-officials-approve-5-9m-to-pay-black-and-latino-families-displaced-from-neighborhood\/\">Source link <\/a><\/p>","protected":false},"excerpt":{"rendered":"<p>PALM SPRINGS, Calif\u00f3rnia (AP) \u2013 Uma cidade do sul da Calif\u00f3rnia pagar\u00e1 US$ 5,9 milh\u00f5es para compensar fam\u00edlias negras e latinas que foram deslocadas de um bairro na d\u00e9cada de&hellip;<\/p>","protected":false},"author":1,"featured_media":60472,"comment_status":"closed","ping_status":"open","sticky":false,"template":"","format":"standard","meta":{"content-type":"","footnotes":""},"categories":[1],"tags":[],"class_list":["post-60471","post","type-post","status-publish","format-standard","has-post-thumbnail","hentry","category-uncategorized"],"_links":{"self":[{"href":"https:\/\/tvbrazilusa.com\/pt\/wp-json\/wp\/v2\/posts\/60471","targetHints":{"allow":["GET"]}}],"collection":[{"href":"https:\/\/tvbrazilusa.com\/pt\/wp-json\/wp\/v2\/posts"}],"about":[{"href":"https:\/\/tvbrazilusa.com\/pt\/wp-json\/wp\/v2\/types\/post"}],"author":[{"embeddable":true,"href":"https:\/\/tvbrazilusa.com\/pt\/wp-json\/wp\/v2\/users\/1"}],"replies":[{"embeddable":true,"href":"https:\/\/tvbrazilusa.com\/pt\/wp-json\/wp\/v2\/comments?post=60471"}],"version-history":[{"count":1,"href":"https:\/\/tvbrazilusa.com\/pt\/wp-json\/wp\/v2\/posts\/60471\/revisions"}],"predecessor-version":[{"id":60473,"href":"https:\/\/tvbrazilusa.com\/pt\/wp-json\/wp\/v2\/posts\/60471\/revisions\/60473"}],"wp:featuredmedia":[{"embeddable":true,"href":"https:\/\/tvbrazilusa.com\/pt\/wp-json\/wp\/v2\/media\/60472"}],"wp:attachment":[{"href":"https:\/\/tvbrazilusa.com\/pt\/wp-json\/wp\/v2\/media?parent=60471"}],"wp:term":[{"taxonomy":"category","embeddable":true,"href":"https:\/\/tvbrazilusa.com\/pt\/wp-json\/wp\/v2\/categories?post=60471"},{"taxonomy":"post_tag","embeddable":true,"href":"https:\/\/tvbrazilusa.com\/pt\/wp-json\/wp\/v2\/tags?post=60471"}],"curies":[{"name":"wp","href":"https:\/\/api.w.org\/{rel}","templated":true}]}}