{"id":60674,"date":"2024-11-16T17:32:36","date_gmt":"2024-11-16T17:32:36","guid":{"rendered":"https:\/\/tvbrazilusa.com\/2024\/11\/16\/presidente-da-ucrania-acredita-que-a-guerra-contra-a-russia-vai-terminar-mais-cedo-com-trump-como-presidente\/"},"modified":"2024-11-16T17:32:37","modified_gmt":"2024-11-16T17:32:37","slug":"presidente-da-ucrania-acredita-que-a-guerra-contra-a-russia-vai-terminar-mais-cedo-com-trump-como-presidente","status":"publish","type":"post","link":"https:\/\/tvbrazilusa.com\/pt\/2024\/11\/16\/presidente-da-ucrania-acredita-que-a-guerra-contra-a-russia-vai-terminar-mais-cedo-com-trump-como-presidente\/","title":{"rendered":"Presidente da Ucr\u00e2nia acredita que a guerra contra a R\u00fassia vai &#8216;terminar mais cedo&#8217; com Trump como presidente"},"content":{"rendered":"<p> <script async src=\"https:\/\/pagead2.googlesyndication.com\/pagead\/js\/adsbygoogle.js?client=ca-pub-8864793242727901\"\r\n     crossorigin=\"anonymous\"><\/script><br \/>\n<\/p>\n<div id=\"taboola-read-more\" style=\"display:block; width:100%\">\n<p>O presidente ucraniano Volodymyr Zelensky afirmou estar certo de que a guerra com a R\u00fassia \u201cterminar\u00e1 mais cedo\u201d do que terminaria de outra forma assim que Donald Trump assumir a presid\u00eancia dos Estados Unidos.\n<\/p>\n<p>Zelensky disse ter tido uma \u201ctroca construtiva\u201d com Trump durante uma conversa telef\u00f4nica ap\u00f3s a vit\u00f3ria de Trump nas elei\u00e7\u00f5es presidenciais dos EUA.<\/p>\n<p>Ele n\u00e3o revelou se Trump fez exig\u00eancias relacionadas a poss\u00edveis negocia\u00e7\u00f5es com a R\u00fassia, mas afirmou que n\u00e3o ouviu nada dele que fosse contr\u00e1rio \u00e0 posi\u00e7\u00e3o da Ucr\u00e2nia.\n<\/p>\n<p>Trump tem declarado consistentemente que sua prioridade \u00e9 encerrar a guerra e parar o que ele chama de &#8220;desperd\u00edcio de recursos&#8221; dos EUA, referindo-se \u00e0 ajuda militar \u00e0 Ucr\u00e2nia.\n<\/p>\n<p>\u201c\u00c9 certo que a guerra terminar\u00e1 mais cedo com as pol\u00edticas da equipe que agora liderar\u00e1 a Casa Branca. Essa \u00e9 a abordagem deles, a promessa deles aos cidad\u00e3os\u201d, disse Zelensky em entrevista ao ve\u00edculo de imprensa ucraniano Suspilne.\n<\/p>\n<p>Ele acrescentou que a Ucr\u00e2nia &#8220;deve fazer tudo para que esta guerra termine no pr\u00f3ximo ano, termine por meios diplom\u00e1ticos&#8221;.\n<\/p>\n<p>Zelensky tamb\u00e9m reconheceu a dificuldade da situa\u00e7\u00e3o no campo de batalha, com as for\u00e7as russas avan\u00e7ando.\n<\/p>\n<p>O presidente ucraniano destacou que a legisla\u00e7\u00e3o dos EUA permite que ele se encontre com Trump apenas ap\u00f3s a posse do l\u00edder americano em janeiro.\n<\/p>\n<p>Trump e Zelensky t\u00eam uma rela\u00e7\u00e3o tumultuada. Trump foi impeachment em 2019 devido a acusa\u00e7\u00f5es de ter pressionado Zelensky para buscar informa\u00e7\u00f5es comprometedoras sobre a fam\u00edlia Biden.\n<\/p>\n<p>Apesar das diferen\u00e7as, Trump insiste que tem um &#8220;relacionamento muito bom&#8221; com Zelensky. Quando se encontraram em Nova York, em setembro, Trump declarou ter \u201caprendido muito\u201d com o encontro e afirmou que resolveria a guerra &#8220;muito rapidamente&#8221;.\n<\/p>\n<p>No entanto, Trump ainda n\u00e3o revelou como pretende encerrar o conflito.\n<\/p>\n<p>Seus opositores democratas o acusam de se aproximar do presidente russo Vladimir Putin e afirmam que sua abordagem \u00e0 guerra significaria a rendi\u00e7\u00e3o da Ucr\u00e2nia, colocando em risco toda a Europa.\n<\/p>\n<p>Por outro lado, o chanceler alem\u00e3o Olaf Scholz, que tamb\u00e9m falou com Trump ap\u00f3s sua vit\u00f3ria, disse \u00e0 imprensa alem\u00e3 que o futuro l\u00edder dos EUA tinha uma posi\u00e7\u00e3o \u201cmais nuan\u00e7ada\u201d sobre a guerra do que se imaginava.\n<\/p>\n<p>Scholz disse ao jornal S\u00fcddeutsche Zeitung que sua liga\u00e7\u00e3o com Trump foi \u201ctalvez surpreendentemente, uma conversa muito detalhada e boa\u201d.\n<\/p>\n<p>No in\u00edcio deste ano, a C\u00e2mara dos Representantes dos EUA aprovou um pacote de US$ 61 bilh\u00f5es (R$ 353,8 bilh\u00f5es) em ajuda militar \u00e0 Ucr\u00e2nia para combater a invas\u00e3o russa.\n<\/p>\n<p>Os Estados Unidos t\u00eam sido o maior fornecedor de armas para a Ucr\u00e2nia \u2014 entre fevereiro de 2022 e o final de junho de 2024, entregaram ou comprometeram armas e equipamentos avaliados em US$ 55,5 bilh\u00f5es (R$ 321,9 bilh\u00f5es), de acordo com o Instituto Kiel para a Economia Mundial, uma organiza\u00e7\u00e3o de pesquisa alem\u00e3.\n<\/p>\n<p>Fonte: BBC              <\/p>\n<\/div>\n<p><br \/>\n<br \/><a href=\"https:\/\/diariodobrasilnoticias.com.br\/noticia\/presidente-da-ucrania-acredita-que-a-guerra-contra-a-russia-vai-terminar-mais-cedo-com-trump-como-presidente-6738ac6b758f8\">Source link <\/a><\/p>","protected":false},"excerpt":{"rendered":"<p>O presidente ucraniano Volodymyr Zelensky afirmou estar certo de que a guerra com a R\u00fassia \u201cterminar\u00e1 mais cedo\u201d do que terminaria de outra forma assim que Donald Trump assumir a&hellip;<\/p>","protected":false},"author":1,"featured_media":60675,"comment_status":"closed","ping_status":"open","sticky":false,"template":"","format":"standard","meta":{"content-type":"","footnotes":""},"categories":[16],"tags":[123,2448,5313,1267],"class_list":["post-60674","post","type-post","status-publish","format-standard","has-post-thumbnail","hentry","category-noticias","tag-brasil","tag-diario","tag-noticia","tag-noticias"],"_links":{"self":[{"href":"https:\/\/tvbrazilusa.com\/pt\/wp-json\/wp\/v2\/posts\/60674","targetHints":{"allow":["GET"]}}],"collection":[{"href":"https:\/\/tvbrazilusa.com\/pt\/wp-json\/wp\/v2\/posts"}],"about":[{"href":"https:\/\/tvbrazilusa.com\/pt\/wp-json\/wp\/v2\/types\/post"}],"author":[{"embeddable":true,"href":"https:\/\/tvbrazilusa.com\/pt\/wp-json\/wp\/v2\/users\/1"}],"replies":[{"embeddable":true,"href":"https:\/\/tvbrazilusa.com\/pt\/wp-json\/wp\/v2\/comments?post=60674"}],"version-history":[{"count":1,"href":"https:\/\/tvbrazilusa.com\/pt\/wp-json\/wp\/v2\/posts\/60674\/revisions"}],"predecessor-version":[{"id":60676,"href":"https:\/\/tvbrazilusa.com\/pt\/wp-json\/wp\/v2\/posts\/60674\/revisions\/60676"}],"wp:featuredmedia":[{"embeddable":true,"href":"https:\/\/tvbrazilusa.com\/pt\/wp-json\/wp\/v2\/media\/60675"}],"wp:attachment":[{"href":"https:\/\/tvbrazilusa.com\/pt\/wp-json\/wp\/v2\/media?parent=60674"}],"wp:term":[{"taxonomy":"category","embeddable":true,"href":"https:\/\/tvbrazilusa.com\/pt\/wp-json\/wp\/v2\/categories?post=60674"},{"taxonomy":"post_tag","embeddable":true,"href":"https:\/\/tvbrazilusa.com\/pt\/wp-json\/wp\/v2\/tags?post=60674"}],"curies":[{"name":"wp","href":"https:\/\/api.w.org\/{rel}","templated":true}]}}