{"id":60683,"date":"2024-11-16T17:58:01","date_gmt":"2024-11-16T17:58:01","guid":{"rendered":"https:\/\/tvbrazilusa.com\/2024\/11\/16\/opositor-de-maduro-preso-apos-as-eleicoes-venezuelanas-morre-na-prisao\/"},"modified":"2024-11-16T17:58:02","modified_gmt":"2024-11-16T17:58:02","slug":"opositor-de-maduro-preso-apos-as-eleicoes-venezuelanas-morre-na-prisao","status":"publish","type":"post","link":"https:\/\/tvbrazilusa.com\/pt\/2024\/11\/16\/opositor-de-maduro-preso-apos-as-eleicoes-venezuelanas-morre-na-prisao\/","title":{"rendered":"Opositor de Maduro preso ap\u00f3s as elei\u00e7\u00f5es venezuelanas morre na pris\u00e3o"},"content":{"rendered":"<p> <script async src=\"https:\/\/pagead2.googlesyndication.com\/pagead\/js\/adsbygoogle.js?client=ca-pub-8864793242727901\"\r\n     crossorigin=\"anonymous\"><\/script><br \/>\n<\/p>\n<div id=\"taboola-read-more\" style=\"display:block; width:100%\">\n<p>O Minist\u00e9rio P\u00fablico da Venezuela confirmou na sexta-feira (15) a morte de Jes\u00fas Manuel Mart\u00ednez Medina, integrante do partido de oposi\u00e7\u00e3o Vente Venezuela, que estava preso desde o dia 2 de agosto acusado de ter participado dos protestos p\u00f3s-eleitorais no pa\u00eds.\n<\/p>\n<p>A morte de Medina foi denunciada na quinta-feira (14) pelos l\u00edderes da oposi\u00e7\u00e3o.<\/p>\n<p>Em comunicado, Minist\u00e9rio P\u00fablico da Venezuela disse o opositor cumpria a medida de pris\u00e3o preventiva em um hospital do estado de Anzo\u00e1tegui e que \u201crecebeu os devidos cuidados m\u00e9dicos e lhe foram fornecidos os medicamentos e outros tratamentos que o seu estado de sa\u00fade justificava\u201d, acrescentando que o opositor sofria de diabetes.\n<\/p>\n<p>A institui\u00e7\u00e3o acrescentou que \u201ctem procurado a garantia do devido processo, da prote\u00e7\u00e3o judicial efetiva e de outros direitos\u201d aos falecidos, bem como a todos os detidos.\n<\/p>\n<p>Na quinta-feira, os l\u00edderes da oposi\u00e7\u00e3o Mar\u00eda Corina Machado e Edmundo Gonz\u00e1lez Urrutia denunciaram separadamente a morte de Mart\u00ednez.\n<\/p>\n<p>Machado disse que ele \u201cmorreu devido \u00e0s condi\u00e7\u00f5es desumanas em que foi mantido ref\u00e9m\u201d em uma \u201cmasmorra\u201d, ap\u00f3s ter sido detido \u201csem mandado de busca e sem motivo\u201d.\n<\/p>\n<p>Gonz\u00e1lez afirmou que o opositor morreu sem atendimento m\u00e9dico, medicamentos e transfer\u00eancia urgente para um centro de sa\u00fade.\n<\/p>\n<p>A CNN consultou o Minist\u00e9rio P\u00fablico sobre o que disseram os opositores em rela\u00e7\u00e3o a este assunto e aguarda resposta.\n<\/p>\n<p>Fonte: CNN              <\/p>\n<\/div>\n<p><br \/>\n<br \/><a href=\"https:\/\/diariodobrasilnoticias.com.br\/noticia\/opositor-de-maduro-preso-apos-as-eleicoes-venezuelanas-morre-na-prisao-6738b10f92fd9\">Source link <\/a><\/p>","protected":false},"excerpt":{"rendered":"<p>O Minist\u00e9rio P\u00fablico da Venezuela confirmou na sexta-feira (15) a morte de Jes\u00fas Manuel Mart\u00ednez Medina, integrante do partido de oposi\u00e7\u00e3o Vente Venezuela, que estava preso desde o dia 2&hellip;<\/p>","protected":false},"author":1,"featured_media":60684,"comment_status":"closed","ping_status":"open","sticky":false,"template":"","format":"standard","meta":{"content-type":"","footnotes":""},"categories":[16],"tags":[123,2448,5313,1267],"class_list":["post-60683","post","type-post","status-publish","format-standard","has-post-thumbnail","hentry","category-noticias","tag-brasil","tag-diario","tag-noticia","tag-noticias"],"_links":{"self":[{"href":"https:\/\/tvbrazilusa.com\/pt\/wp-json\/wp\/v2\/posts\/60683","targetHints":{"allow":["GET"]}}],"collection":[{"href":"https:\/\/tvbrazilusa.com\/pt\/wp-json\/wp\/v2\/posts"}],"about":[{"href":"https:\/\/tvbrazilusa.com\/pt\/wp-json\/wp\/v2\/types\/post"}],"author":[{"embeddable":true,"href":"https:\/\/tvbrazilusa.com\/pt\/wp-json\/wp\/v2\/users\/1"}],"replies":[{"embeddable":true,"href":"https:\/\/tvbrazilusa.com\/pt\/wp-json\/wp\/v2\/comments?post=60683"}],"version-history":[{"count":1,"href":"https:\/\/tvbrazilusa.com\/pt\/wp-json\/wp\/v2\/posts\/60683\/revisions"}],"predecessor-version":[{"id":60685,"href":"https:\/\/tvbrazilusa.com\/pt\/wp-json\/wp\/v2\/posts\/60683\/revisions\/60685"}],"wp:featuredmedia":[{"embeddable":true,"href":"https:\/\/tvbrazilusa.com\/pt\/wp-json\/wp\/v2\/media\/60684"}],"wp:attachment":[{"href":"https:\/\/tvbrazilusa.com\/pt\/wp-json\/wp\/v2\/media?parent=60683"}],"wp:term":[{"taxonomy":"category","embeddable":true,"href":"https:\/\/tvbrazilusa.com\/pt\/wp-json\/wp\/v2\/categories?post=60683"},{"taxonomy":"post_tag","embeddable":true,"href":"https:\/\/tvbrazilusa.com\/pt\/wp-json\/wp\/v2\/tags?post=60683"}],"curies":[{"name":"wp","href":"https:\/\/api.w.org\/{rel}","templated":true}]}}