{"id":60703,"date":"2024-11-16T18:41:00","date_gmt":"2024-11-16T18:41:00","guid":{"rendered":"https:\/\/tvbrazilusa.com\/2024\/11\/16\/janja-sobe-ao-palco-e-canta-axe-odo-com-daniela-mercury\/"},"modified":"2024-11-16T18:41:01","modified_gmt":"2024-11-16T18:41:01","slug":"janja-sobe-ao-palco-e-canta-axe-odo-com-daniela-mercury","status":"publish","type":"post","link":"https:\/\/tvbrazilusa.com\/pt\/2024\/11\/16\/janja-sobe-ao-palco-e-canta-axe-odo-com-daniela-mercury\/","title":{"rendered":"Janja sobe ao palco e canta \u201cAx\u00e9 Od\u00f4\u201d com Daniela Mercury"},"content":{"rendered":"<p> <script async src=\"https:\/\/pagead2.googlesyndication.com\/pagead\/js\/adsbygoogle.js?client=ca-pub-8864793242727901\"\r\n     crossorigin=\"anonymous\"><\/script><br \/>\n<\/p>\n<div id=\"taboola-read-more\" style=\"display:block; width:100%\">\n<p>O primeiro dia do Festival Alian\u00e7a Global Contra a Fome e a Pobreza, o \u201cJanjapalooza\u201d, teve direito a uma \u201ccanja\u201d no palco da primeira-dama Janja da Silva, anfitri\u00e3 do evento patrocinado por empresas estatais como Banco do Brasil, BNDES, Caixa, Itaipu e Petrobras.\n<\/p>\n<p>Daniela Mercury foi uma das atra\u00e7\u00f5es na noite desta quinta-feira (14). Em determinado momento de sua apresenta\u00e7\u00e3o, Janja e a ministra da Cultura, Margareth Menezes, dividem o palco com a cantora e entoam o refr\u00e3o \u201cax\u00e9 Od\u00f4\u201d, da m\u00fasica Muito Obrigado Ax\u00e9, de Ivete Sangalo.<\/p>\n<p>Um v\u00eddeo do momento pode ser visto tanto no perfil do Instagram de Janja quanto de MErcury.\n<\/p>\n<p>\u2013 Que noite, #G20! At\u00e9 @janjalula fez feat com a gente. O Rio de Janeiro abriu os bra\u00e7os para celebrar a cultura brasileira e a democracia no Festival Alian\u00e7a Global contra a Fome e a Pobreza. Foi demais! \u2013 escreveu Daniela Mercury na publica\u00e7\u00e3o.\n<\/p>\n<p>Janja j\u00e1 tinha subido ao palco anteriormente, para abrir o festival. Ela chegou a comparar com outros shows de iniciativa pelo mundo, como o Live Aid.\n<\/p>\n<p>\u2013 Em 1985, os artistas do mundo se reuniram no festival Live Aid para combater a fome na Eti\u00f3pia. Em 1988, artistas se reuniram no Festival Free Mandela, pedindo a liberta\u00e7\u00e3o do l\u00edder sul-africano. Em 2019, os artistas do Brasil se reuniram no Festival Lula Livre, pedindo a liberdade do presidente Lula. E hoje, novamente, a m\u00fasica e a arte se unem para combater a fome e a pobreza no mundo, no Festival Alian\u00e7a Global Contra a Fome e a Pobreza. E eu estou muito feliz de estarmos reunidos aqui no Rio de Janeiro para esse momento hist\u00f3rico \u2013 disse a mulher do presidente Lula (PT).\n<\/p>\n<p>O cach\u00ea total para os 29 artistas que est\u00e3o na programa\u00e7\u00e3o ser\u00e1 de R$ 870 mil.\n<\/p>\n<p>Fonte: Pleno.News              <\/p>\n<\/div>\n<p><br \/>\n<br \/><a href=\"https:\/\/diariodobrasilnoticias.com.br\/noticia\/janjapalooza-janja-sobe-ao-palco-e-canta-axe-odo-com-daniela-mercury-6738ba1c12bfe\">Source link <\/a><\/p>","protected":false},"excerpt":{"rendered":"<p>O primeiro dia do Festival Alian\u00e7a Global Contra a Fome e a Pobreza, o \u201cJanjapalooza\u201d, teve direito a uma \u201ccanja\u201d no palco da primeira-dama Janja da Silva, anfitri\u00e3 do evento&hellip;<\/p>","protected":false},"author":1,"featured_media":60704,"comment_status":"closed","ping_status":"open","sticky":false,"template":"","format":"standard","meta":{"content-type":"","footnotes":""},"categories":[16],"tags":[123,2448,5313,1267],"class_list":["post-60703","post","type-post","status-publish","format-standard","has-post-thumbnail","hentry","category-noticias","tag-brasil","tag-diario","tag-noticia","tag-noticias"],"_links":{"self":[{"href":"https:\/\/tvbrazilusa.com\/pt\/wp-json\/wp\/v2\/posts\/60703","targetHints":{"allow":["GET"]}}],"collection":[{"href":"https:\/\/tvbrazilusa.com\/pt\/wp-json\/wp\/v2\/posts"}],"about":[{"href":"https:\/\/tvbrazilusa.com\/pt\/wp-json\/wp\/v2\/types\/post"}],"author":[{"embeddable":true,"href":"https:\/\/tvbrazilusa.com\/pt\/wp-json\/wp\/v2\/users\/1"}],"replies":[{"embeddable":true,"href":"https:\/\/tvbrazilusa.com\/pt\/wp-json\/wp\/v2\/comments?post=60703"}],"version-history":[{"count":1,"href":"https:\/\/tvbrazilusa.com\/pt\/wp-json\/wp\/v2\/posts\/60703\/revisions"}],"predecessor-version":[{"id":60705,"href":"https:\/\/tvbrazilusa.com\/pt\/wp-json\/wp\/v2\/posts\/60703\/revisions\/60705"}],"wp:featuredmedia":[{"embeddable":true,"href":"https:\/\/tvbrazilusa.com\/pt\/wp-json\/wp\/v2\/media\/60704"}],"wp:attachment":[{"href":"https:\/\/tvbrazilusa.com\/pt\/wp-json\/wp\/v2\/media?parent=60703"}],"wp:term":[{"taxonomy":"category","embeddable":true,"href":"https:\/\/tvbrazilusa.com\/pt\/wp-json\/wp\/v2\/categories?post=60703"},{"taxonomy":"post_tag","embeddable":true,"href":"https:\/\/tvbrazilusa.com\/pt\/wp-json\/wp\/v2\/tags?post=60703"}],"curies":[{"name":"wp","href":"https:\/\/api.w.org\/{rel}","templated":true}]}}