{"id":60716,"date":"2024-11-16T19:06:38","date_gmt":"2024-11-16T19:06:38","guid":{"rendered":"https:\/\/tvbrazilusa.com\/2024\/11\/16\/projeto-que-proibe-o-uso-de-celular-nas-escolas-espera-pela-sancao-do-governador-de-sp-veja\/"},"modified":"2024-11-16T19:06:39","modified_gmt":"2024-11-16T19:06:39","slug":"projeto-que-proibe-o-uso-de-celular-nas-escolas-espera-pela-sancao-do-governador-de-sp-veja","status":"publish","type":"post","link":"https:\/\/tvbrazilusa.com\/pt\/2024\/11\/16\/projeto-que-proibe-o-uso-de-celular-nas-escolas-espera-pela-sancao-do-governador-de-sp-veja\/","title":{"rendered":"Projeto que pro\u00edbe o uso de celular nas escolas espera pela san\u00e7\u00e3o do governador de SP; veja"},"content":{"rendered":"<p> <script async src=\"https:\/\/pagead2.googlesyndication.com\/pagead\/js\/adsbygoogle.js?client=ca-pub-8864793242727901\"\r\n     crossorigin=\"anonymous\"><\/script><br \/>\n<\/p>\n<div id=\"taboola-read-more\" style=\"display:block; width:100%\">\n<p>Aprovado por unanimidade na Assembleia Legislativa de S\u00e3o Paulo (Alesp), o projeto de lei que veta o uso de celulares em escolas p\u00fablicas e privadas do estado ainda espera a san\u00e7\u00e3o do governador Tarc\u00edsio de Freitas (Republicanos) para se tornar lei.\n<\/p>\n<p>At\u00e9 o fim desta semana, o projeto ainda n\u00e3o havia chegado ao Pal\u00e1cio dos Bandeirantes, onde ser\u00e1 analisado por uma equipe t\u00e9cnica que recomendar\u00e1 a san\u00e7\u00e3o, veto completo ou veto parcial do projeto pelo governador.<\/p>\n<p>Depois que o texto \u00e9 enviado ao Pal\u00e1cio, Tarc\u00edsio tem 15 dias \u00fateis para decidir sobre o tema. Se n\u00e3o se manifestar dentro desse prazo, o projeto \u00e9 considerado sancionado e o presidente da Alesp deve promulg\u00e1-lo.\n<\/p>\n<p>Fontes ouvidas pelo Metr\u00f3poles afirmam, no entanto, que h\u00e1 interesse do governador em sancionar o projeto, tornando a cria\u00e7\u00e3o da lei uma quest\u00e3o de tempo.\n<\/p>\n<p>De autoria inicial da deputada estadual Marina Helou (Rede), o texto que pro\u00edbe o uso de celulares e outros aparelhos eletr\u00f4nicos em escolas avan\u00e7ou rapidamente na Alesp, colecionando pedidos de coautoria de outros parlamentares.\n<\/p>\n<p>A reda\u00e7\u00e3o final uniu nomes da esquerda \u00e0 direita, como a feminista Paula Nunes (PSol) e o bolsonarista Danilo Balas (PL), e foi aprovada em consenso na casa.\n<\/p>\n<p>Para a criadora da proposta, a discuss\u00e3o sobre o tema conseguiu fazer a \u201cboa pol\u00edtica\u201d, ao unir parlamentares de diferentes posicionamentos ideol\u00f3gicos em torno de um tema que coloca a crian\u00e7a e o adolescente como prioridades.\n<\/p>\n<p>\u201c\u00c9 leg\u00edtimo que as pessoas pensem diferente, mas a pol\u00edtica tinha que ser o encontro dessas diferen\u00e7as para construir solu\u00e7\u00f5es e n\u00e3o um lugar pra gente acentuar mais ainda as diferen\u00e7as. E esse foi um exemplo de um processo em que a gente usou essa prerrogativa pol\u00edtica de negociar, de construir, de conversar, colocando o interesse das crian\u00e7as e dos adolescentes em primeiro lugar\u201d, disse Marina Helou.\n<\/p>\n<p>A parlamentar afirmou que, desde o in\u00edcio, procurou ter a deputada Professora Bebel (PT), presidente do Sindicato dos Professores do Estado de S\u00e3o Paulo (Apeoesp), e o deputado Altair Moraes (Republicanos) juntos na articula\u00e7\u00e3o do projeto para ter uma \u201camplitude ideol\u00f3gica e suprapartid\u00e1ria\u201d na discuss\u00e3o.\n<\/p>\n<p>Para Marina, o projeto lida com a prote\u00e7\u00e3o das crian\u00e7as, ao permitir que elas tenham um aprendizado livre dos problemas causados pelo uso excessivo dos aparelhos.\n<\/p>\n<p>\u201cO desenvolvimento das nossas crian\u00e7as e adolescentes, a aprendizagem, a sa\u00fade mental, as compet\u00eancias socioemocionais, est\u00e3o muito prejudicadas\u201d, afirma ela, ao defender a san\u00e7\u00e3o do projeto.\n<\/p>\n<p>Pesquisadores em educa\u00e7\u00e3o tamb\u00e9m defendem o veto aos aparelhos celulares como uma forma de fortalecer a aprendizagem e a socializa\u00e7\u00e3o das crian\u00e7as nas escolas.\n<\/p>\n<p>\u201cAs pesquisas come\u00e7aram a mostrar que o celular distrai n\u00e3o s\u00f3 na sala de aula, mas tamb\u00e9m no recreio. Para uma crian\u00e7a e um adolescente \u00e9 muito importante a socializa\u00e7\u00e3o. A escola n\u00e3o serve s\u00f3 para desenvolver compet\u00eancias cognitivas numa crian\u00e7a, \u00e9 tamb\u00e9m para que ela aprenda a desenvolver um senso de colabora\u00e7\u00e3o\u201d, afirma Claudia Costin, ex-diretora Global de Educa\u00e7\u00e3o do Banco Mundial.\n<\/p>\n<p>Ela lembra que a experi\u00eancia da Prefeitura do Rio de Janeiro, que tamb\u00e9m vetou o aparelho nas escolas, tem mostrado resultados positivos.\n<\/p>\n<p>\u201cJ\u00e1 h\u00e1 algumas primeiras pesquisas mostrando que isso impactou o aprendizado de matem\u00e1tica, a concentra\u00e7\u00e3o nas aulas\u201d, afirma Costin.\n<\/p>\n<p>Pesquisadora do tema, a professora assistente da Funda\u00e7\u00e3o Getulio Vargas (FGV) T\u00e1ssia Cruz defende que, caso vire lei, o veto aos celulares seja acompanhado de campanhas de conscientiza\u00e7\u00e3o sobre os impactos do uso dos aparelhos nas escolas e de protocolos eficientes de implanta\u00e7\u00e3o da lei.\n<\/p>\n<p>Ela lembra que o estado do Rio de Janeiro tinha uma lei de 2008 proibindo o uso de aparelhos na escola, mas que o tema s\u00f3 ganhou for\u00e7a com um protocolo eficaz da capital fluminense neste ano.\n<\/p>\n<p>\u201cO sucesso dessa lei depende de uma capacidade de implementa\u00e7\u00e3o, de a secretaria desenvolver um protocolo de como as escolas deveriam agir para deixar o celular em um ambiente fora da vis\u00e3o dos estudantes, por exemplo, mas de f\u00e1cil acesso para quando o professor quiser usar pedagogicamente. A lei, por si s\u00f3, n\u00e3o \u00e9 suficiente. \u00c9 a forma de implement\u00e1-la que vai garantir o sucesso dela.\u201d\n<\/p>\n<p>Fonte: Metr\u00f3poles              <\/p>\n<\/div>\n<p><br \/>\n<br \/><a href=\"https:\/\/diariodobrasilnoticias.com.br\/noticia\/projeto-que-proibe-o-uso-de-celular-nas-escolas-espera-pela-sancao-do-governador-de-sp-veja-6738b379e7885\">Source link <\/a><\/p>","protected":false},"excerpt":{"rendered":"<p>Aprovado por unanimidade na Assembleia Legislativa de S\u00e3o Paulo (Alesp), o projeto de lei que veta o uso de celulares em escolas p\u00fablicas e privadas do estado ainda espera a&hellip;<\/p>","protected":false},"author":1,"featured_media":60717,"comment_status":"closed","ping_status":"open","sticky":false,"template":"","format":"standard","meta":{"content-type":"","footnotes":""},"categories":[16],"tags":[123,2448,5313,1267],"class_list":["post-60716","post","type-post","status-publish","format-standard","has-post-thumbnail","hentry","category-noticias","tag-brasil","tag-diario","tag-noticia","tag-noticias"],"_links":{"self":[{"href":"https:\/\/tvbrazilusa.com\/pt\/wp-json\/wp\/v2\/posts\/60716","targetHints":{"allow":["GET"]}}],"collection":[{"href":"https:\/\/tvbrazilusa.com\/pt\/wp-json\/wp\/v2\/posts"}],"about":[{"href":"https:\/\/tvbrazilusa.com\/pt\/wp-json\/wp\/v2\/types\/post"}],"author":[{"embeddable":true,"href":"https:\/\/tvbrazilusa.com\/pt\/wp-json\/wp\/v2\/users\/1"}],"replies":[{"embeddable":true,"href":"https:\/\/tvbrazilusa.com\/pt\/wp-json\/wp\/v2\/comments?post=60716"}],"version-history":[{"count":1,"href":"https:\/\/tvbrazilusa.com\/pt\/wp-json\/wp\/v2\/posts\/60716\/revisions"}],"predecessor-version":[{"id":60718,"href":"https:\/\/tvbrazilusa.com\/pt\/wp-json\/wp\/v2\/posts\/60716\/revisions\/60718"}],"wp:featuredmedia":[{"embeddable":true,"href":"https:\/\/tvbrazilusa.com\/pt\/wp-json\/wp\/v2\/media\/60717"}],"wp:attachment":[{"href":"https:\/\/tvbrazilusa.com\/pt\/wp-json\/wp\/v2\/media?parent=60716"}],"wp:term":[{"taxonomy":"category","embeddable":true,"href":"https:\/\/tvbrazilusa.com\/pt\/wp-json\/wp\/v2\/categories?post=60716"},{"taxonomy":"post_tag","embeddable":true,"href":"https:\/\/tvbrazilusa.com\/pt\/wp-json\/wp\/v2\/tags?post=60716"}],"curies":[{"name":"wp","href":"https:\/\/api.w.org\/{rel}","templated":true}]}}