{"id":6084,"date":"2023-01-06T20:30:01","date_gmt":"2023-01-06T20:30:01","guid":{"rendered":"https:\/\/tvbrazilusa.com\/2023\/01\/06\/conservadores-nao-terao-paz-paulo-figueiredo-expoe-censura-e-bloqueios-ordenados-por-moraes\/"},"modified":"2023-01-06T20:30:01","modified_gmt":"2023-01-06T20:30:01","slug":"conservadores-nao-terao-paz-paulo-figueiredo-expoe-censura-e-bloqueios-ordenados-por-moraes","status":"publish","type":"post","link":"https:\/\/tvbrazilusa.com\/pt\/2023\/01\/06\/conservadores-nao-terao-paz-paulo-figueiredo-expoe-censura-e-bloqueios-ordenados-por-moraes\/","title":{"rendered":"CONSERVADORES N\u00c3O TER\u00c3O PAZ! &#8211; Paulo Figueiredo Exp\u00f5e Censura e Bloqueios Ordenados Por Moraes"},"content":{"rendered":"<p><iframe  width=\"580\" height=\"385\" src=\"https:\/\/www.youtube.com\/embed\/MnaZg0dTv8o?modestbranding=1\" frameborder=\"0\" allowfullscreen><\/iframe><br \/>\n<br \/>Conhe\u00e7a o meu Curso &#8220;O Fim da Am\u00e9rica e do Mundo Como Conhecemos&#8221;:<\/p>\n<p>Conhe\u00e7a os meus cursos e me siga nas redes sociais: &#8211;<\/p>\n<p>Participa\u00e7\u00e3o no programa &#8220;Os Pingos nos Is&#8221;, da Jovem Pan, em 04\/01\/2023. Assista completo em: <\/p>\n<p>#euabr #euabrasil #politicaamericana #direita #california #brasil #politicaeua #acaradariqueza #bolsonaro #santabarbara #politicadireita #bolsonaro2018 #bolsonaropresidente #conservador #bolsonaropresidente2018 #mito #politica #bolsas #jairbolsonaro #reenvioparavoc\u00ea #elesim #reenviodecompras #elei\u00e7\u00f5es2018 #redirecionamento #eduardobolsonaro #liberdadedeexpressao #jornalismo #jovempan #politicainternacional #brasileirosnoseua<br \/>\n<br \/><a href=\"https:\/\/www.youtube.com\/watch?v=MnaZg0dTv8o\">source<\/a><\/p>","protected":false},"excerpt":{"rendered":"<p>Conhe\u00e7a o meu Curso &#8220;O Fim da Am\u00e9rica e do Mundo Como Conhecemos&#8221;: Conhe\u00e7a os meus cursos e me siga nas redes sociais: &#8211; Participa\u00e7\u00e3o no programa &#8220;Os Pingos nos&hellip;<\/p>","protected":false},"author":1,"featured_media":6085,"comment_status":"","ping_status":"open","sticky":false,"template":"","format":"standard","meta":{"content-type":"","footnotes":""},"categories":[18],"tags":[],"class_list":["post-6084","post","type-post","status-publish","format-standard","has-post-thumbnail","hentry","category-paulo-figueiredo"],"_links":{"self":[{"href":"https:\/\/tvbrazilusa.com\/pt\/wp-json\/wp\/v2\/posts\/6084","targetHints":{"allow":["GET"]}}],"collection":[{"href":"https:\/\/tvbrazilusa.com\/pt\/wp-json\/wp\/v2\/posts"}],"about":[{"href":"https:\/\/tvbrazilusa.com\/pt\/wp-json\/wp\/v2\/types\/post"}],"author":[{"embeddable":true,"href":"https:\/\/tvbrazilusa.com\/pt\/wp-json\/wp\/v2\/users\/1"}],"replies":[{"embeddable":true,"href":"https:\/\/tvbrazilusa.com\/pt\/wp-json\/wp\/v2\/comments?post=6084"}],"version-history":[{"count":0,"href":"https:\/\/tvbrazilusa.com\/pt\/wp-json\/wp\/v2\/posts\/6084\/revisions"}],"wp:featuredmedia":[{"embeddable":true,"href":"https:\/\/tvbrazilusa.com\/pt\/wp-json\/wp\/v2\/media\/6085"}],"wp:attachment":[{"href":"https:\/\/tvbrazilusa.com\/pt\/wp-json\/wp\/v2\/media?parent=6084"}],"wp:term":[{"taxonomy":"category","embeddable":true,"href":"https:\/\/tvbrazilusa.com\/pt\/wp-json\/wp\/v2\/categories?post=6084"},{"taxonomy":"post_tag","embeddable":true,"href":"https:\/\/tvbrazilusa.com\/pt\/wp-json\/wp\/v2\/tags?post=6084"}],"curies":[{"name":"wp","href":"https:\/\/api.w.org\/{rel}","templated":true}]}}