{"id":61152,"date":"2024-11-17T21:57:09","date_gmt":"2024-11-17T21:57:09","guid":{"rendered":"https:\/\/tvbrazilusa.com\/2024\/11\/17\/biden-anuncia-investimentos-de-mais-us-50-milhoes-no-fundo-amazonia\/"},"modified":"2024-11-17T21:57:10","modified_gmt":"2024-11-17T21:57:10","slug":"biden-anuncia-investimentos-de-mais-us-50-milhoes-no-fundo-amazonia","status":"publish","type":"post","link":"https:\/\/tvbrazilusa.com\/pt\/2024\/11\/17\/biden-anuncia-investimentos-de-mais-us-50-milhoes-no-fundo-amazonia\/","title":{"rendered":"Biden anuncia investimentos de mais US$ 50 milh\u00f5es no Fundo Amaz\u00f4nia"},"content":{"rendered":"<p> <script async src=\"https:\/\/pagead2.googlesyndication.com\/pagead\/js\/adsbygoogle.js?client=ca-pub-8864793242727901\"\r\n     crossorigin=\"anonymous\"><\/script><br \/>\n<\/p>\n<div id=\"taboola-read-more\" style=\"display:block; width:100%\">\n<p>Durante entrevista em Manaus na tarde deste domingo (17), o Presidente dos Estados Unidos, Joe Biden anunciou o investimento de US$ 50 milh\u00f5es para o Fundo da Amaz\u00f4nia.\n<\/p>\n<p>Declara\u00e7\u00e3o foi feita ap\u00f3s visita ao Museu da Amaz\u00f4nia (MUSA), onde o democrata tamb\u00e9m decretou 17 de novembro como o Dia Internacional da Conserva\u00e7\u00e3o.<\/p>\n<p>Os recursos fazem parte de uma s\u00e9rie de <a href=\"https:\/\/www.cnnbrasil.com.br\/internacional\/joe-biden-visitara-a-amazonia-e-participara-da-cupula-do-g20-no-rio-de-janeiro\/\">medidas da agenda clim\u00e1tica do presidente<\/a><\/p>\n<p>Dentre elas est\u00e1 o lan\u00e7amento da Coaliz\u00e3o Brasil de Financiamento da Restaura\u00e7\u00e3o e da Bioeconomia, que pretende mobilizar pelo menos US$ 10 bilh\u00f5es em investimentos p\u00fablicos e privados para projetos de restaura\u00e7\u00e3o at\u00e9 2030.\n<\/p>\n<p>A agenda tamb\u00e9m prev\u00ea suporte ao projeto Fundo Florestas Tropicais para Sempre \u2013 FFTS \u2013 novo fundo pioneiro de US$ 125 bilh\u00f5es.\n<\/p>\n<p>Joe Biden <a href=\"https:\/\/www.cnnbrasil.com.br\/internacional\/joe-biden-chega-ao-brasil-comitiva-norte-americana-pousa-em-manaus\/\">chegou a Manaus na tarde deste domingo<\/a>, ap\u00f3s uma passagem por Lima, no Peru, onde participou do F\u00f3rum da \u00c1sia e do Pac\u00edfico (APEC).\n<\/p>\n<p>No Amazonas, o l\u00edder <a href=\"https:\/\/www.cnnbrasil.com.br\/internacional\/biden-conhece-rio-negro-e-ve-areas-devastadas-durante-sobrevoo-em-manaus\/\">sobrevoou a Floresta Amaz\u00f4nica<\/a> e se encontrou com lideran\u00e7as ind\u00edgenas e pesquisadores no MUSA.<\/p>\n<p>CNN\u00a0              <\/p>\n<\/div>\n<p><br \/>\n<br \/><a href=\"https:\/\/diariodobrasilnoticias.com.br\/noticia\/biden-anuncia-investimentos-de-mais-us-50-milhoes-no-fundo-amazonia-673a62acdf029\">Source link <\/a><\/p>","protected":false},"excerpt":{"rendered":"<p>Durante entrevista em Manaus na tarde deste domingo (17), o Presidente dos Estados Unidos, Joe Biden anunciou o investimento de US$ 50 milh\u00f5es para o Fundo da Amaz\u00f4nia. Declara\u00e7\u00e3o foi&hellip;<\/p>","protected":false},"author":1,"featured_media":61153,"comment_status":"closed","ping_status":"open","sticky":false,"template":"","format":"standard","meta":{"content-type":"","footnotes":""},"categories":[16],"tags":[123,2448,5313,1267],"class_list":["post-61152","post","type-post","status-publish","format-standard","has-post-thumbnail","hentry","category-noticias","tag-brasil","tag-diario","tag-noticia","tag-noticias"],"_links":{"self":[{"href":"https:\/\/tvbrazilusa.com\/pt\/wp-json\/wp\/v2\/posts\/61152","targetHints":{"allow":["GET"]}}],"collection":[{"href":"https:\/\/tvbrazilusa.com\/pt\/wp-json\/wp\/v2\/posts"}],"about":[{"href":"https:\/\/tvbrazilusa.com\/pt\/wp-json\/wp\/v2\/types\/post"}],"author":[{"embeddable":true,"href":"https:\/\/tvbrazilusa.com\/pt\/wp-json\/wp\/v2\/users\/1"}],"replies":[{"embeddable":true,"href":"https:\/\/tvbrazilusa.com\/pt\/wp-json\/wp\/v2\/comments?post=61152"}],"version-history":[{"count":1,"href":"https:\/\/tvbrazilusa.com\/pt\/wp-json\/wp\/v2\/posts\/61152\/revisions"}],"predecessor-version":[{"id":61154,"href":"https:\/\/tvbrazilusa.com\/pt\/wp-json\/wp\/v2\/posts\/61152\/revisions\/61154"}],"wp:featuredmedia":[{"embeddable":true,"href":"https:\/\/tvbrazilusa.com\/pt\/wp-json\/wp\/v2\/media\/61153"}],"wp:attachment":[{"href":"https:\/\/tvbrazilusa.com\/pt\/wp-json\/wp\/v2\/media?parent=61152"}],"wp:term":[{"taxonomy":"category","embeddable":true,"href":"https:\/\/tvbrazilusa.com\/pt\/wp-json\/wp\/v2\/categories?post=61152"},{"taxonomy":"post_tag","embeddable":true,"href":"https:\/\/tvbrazilusa.com\/pt\/wp-json\/wp\/v2\/tags?post=61152"}],"curies":[{"name":"wp","href":"https:\/\/api.w.org\/{rel}","templated":true}]}}