{"id":61160,"date":"2024-11-17T22:39:31","date_gmt":"2024-11-17T22:39:31","guid":{"rendered":"https:\/\/tvbrazilusa.com\/2024\/11\/17\/bomba-juiz-argentino-que-mandou-prender-61-brasileiros-e-ligado-a-ex-presidente-alberto-fernandes-e-a-esquerda-argentina-e-ja-livrou-cristina-kirchner-da-prisao\/"},"modified":"2024-11-17T22:39:32","modified_gmt":"2024-11-17T22:39:32","slug":"bomba-juiz-argentino-que-mandou-prender-61-brasileiros-e-ligado-a-ex-presidente-alberto-fernandes-e-a-esquerda-argentina-e-ja-livrou-cristina-kirchner-da-prisao","status":"publish","type":"post","link":"https:\/\/tvbrazilusa.com\/pt\/2024\/11\/17\/bomba-juiz-argentino-que-mandou-prender-61-brasileiros-e-ligado-a-ex-presidente-alberto-fernandes-e-a-esquerda-argentina-e-ja-livrou-cristina-kirchner-da-prisao\/","title":{"rendered":"Bomba: Ju\u00edz argentino que mandou prender 61 brasileiros \u00e9 ligado a ex-presidente Alberto Fernandes e a esquerda argentina e j\u00e1 livrou Cristina Kirchner da pris\u00e3o"},"content":{"rendered":"<p> <script async src=\"https:\/\/pagead2.googlesyndication.com\/pagead\/js\/adsbygoogle.js?client=ca-pub-8864793242727901\"\r\n     crossorigin=\"anonymous\"><\/script><br \/>\n<\/p>\n<div id=\"taboola-read-more\" style=\"display:block; width:100%\">\n<p>Bomba: Ju\u00edz argentino que mandou prender 61 brasileiros \u00e9 ligado a ex-presidente Alberto Fernandes e a esquerda argentina e j\u00e1 livrou Cristina Kirchner da pris\u00e3o\n<\/p>\n<p>O juiz federal Daniel Rafecas, conhecido por decis\u00f5es que levantaram debates sobre seu alinhamento pol\u00edtico, emitiu recentemente mandados de pris\u00e3o para 61 brasileiros exilados na Argentina. Essa a\u00e7\u00e3o surge em um contexto onde Rafecas possui um hist\u00f3rico de associa\u00e7\u00e3o com a esquerda kirchnerista.<\/p>\n<p>Hist\u00f3rico Pol\u00edtico de Rafecas\n<\/p>\n<p>Daniel Rafecas se destacou no cen\u00e1rio judicial argentino por suas rela\u00e7\u00f5es com figuras pol\u00edticas de esquerda. Notavelmente, foi indicado pelo ex-presidente Alberto Fern\u00e1ndez para o cargo de Procurador Geral da Na\u00e7\u00e3o, uma indica\u00e7\u00e3o que n\u00e3o prosperou no Senado argentino. Este hist\u00f3rico pode influenciar a percep\u00e7\u00e3o de suas decis\u00f5es judiciais, especialmente em casos com repercuss\u00f5es pol\u00edticas.\n<\/p>\n<p>Decis\u00f5es Anteriores de Rafecas\n<\/p>\n<p>Rafecas ganhou notoriedade por arquivar uma den\u00fancia contra Cristina Kirchner, acusada de encobrir iranianos envolvidos no atentado \u00e0 AMIA de 1994. Essa decis\u00e3o foi amplamente discutida, com alguns vendo nela um ind\u00edcio de favoritismo pol\u00edtico, embora Rafecas tenha justificado sua decis\u00e3o com base na falta de provas s\u00f3lidas.\n<\/p>\n<p>A Decis\u00e3o de Prender os Exilados Brasileiros\n<\/p>\n<p>A emiss\u00e3o dos mandados de pris\u00e3o por Rafecas pode ser analisada sob diversas perspectivas:\n<\/p>\n<p>&#8211; **Legisla\u00e7\u00e3o Internacional**: A pris\u00e3o dos brasileiros pode ser vista como uma resposta direta ao pedido de extradi\u00e7\u00e3o do Brasil, onde Alexandre de Moraes lidera as investiga\u00e7\u00f5es relacionadas aos eventos de 8 de janeiro. A coopera\u00e7\u00e3o legal entre na\u00e7\u00f5es \u00e9 uma pr\u00e1tica comum.              <\/p>\n<\/div>\n<p><br \/>\n<br \/><a href=\"https:\/\/diariodobrasilnoticias.com.br\/noticia\/bomba-juiz-argentino-que-mandou-prender-61-brasileiros-e-ligado-a-ex-presidente-alberto-fernandes-e-a-esquerda-argentina-e-ja-livrou-cristina-kirchner-da-prisao-673a6fc52534c\">Source link <\/a><\/p>","protected":false},"excerpt":{"rendered":"<p>Bomba: Ju\u00edz argentino que mandou prender 61 brasileiros \u00e9 ligado a ex-presidente Alberto Fernandes e a esquerda argentina e j\u00e1 livrou Cristina Kirchner da pris\u00e3o O juiz federal Daniel Rafecas,&hellip;<\/p>","protected":false},"author":1,"featured_media":61161,"comment_status":"closed","ping_status":"open","sticky":false,"template":"","format":"standard","meta":{"content-type":"","footnotes":""},"categories":[16],"tags":[123,2448,5313,1267],"class_list":["post-61160","post","type-post","status-publish","format-standard","has-post-thumbnail","hentry","category-noticias","tag-brasil","tag-diario","tag-noticia","tag-noticias"],"_links":{"self":[{"href":"https:\/\/tvbrazilusa.com\/pt\/wp-json\/wp\/v2\/posts\/61160","targetHints":{"allow":["GET"]}}],"collection":[{"href":"https:\/\/tvbrazilusa.com\/pt\/wp-json\/wp\/v2\/posts"}],"about":[{"href":"https:\/\/tvbrazilusa.com\/pt\/wp-json\/wp\/v2\/types\/post"}],"author":[{"embeddable":true,"href":"https:\/\/tvbrazilusa.com\/pt\/wp-json\/wp\/v2\/users\/1"}],"replies":[{"embeddable":true,"href":"https:\/\/tvbrazilusa.com\/pt\/wp-json\/wp\/v2\/comments?post=61160"}],"version-history":[{"count":1,"href":"https:\/\/tvbrazilusa.com\/pt\/wp-json\/wp\/v2\/posts\/61160\/revisions"}],"predecessor-version":[{"id":61162,"href":"https:\/\/tvbrazilusa.com\/pt\/wp-json\/wp\/v2\/posts\/61160\/revisions\/61162"}],"wp:featuredmedia":[{"embeddable":true,"href":"https:\/\/tvbrazilusa.com\/pt\/wp-json\/wp\/v2\/media\/61161"}],"wp:attachment":[{"href":"https:\/\/tvbrazilusa.com\/pt\/wp-json\/wp\/v2\/media?parent=61160"}],"wp:term":[{"taxonomy":"category","embeddable":true,"href":"https:\/\/tvbrazilusa.com\/pt\/wp-json\/wp\/v2\/categories?post=61160"},{"taxonomy":"post_tag","embeddable":true,"href":"https:\/\/tvbrazilusa.com\/pt\/wp-json\/wp\/v2\/tags?post=61160"}],"curies":[{"name":"wp","href":"https:\/\/api.w.org\/{rel}","templated":true}]}}