{"id":61177,"date":"2024-11-15T23:14:35","date_gmt":"2024-11-15T23:14:35","guid":{"rendered":"https:\/\/tvbrazilusa.com\/2024\/11\/15\/mais-de-700-livros-removidos-das-escolas-da-florida-no-ano-passado-veja-a-lista-completa\/"},"modified":"2024-11-17T23:08:21","modified_gmt":"2024-11-17T23:08:21","slug":"mais-de-700-livros-removidos-das-escolas-da-florida-no-ano-passado-veja-a-lista-completa","status":"publish","type":"post","link":"https:\/\/tvbrazilusa.com\/pt\/2024\/11\/15\/mais-de-700-livros-removidos-das-escolas-da-florida-no-ano-passado-veja-a-lista-completa\/","title":{"rendered":"Mais de 700 livros removidos das escolas da Fl\u00f3rida no ano passado: veja a lista completa"},"content":{"rendered":"<p> <script async src=\"https:\/\/pagead2.googlesyndication.com\/pagead\/js\/adsbygoogle.js?client=ca-pub-8864793242727901\"\r\n     crossorigin=\"anonymous\"><\/script><br \/>\n<\/p>\n<div>\n<p>Isso representa um aumento de quase 400 livros em rela\u00e7\u00e3o ao ano letivo anterior de 2022-23, <a href=\"https:\/\/www.cfpublic.org\/education\/2024-11-11\/florida-list-banned-books-schools\" target=\"_blank\" rel=\"nofollow\">A m\u00eddia p\u00fablica da Fl\u00f3rida Central disse<\/a>. <\/p>\n<p>Os t\u00edtulos inclu\u00edam \u201cThe Bluest Eye\u201d de Toni Morrison, \u201cForever\u201d de Judi Blume e \u201cSlaughterhouse-Five\u201d de Kurt Vonnegut.<\/p>\n<\/div>\n<div>\n<p>Outro <a href=\"https:\/\/www.upi.com\/Top_News\/US\/2024\/11\/13\/Florida-schools-700-books-banned\/9591731524103\/\" rel=\"nofollow\" target=\"_blank\">livros removidos<\/a> das prateleiras nos distritos da Fl\u00f3rida incluem &#8220;The Handmaid&#8217;s Tale&#8221;, de Margaret Atwood, <a href=\"https:\/\/www.upi.com\/topic\/Maya_Angelou\/\" target=\"_blank\" title=\"Maya Angelou\" class=\"tpstyle\" rel=\"nofollow\">Maya Angelou<\/a>&#8220;I Know Why The Caged Bird Sings&#8221;, &#8220;Sophie&#8217;s Choice&#8221; de William Styron, &#8220;The Color Purple&#8221; de <a href=\"https:\/\/www.upi.com\/topic\/Alice_Walker\/\" target=\"_blank\" title=\"Alice Walker\" class=\"tpstyle\" rel=\"nofollow\">Alice Walker<\/a>, <a href=\"https:\/\/www.upi.com\/topic\/Ayn_Rand\/\" target=\"_blank\" title=\"Ayn Rand\" class=\"tpstyle\" rel=\"nofollow\">Ayn Rand<\/a>&#8220;Fountainhead&#8221; e v\u00e1rios t\u00edtulos de <a href=\"https:\/\/www.upi.com\/topic\/Stephen_King\/\" target=\"_blank\" title=\"Stephen King\" class=\"tpstyle\" rel=\"nofollow\">Stephen King<\/a>UPI disse.<\/p>\n<p><em>(Veja a lista completa no final desta hist\u00f3ria.)<\/em><\/p>\n<\/div>\n<div>\n<p><a href=\"https:\/\/patch.com\/florida\/sarasota\/fl-leads-u-s-book-bans-second-year-row-pen-america\"\/>\u201cMuitas delas (as escolas) removeram muitos, muitos livros, incluindo literatura cl\u00e1ssica e literatura que aparece regularmente nos exames de AP e prepara nossos alunos para cursos de n\u00edvel universit\u00e1rio. Estamos removendo todos esses livros\u201d, disse Stephana Ferrell, cofundadora do Florida Freedom to Read Project, que monitora os desafios de livros no estado. <\/p>\n<p>Sydney Booker, porta-voz do Departamento de Educa\u00e7\u00e3o do estado, disse <a href=\"https:\/\/www.washingtonpost.com\/education\/2024\/11\/13\/florida-book-ban-school-libraries\/\" rel=\"nofollow\" target=\"_blank\">O Washington Post<\/a>o palco n\u00e3o tem proibi\u00e7\u00e3o.<\/p>\n<\/div>\n<div>\n<p>\u201cN\u00e3o h\u00e1 livros proibidos na Fl\u00f3rida e materiais sexualmente expl\u00edcitos n\u00e3o pertencem \u00e0s escolas\u201d, escreveu ela em comunicado. \u201cMais uma vez, ativistas de extrema esquerda est\u00e3o empurrando a farsa da proibi\u00e7\u00e3o de livros entre os moradores da Fl\u00f3rida. A melhor quest\u00e3o \u00e9 porque \u00e9 que estes activistas continuam a lutar para expor as crian\u00e7as a materiais sexualmente expl\u00edcitos.\u201d<\/p>\n<p>As autoridades estaduais de educa\u00e7\u00e3o divulgaram a lista completa de livros removidos das escolas na esteira de um relat\u00f3rio do PEN America que mostrou que a Fl\u00f3rida liderou os EUA na proibi\u00e7\u00e3o de livros pelo segundo ano consecutivo. <\/p>\n<\/div>\n<div>\n<p>Durante o ano letivo de 2023-24, <a href=\"https:\/\/pen.org\/\" target=\"_blank\" rel=\"nofollow\">PEN Am\u00e9rica<\/a>um grupo de defesa sem fins lucrativos que trabalha para proteger a liberdade de ler, escrever e aprender, registou 10.046 casos de proibi\u00e7\u00f5es de livros envolvendo mais de 4.000 t\u00edtulos \u00fanicos em todo o pa\u00eds. <\/p>\n<p>A Fl\u00f3rida foi respons\u00e1vel por mais de 4.500 ou mais de 45% de todas as proibi\u00e7\u00f5es, disse o relat\u00f3rio. Trinta e tr\u00eas distritos escolares do estado proibiram livros durante o ano letivo.<\/p>\n<p>Mudan\u00e7as recentes na lei estadual capacitaram pais e residentes a <a href=\"https:\/\/apnews.com\/article\/entertainment-florida-ron-desantis-school-boards-libraries-da50c9c4091868e121484425d290385b\" target=\"_blank\" rel=\"nofollow\">desafio<\/a> livros da biblioteca escolar e exigiu que os distritos apresentassem um relat\u00f3rio anual ao estado detalhando quais livros foram restringidos em suas escolas. A Fl\u00f3rida continua a liderar o pa\u00eds na retirada de livros das bibliotecas escolares, de acordo com an\u00e1lises da American Library Association e do grupo de defesa PEN America.<\/p>\n<p>\u201cUma restri\u00e7\u00e3o de acesso \u00e9 uma restri\u00e7\u00e3o \u00e0 liberdade de leitura\u201d, disse Kasey Meehan, da PEN America. \u201cOs alunos perdem a capacidade de aceder a livros que reflectem as suas pr\u00f3prias experi\u00eancias vividas, de aceder a livros que os ajudam a aprender e a ter empatia com pessoas que\u2026 t\u00eam experi\u00eancias de vida diferentes.\u201d<\/p>\n<p>Muitos dos livros visados \u200b\u200bapresentam personagens LGBTQ+, discuss\u00f5es sobre g\u00eanero ou sexualidade e pessoas de cor. <\/p>\n<\/div>\n<div>\n<p>\u201cEm todos os lugares, desde Toni Morrison, Alice Walker, &#8216;Slaughterhouse-Five&#8217;, George Orwell\u201d, disse Farrell. \u201cSe voc\u00ea parar para olhar essa lista, voc\u00ea reconhecer\u00e1 que h\u00e1 um problema com\u2026 esse movimento.\u201d<\/p>\n<p><em>Esta hist\u00f3ria apresenta reportagem da Associated Press.<\/em><\/p>\n<figure data-aspectratio=\"16:9\"><iframe class=\"scribd_iframe_embed\" title=\"Florida Books Removed From Schools\" src=\"\" data-auto-height=\"false\" data-aspect-ratio=\"0.7735849056603774\" scrolling=\"no\" id=\"doc_5635\" data-aspectratio=\"16:9\" data-originalheight=\"2000\" data-originalwidth=\"100%\" data-src=\"https:\/\/www.scribd.com\/embeds\/792839606\/content?start_page=1&#038;view_mode=scroll&#038;access_key=key-YHyUlt9d38KbYYOtttHf\"><\/iframe><\/figure>\n<\/div>\n<p><br \/>\n<br \/><a href=\"http:\/\/patch.com\/florida\/sarasota\/700-books-removed-fl-schools-last-year-education-officials?utm_source=article-mostrecent&#038;utm_medium=rss&#038;utm_term=schools&#038;utm_campaign=recirc&#038;utm_content=aol\">Source link <\/a><\/p>","protected":false},"excerpt":{"rendered":"<p>Isso representa um aumento de quase 400 livros em rela\u00e7\u00e3o ao ano letivo anterior de 2022-23, A m\u00eddia p\u00fablica da Fl\u00f3rida Central disse. Os t\u00edtulos inclu\u00edam \u201cThe Bluest Eye\u201d de&hellip;<\/p>","protected":false},"author":1,"featured_media":61178,"comment_status":"closed","ping_status":"open","sticky":false,"template":"","format":"standard","meta":{"content-type":"","footnotes":""},"categories":[1],"tags":[],"class_list":["post-61177","post","type-post","status-publish","format-standard","has-post-thumbnail","hentry","category-uncategorized"],"_links":{"self":[{"href":"https:\/\/tvbrazilusa.com\/pt\/wp-json\/wp\/v2\/posts\/61177","targetHints":{"allow":["GET"]}}],"collection":[{"href":"https:\/\/tvbrazilusa.com\/pt\/wp-json\/wp\/v2\/posts"}],"about":[{"href":"https:\/\/tvbrazilusa.com\/pt\/wp-json\/wp\/v2\/types\/post"}],"author":[{"embeddable":true,"href":"https:\/\/tvbrazilusa.com\/pt\/wp-json\/wp\/v2\/users\/1"}],"replies":[{"embeddable":true,"href":"https:\/\/tvbrazilusa.com\/pt\/wp-json\/wp\/v2\/comments?post=61177"}],"version-history":[{"count":1,"href":"https:\/\/tvbrazilusa.com\/pt\/wp-json\/wp\/v2\/posts\/61177\/revisions"}],"predecessor-version":[{"id":61179,"href":"https:\/\/tvbrazilusa.com\/pt\/wp-json\/wp\/v2\/posts\/61177\/revisions\/61179"}],"wp:featuredmedia":[{"embeddable":true,"href":"https:\/\/tvbrazilusa.com\/pt\/wp-json\/wp\/v2\/media\/61178"}],"wp:attachment":[{"href":"https:\/\/tvbrazilusa.com\/pt\/wp-json\/wp\/v2\/media?parent=61177"}],"wp:term":[{"taxonomy":"category","embeddable":true,"href":"https:\/\/tvbrazilusa.com\/pt\/wp-json\/wp\/v2\/categories?post=61177"},{"taxonomy":"post_tag","embeddable":true,"href":"https:\/\/tvbrazilusa.com\/pt\/wp-json\/wp\/v2\/tags?post=61177"}],"curies":[{"name":"wp","href":"https:\/\/api.w.org\/{rel}","templated":true}]}}