{"id":61186,"date":"2024-11-17T23:25:49","date_gmt":"2024-11-17T23:25:49","guid":{"rendered":"https:\/\/tvbrazilusa.com\/2024\/11\/17\/ronaldo-quer-ser-presidente-da-cbf-e-levar-guardiola-para-selecao-diz-jornal\/"},"modified":"2024-11-17T23:25:50","modified_gmt":"2024-11-17T23:25:50","slug":"ronaldo-quer-ser-presidente-da-cbf-e-levar-guardiola-para-selecao-diz-jornal","status":"publish","type":"post","link":"https:\/\/tvbrazilusa.com\/pt\/2024\/11\/17\/ronaldo-quer-ser-presidente-da-cbf-e-levar-guardiola-para-selecao-diz-jornal\/","title":{"rendered":"Ronaldo quer ser presidente da CBF e levar Guardiola para Sele\u00e7\u00e3o, diz jornal"},"content":{"rendered":"<p> <script async src=\"https:\/\/pagead2.googlesyndication.com\/pagead\/js\/adsbygoogle.js?client=ca-pub-8864793242727901\"\r\n     crossorigin=\"anonymous\"><\/script><br \/>\n<\/p>\n<div id=\"taboola-read-more\" style=\"display:block; width:100%\">\n<p class=\"dark:base-text-neutral-high-400 base-text-[calc(theme(fontSize.xs)_*_var(--font-size,_1))] base-font-normal base-font-primary base-text-neutral-low-500 base-text-left\"><span class=\"b-article-body__text\">Ronaldo Naz\u00e1rio planeja ser presidente da CBF e contratar o t\u00e9cnico Pep Guardiola para o comando da sele\u00e7\u00e3o brasileira. A informa\u00e7\u00e3o foi publicada s\u00e1bado (16) pelo di\u00e1rio esportivo espanhol Sport e confirmada pelo Lance! O ex-atacante tem a inten\u00e7\u00e3o de concorrer \u00e0 presid\u00eancia da entidade na elei\u00e7\u00e3o do pr\u00f3ximo ano. O mandato de Ednaldo Rodrigues terminar\u00e1 em mar\u00e7o de 2026. O pleito, no entanto, acontecer\u00e1 um ano antes, em 2025, e o atual presidente pretende concorrer a reelei\u00e7\u00e3o.<\/span>\n<\/p>\n<p class=\"dark:base-text-neutral-high-400 base-text-[calc(theme(fontSize.xs)_*_var(--font-size,_1))] base-font-normal base-font-primary base-text-neutral-low-500 base-text-left\"><span class=\"b-article-body__text\">\u201cO Fen\u00f4meno, desde a \u00e9poca como jogador de futebol, foi tecendo uma rede de contatos na elite empresarial, social, pol\u00edtica e at\u00e9 nas altas esferas judiciais, que agora ir\u00e1 ativar, juntamente com seu carisma e legado como um dos melhores jogadores de futebol da hist\u00f3ria, para divulgar sua candidatura \u00e0 presid\u00eancia da CBF (Confedera\u00e7\u00e3o Brasileira de Futebol)\u201d, diz um trecho da reportagem publicada no s\u00e1bado (16) pelo di\u00e1rio Sport, que tem sede em Barcelona (Espanha), e citou o interesse de Ronaldo em contratar o t\u00e9cnico Pep Guardiola, cujo v\u00ednculo com o Manchester City terminar\u00e1 ano que vem.<\/span><\/p>\n<p>\u00a0<\/p>\n<p class=\"dark:base-text-neutral-high-400 base-text-[calc(theme(fontSize.xs)_*_var(--font-size,_1))] base-font-normal base-font-primary base-text-neutral-low-500 base-text-left\"><span class=\"b-article-body__text\">Ronaldo atualmente \u00e9 dono do Valladolid, da Espanha, foi propriet\u00e1rio da SAF do Cruzeiro, at\u00e9 este ano, e nunca escondeu o desejo de colaborar com a gest\u00e3o da CBF. Em 2022, ap\u00f3s o Brasil ser eliminado pela Cro\u00e1cia na Copa do Mundo do Qatar, ele convocou uma entrevista em um hotel em Doha, onde se colocou \u00e0 disposi\u00e7\u00e3o da confedera\u00e7\u00e3o brasileira para ajudar no que fosse preciso. Anteriormente, em 2012, em entrevista ao jornalista Fernando Rodrigues, o Fen\u00f4meno disse que queria, um dia, ser presidente da CBF.<\/span>\n<\/p>\n<p class=\"dark:base-text-neutral-high-400 base-text-[calc(theme(fontSize.xs)_*_var(--font-size,_1))] base-font-normal base-font-primary base-text-neutral-low-500 base-text-left\"><span class=\"b-article-body__text\">Procurada pelo\u00a0Lance!\u00a0a assessoria de Comunica\u00e7\u00e3o de Ronaldo respondeu que n\u00e3o vai comentar o assunto.<\/span>\n<\/p>\n<h3 class=\"dark:base-text-neutral-high-400 base-text-md base-font-semibold base-font-primary base-text-neutral-low-500\">Ronaldo precisaria vencer cl\u00e1usula de barreira<\/h3>\n<p class=\"dark:base-text-neutral-high-400 base-text-[calc(theme(fontSize.xs)_*_var(--font-size,_1))] base-font-normal base-font-primary base-text-neutral-low-500 base-text-left\"><span class=\"b-article-body__text\">Caso leve adiante o interesse em concorrer \u00e0 presid\u00eancia da CBF, Ronaldo Naz\u00e1rio precisar\u00e1 superar duas barreiras importantes para ter chance de sucesso na empreitada.<\/span>\n<\/p>\n<p class=\"dark:base-text-neutral-high-400 base-text-[calc(theme(fontSize.xs)_*_var(--font-size,_1))] base-font-normal base-font-primary base-text-neutral-low-500 base-text-left\"><span class=\"b-article-body__text\">A primeira \u00e9 conseguir o apoio por escrito de quatro federa\u00e7\u00f5es estaduais e de quatro clubes das s\u00e9ries A e\/ou B para inscrever uma chapa. Caso consiga, depois precisar\u00e1 convencer o col\u00e9gio eleitoral a votar em maior n\u00famero na candidatura dele.<\/span>\n<\/p>\n<p class=\"dark:base-text-neutral-high-400 base-text-[calc(theme(fontSize.xs)_*_var(--font-size,_1))] base-font-normal base-font-primary base-text-neutral-low-500 base-text-left\"><span class=\"b-article-body__text\">Ocorre que o col\u00e9gio eleitoral, formado pelas 27 federa\u00e7\u00f5es estaduais e pelos 40 clubes das duas principais divis\u00f5es do futebol brasileiro, tem pesos diferentes de votos: os de cartolas de federa\u00e7\u00f5es valem 3 pontos, cada; os 20 clubes da S\u00e9rie A t\u00eam peso 2, cada; e os da S\u00e9rie B, peso 1, cada. Com essas regras, nenhum candidato se elege sem apoio de boa parte das federa\u00e7\u00f5es estaduais.<\/span>\n<\/p>\n<p class=\"dark:base-text-neutral-high-400 base-text-[calc(theme(fontSize.xs)_*_var(--font-size,_1))] base-font-normal base-font-primary base-text-neutral-low-500 base-text-left\"><span class=\"b-article-body__text\">No \u00faltimo dia 8 deste m\u00eas, a CBF alterou o estatuto, em decis\u00e3o un\u00e2nime das 27 federa\u00e7\u00f5es estaduais filiadas. Todas acataram o desejo de Ednaldo Rodrigues de ampliar para tr\u00eas o n\u00famero m\u00e1ximo de mandatos de um presidente na entidade. Ao final do encontro, alguns dos cartolas manifestaram o desejo de votar novamente em Ednaldo no pleito do pr\u00f3ximo ano.<\/span>\n<\/p>\n<p class=\"dark:base-text-neutral-high-400 base-text-[calc(theme(fontSize.xs)_*_var(--font-size,_1))] base-font-normal base-font-primary base-text-neutral-low-500 base-text-left\"><span class=\"b-article-body__text\">R7\u00a0<\/span>              <\/p>\n<\/div>\n<p><br \/>\n<br \/><a href=\"https:\/\/diariodobrasilnoticias.com.br\/noticia\/ronaldo-quer-ser-presidente-da-cbf-e-levar-guardiola-para-selecao-diz-jornal-673a788e9c560\">Source link <\/a><\/p>","protected":false},"excerpt":{"rendered":"<p>Ronaldo Naz\u00e1rio planeja ser presidente da CBF e contratar o t\u00e9cnico Pep Guardiola para o comando da sele\u00e7\u00e3o brasileira. A informa\u00e7\u00e3o foi publicada s\u00e1bado (16) pelo di\u00e1rio esportivo espanhol Sport&hellip;<\/p>","protected":false},"author":1,"featured_media":61187,"comment_status":"closed","ping_status":"open","sticky":false,"template":"","format":"standard","meta":{"content-type":"","footnotes":""},"categories":[16],"tags":[123,2448,5313,1267],"class_list":["post-61186","post","type-post","status-publish","format-standard","has-post-thumbnail","hentry","category-noticias","tag-brasil","tag-diario","tag-noticia","tag-noticias"],"_links":{"self":[{"href":"https:\/\/tvbrazilusa.com\/pt\/wp-json\/wp\/v2\/posts\/61186","targetHints":{"allow":["GET"]}}],"collection":[{"href":"https:\/\/tvbrazilusa.com\/pt\/wp-json\/wp\/v2\/posts"}],"about":[{"href":"https:\/\/tvbrazilusa.com\/pt\/wp-json\/wp\/v2\/types\/post"}],"author":[{"embeddable":true,"href":"https:\/\/tvbrazilusa.com\/pt\/wp-json\/wp\/v2\/users\/1"}],"replies":[{"embeddable":true,"href":"https:\/\/tvbrazilusa.com\/pt\/wp-json\/wp\/v2\/comments?post=61186"}],"version-history":[{"count":1,"href":"https:\/\/tvbrazilusa.com\/pt\/wp-json\/wp\/v2\/posts\/61186\/revisions"}],"predecessor-version":[{"id":61188,"href":"https:\/\/tvbrazilusa.com\/pt\/wp-json\/wp\/v2\/posts\/61186\/revisions\/61188"}],"wp:featuredmedia":[{"embeddable":true,"href":"https:\/\/tvbrazilusa.com\/pt\/wp-json\/wp\/v2\/media\/61187"}],"wp:attachment":[{"href":"https:\/\/tvbrazilusa.com\/pt\/wp-json\/wp\/v2\/media?parent=61186"}],"wp:term":[{"taxonomy":"category","embeddable":true,"href":"https:\/\/tvbrazilusa.com\/pt\/wp-json\/wp\/v2\/categories?post=61186"},{"taxonomy":"post_tag","embeddable":true,"href":"https:\/\/tvbrazilusa.com\/pt\/wp-json\/wp\/v2\/tags?post=61186"}],"curies":[{"name":"wp","href":"https:\/\/api.w.org\/{rel}","templated":true}]}}