{"id":61198,"date":"2024-11-17T23:35:19","date_gmt":"2024-11-17T23:35:19","guid":{"rendered":"https:\/\/tvbrazilusa.com\/2024\/11\/17\/dezenas-de-pessoas-adoeceram-e-1-pessoa-morreu-apos-comer-cenouras-contaminadas-com-e-coli\/"},"modified":"2024-11-17T23:45:38","modified_gmt":"2024-11-17T23:45:38","slug":"dezenas-de-pessoas-adoeceram-e-1-pessoa-morreu-apos-comer-cenouras-contaminadas-com-e-coli","status":"publish","type":"post","link":"https:\/\/tvbrazilusa.com\/pt\/2024\/11\/17\/dezenas-de-pessoas-adoeceram-e-1-pessoa-morreu-apos-comer-cenouras-contaminadas-com-e-coli\/","title":{"rendered":"Dezenas de pessoas adoeceram e 1 pessoa morreu ap\u00f3s comer cenouras contaminadas com E. coli"},"content":{"rendered":"<p> <script async src=\"https:\/\/pagead2.googlesyndication.com\/pagead\/js\/adsbygoogle.js?client=ca-pub-8864793242727901\"\r\n     crossorigin=\"anonymous\"><\/script><br \/>\n<\/p>\n<div id=\"\">\n<header class=\"m-article-header m-article-header--standard\">\n\t\t\t\t\t\t\t\t\t\t\t\t<span id=\"article-header-primary-term\"><br \/>\n\t\t\t\t\t\t\t\t<a class=\"a-term a-term--primary\" href=\"https:\/\/www.boston.com\/tag\/health\/\"><\/p>\n<p>\t\t\t\t\t\t\t\tSa\u00fade\t\t\t\t\t\t\t\t<\/a><br \/>\n\t\t\t\t\t\t\t<\/span><\/p>\n<h2 class=\"m-article-header__sub-headline\"\/>\n<figure class=\"a-photo m-article-header__photo\"><figcaption class=\"a-photo__caption\">\n<p>\tCenoura no mercado central coberto de Atenas, capital da Gr\u00e9cia, em 12 de janeiro de 2023.<em> Foto de MARTIN BERTRAND\/Hans Lucas\/AFP via Getty Images<\/em>\t<\/figcaption><\/figure>\n<\/header>\n<p>NOVA IORQUE (AP) \u2013 Um surto de E. coli <a href=\"https:\/\/www.boston.com\/tag\/health\/\">infectou dezenas de pessoas<\/a> que comeram cenouras org\u00e2nicas ensacadas e uma pessoa morreu devido \u00e0 infec\u00e7\u00e3o.<\/p>\n<p>Ao todo, 39 pessoas foram infectadas e 15 foram hospitalizadas em 18 estados depois de comer cenouras org\u00e2nicas inteiras e baby cenouras vendidas pela Grimmway Farms, disseram os Centros federais de Controle e Preven\u00e7\u00e3o de Doen\u00e7as no domingo.<\/p>\n<p>A Grimmway Farms, com sede em Bakersfiled, Calif\u00f3rnia, fez o recall das cenouras, que inclu\u00edam cenouras org\u00e2nicas inteiras e infantis vendidas em sacos sob v\u00e1rias marcas, incluindo 365, Cal-Organic, Nature&#8217;s Promise, O-Organics, Trader Joe&#8217;s e Wegmans, entre outras.<\/p>\n<p>As cenouras n\u00e3o est\u00e3o mais nas lojas, mas o CDC est\u00e1 alertando os consumidores para n\u00e3o comerem cenouras ensacadas e para verificarem suas geladeiras ou freezers e jogarem fora quaisquer cenouras que se enquadrem na descri\u00e7\u00e3o. A maioria das pessoas infectadas vive em Nova York, Minnesota e Washington, seguidas pela Calif\u00f3rnia e Oregon, embora tenham sido relatadas infec\u00e7\u00f5es em estados de todo o pa\u00eds, de acordo com o CDC.<\/p>\n<p>Houve v\u00e1rios surtos de E. coli nos \u00faltimos meses. Em Outubro, mais de 100 clientes do McDonald&#8217;s ficaram doentes devido a um surto de E. coli nos EUA, ligado a cebolas lascadas. No Reino Unido, uma pessoa morreu num surto de E. coli em Junho, ligado \u00e0 alface, que deixou pelo menos 275 pessoas doentes. As nozes org\u00e2nicas adoeceram os consumidores em 19 estados com infec\u00e7\u00f5es por E. coli em abril.<\/p>\n<p>Apesar do n\u00famero de surtos recentes, os especialistas dizem que o abastecimento de alimentos \u00e9 geralmente seguro, embora n\u00e3o tenha havido muito progresso na conten\u00e7\u00e3o de infec\u00e7\u00f5es causadas por E. coli.<\/p>\n<p>As minicenouras org\u00e2nicas recolhidas t\u00eam datas de validade que variam de 11 de setembro a 12 de novembro, de acordo com a Food and Drug Administration dos EUA.<\/p>\n<p>Os sintomas da infec\u00e7\u00e3o por E. coli geralmente come\u00e7am tr\u00eas a quatro dias ap\u00f3s a ingest\u00e3o da bact\u00e9ria e incluem c\u00f3licas estomacais intensas, diarreia, que geralmente \u00e9 sanguinolenta, e v\u00f4mitos. Pessoas com sintomas graves de infec\u00e7\u00e3o por E. coli devem procurar atendimento m\u00e9dico e informar ao m\u00e9dico o que comeram, disse o CDC.<\/p>\n<p>A bact\u00e9ria E. coli pode causar infec\u00e7\u00f5es graves e \u00e0s vezes fatais em crian\u00e7as pequenas, idosos e pessoas com sistema imunol\u00f3gico enfraquecido, de acordo com o FDA.<\/p>\n<div class=\"m-block m-generic-cta\t m-generic-cta--post-content\t m-generic-cta--dark\t m-generic-cta--homepage\t m-generic-cta--email-signup\t\t m-generic-cta-block-style--default \tt-amp__generic-cta\"><\/p>\n<div class=\"m-generic-cta__wrap\">\n<div class=\"m-generic-cta__content\">\n<h3 class=\"m-generic-cta__title\">Boston.com hoje<\/h3>\n<p class=\"m-generic-cta__subtitle\">Inscreva-se para receber as \u00faltimas manchetes em sua caixa de entrada todas as manh\u00e3s.<\/p>\n<\/p><\/div>\n<\/p><\/div>\n<\/div><\/div>\n<p><script>\n\t\tvar consent=\"grant\";\n\t\t\/* The above code is parsing the JSON data from the local storage and storing it in a variable. *\/\n\t\t\t\t\tconst onetrustStorageConsent = JSON.parse(localStorage.getItem( 'consent_one_trust_bdc' ) );\n\t\t\tif ( ( onetrustStorageConsent !== null ) ) {\n\t\t\t\t\/* Checking to see if the user has consented to the use of cookies.\n\t\t\t\t* If they have not, it is deleting the cookie.\n\t\t\t\t* This will comment for now, until further notice.\n\t\t\t\t*\/\n\t\t\t\t\/\/if ( onetrustStorageConsent.C0002 === false ) {\n\t\t\t\t\/\/\tdocument.cookie=\"_fbp=;expires=Thu, 01 Jan 2010 00:00:00 UTC; path=\/; domain=.boston.com\";\n\t\t\t\t\/\/}\n\t\t\t\t\/* Checking if the user has given consent for the cookie C0002.\n\t\t\t\t* If the user has given consent, the variable consent will be set to 'grant'.\n\t\t\t\t* If the user has not given consent,the variable consent will be set to 'revoke'.\n\t\t\t\t* Documentation https:\/\/developers.facebook.com\/docs\/meta-pixel\/implementation\/gdpr\n\t\t\t\t*\/\n\t\t\t\tif ( onetrustStorageConsent.C0002 !== true ) {\n\t\t\t\t\tconsent=\"revoke\";\n\t\t\t\t}\n\t\t\t}\n\t\t\t\t!function(f,b,e,v,n,t,s)\n\t\t{if(f.fbq)return;n=f.fbq=function(){n.callMethod?\n\t\tn.callMethod.apply(n,arguments):n.queue.push(arguments)};\n\t\tif(!f._fbq)f._fbq=n;n.push=n;n.loaded=!0;n.version='2.0';\n\t\tn.queue=[];t=b.createElement(e);t.async=!0;\n\t\tt.src=v;s=b.getElementsByTagName(e)[0];\n\t\ts.parentNode.insertBefore(t,s)}(window, document,'script',\n\t\t'https:\/\/connect.facebook.net\/en_US\/fbevents.js');\n\t\tfbq('consent', consent);\n\t\tfbq('init', '989222871864976');\n\t\tfbq('track', 'PageView');\n\t<\/script><script type=\"module\">\n\t\tvar consent=\"grant\";\n\t\t\/* The above code is parsing the JSON data from the local storage and storing it in a variable. *\/\n\t\t\tconst onetrustStorageConsent = JSON.parse(localStorage.getItem( 'consent_one_trust_bdc' ) );\n\t\t\t\/* Checking to see if the user has consented to the use of cookies.\n\t\t\t* If they have not, it is deleting the cookie.\n\t\t\t* This will comment for now, until further notice.\n\t\t\t*\/\n\t\t\t\/\/if ( onetrustStorageConsent.C0002 === false ) {\n\t\t\t\/\/\tdocument.cookie=\"_fbp=;expires=Thu, 01 Jan 2010 00:00:00 UTC; path=\/; domain=.boston.com\";\n\t\t\t\/\/}\n\t\t\t\/* Checking if the user has given consent for the cookie C0002.\n\t\t\t* If the user has given consent, the variable consent will be set to 'grant'.\n\t\t\t* If the user has not given consent,the variable consent will be set to 'revoke'.\n\t\t\t* Documentation https:\/\/developers.facebook.com\/docs\/meta-pixel\/implementation\/gdpr\n\t\t\t*\/\n\t\t\tif ( ( onetrustStorageConsent !== null ) && (onetrustStorageConsent.C0002 !== true ) ) {\n\t\t\t\tconsent=\"revoke\";\n\t\t\t}\n\t\t\t\t!function(f,b,e,v,n,t,s){if(f.fbq)return;n=f.fbq=function()\n\t\t{n.callMethod? n.callMethod.apply(n,arguments):n.queue.push(arguments)}\n\t\t;if(!f._fbq)f._fbq=n;\n\t\tn.push=n;n.loaded=!0;n.version='2.0';n.queue=[];t=b.createElement(e);t.async=!0;\n\t\tt.src=v;s=b.getElementsByTagName(e)[0];s.parentNode.insertBefore(t,s)}(window,\n\t\tdocument,'script','https:\/\/connect.facebook.net\/en_US\/fbevents.js');\n\t\tfbq('consent', consent);\n\t\tfbq('init', '813236348753005');\n\t\tfbq('track', \"PageView\");\n\t<\/script><br \/>\n<br \/><br \/>\n<br \/><a href=\"https:\/\/www.boston.com\/news\/health\/2024\/11\/17\/dozens-are-sickened-and-1-person-died-after-eating-carrots-contaminated-with-e-coli\/\">Source link <\/a><\/p>","protected":false},"excerpt":{"rendered":"<p>Sa\u00fade Cenoura no mercado central coberto de Atenas, capital da Gr\u00e9cia, em 12 de janeiro de 2023. Foto de MARTIN BERTRAND\/Hans Lucas\/AFP via Getty Images NOVA IORQUE (AP) \u2013 Um&hellip;<\/p>","protected":false},"author":1,"featured_media":61199,"comment_status":"closed","ping_status":"open","sticky":false,"template":"","format":"standard","meta":{"content-type":"","footnotes":""},"categories":[1],"tags":[],"class_list":["post-61198","post","type-post","status-publish","format-standard","has-post-thumbnail","hentry","category-uncategorized"],"_links":{"self":[{"href":"https:\/\/tvbrazilusa.com\/pt\/wp-json\/wp\/v2\/posts\/61198","targetHints":{"allow":["GET"]}}],"collection":[{"href":"https:\/\/tvbrazilusa.com\/pt\/wp-json\/wp\/v2\/posts"}],"about":[{"href":"https:\/\/tvbrazilusa.com\/pt\/wp-json\/wp\/v2\/types\/post"}],"author":[{"embeddable":true,"href":"https:\/\/tvbrazilusa.com\/pt\/wp-json\/wp\/v2\/users\/1"}],"replies":[{"embeddable":true,"href":"https:\/\/tvbrazilusa.com\/pt\/wp-json\/wp\/v2\/comments?post=61198"}],"version-history":[{"count":1,"href":"https:\/\/tvbrazilusa.com\/pt\/wp-json\/wp\/v2\/posts\/61198\/revisions"}],"predecessor-version":[{"id":61200,"href":"https:\/\/tvbrazilusa.com\/pt\/wp-json\/wp\/v2\/posts\/61198\/revisions\/61200"}],"wp:featuredmedia":[{"embeddable":true,"href":"https:\/\/tvbrazilusa.com\/pt\/wp-json\/wp\/v2\/media\/61199"}],"wp:attachment":[{"href":"https:\/\/tvbrazilusa.com\/pt\/wp-json\/wp\/v2\/media?parent=61198"}],"wp:term":[{"taxonomy":"category","embeddable":true,"href":"https:\/\/tvbrazilusa.com\/pt\/wp-json\/wp\/v2\/categories?post=61198"},{"taxonomy":"post_tag","embeddable":true,"href":"https:\/\/tvbrazilusa.com\/pt\/wp-json\/wp\/v2\/tags?post=61198"}],"curies":[{"name":"wp","href":"https:\/\/api.w.org\/{rel}","templated":true}]}}