{"id":61213,"date":"2024-11-18T00:04:40","date_gmt":"2024-11-18T00:04:40","guid":{"rendered":"https:\/\/tvbrazilusa.com\/2024\/11\/18\/drake-maye-se-responsabilizou-pela-interceptacao-no-4o-quarto-na-derrota-dos-patriots\/"},"modified":"2024-11-18T00:18:53","modified_gmt":"2024-11-18T00:18:53","slug":"drake-maye-se-responsabilizou-pela-interceptacao-no-4o-quarto-na-derrota-dos-patriots","status":"publish","type":"post","link":"https:\/\/tvbrazilusa.com\/pt\/2024\/11\/18\/drake-maye-se-responsabilizou-pela-interceptacao-no-4o-quarto-na-derrota-dos-patriots\/","title":{"rendered":"Drake Maye se responsabilizou pela intercepta\u00e7\u00e3o no 4\u00ba quarto na derrota dos Patriots"},"content":{"rendered":"<p> <script async src=\"https:\/\/pagead2.googlesyndication.com\/pagead\/js\/adsbygoogle.js?client=ca-pub-8864793242727901\"\r\n     crossorigin=\"anonymous\"><\/script><br \/>\n<\/p>\n<div id=\"\">\n<header class=\"m-article-header m-article-header--standard\">\n\t\t\t\t\t\t\t\t\t\t\t\t<span id=\"article-header-primary-term\"><br \/>\n\t\t\t\t\t\t\t\t<a class=\"a-term a-term--primary\" href=\"https:\/\/www.boston.com\/tag\/new-england-patriots\/\"><\/p>\n<p>\t\t\t\t\t\t\t\tPatriotas\t\t\t\t\t\t\t\t<\/a><br \/>\n\t\t\t\t\t\t\t<\/span><\/p>\n<h2 class=\"m-article-header__sub-headline\">&#8220;Acho que Pop fez a coisa certa.&#8221;<\/h2>\n<figure class=\"a-photo m-article-header__photo\"><figcaption class=\"a-photo__caption\">\n<p>\tDrake Maye durante o jogo Patriots-Rams.<em> AP Foto\/Steven Senne<\/em>\t<\/figcaption><\/figure>\n<\/header>\n<p>Embora seu t\u00e9cnico e companheiro de equipe tenham dito que a intercepta\u00e7\u00e3o no final do jogo foi uma \u201c<a href=\"https:\/\/www.youtube.com\/live\/XMEfjfGtOBM?si=4RRtPBlyKkiop7Za\">falha de comunica\u00e7\u00e3o<\/a>\u201d, quarterback do Patriots <a href=\"https:\/\/www.boston.com\/tag\/drake-maye\/\">Drake Maye<\/a> discordou.<\/p>\n<p>O novato colocou a culpa pelo erro cr\u00edtico em seus pr\u00f3prios ombros. Perguntado depois do <a href=\"https:\/\/www.boston.com\/sports\/new-england-patriots\/2024\/11\/17\/patriots-vs-rams-live-updates-score-blog-drake-maye-jerod-mayo\/?p1=hp_primary\">28-22<\/a> derrota para os Rams sobre a virada no lance final dos Patriots, Maye defendeu seu recebedor na jogada, DeMario Douglas.<\/p>\n<p>\u201cSim, foi um dois altos [safety] olhe e pop [DeMario Douglas]est\u00e1 no meio, e eles s\u00e3o muito bons na frente, correndo cinco\u201d, Maye <a href=\"https:\/\/www.patriots.com\/news\/new-england-patriots-postgame-quotes-11-17-x8822\">disse<\/a> da abordagem defensiva dos Rams. \u201cEu tentei colocar isso neles e acert\u00e1-los no linebacker, e Pop estava provavelmente pensando profundamente, mas no final do dia, s\u00f3 consegui estar na mesma p\u00e1gina, e acho que Pop fez a coisa certa coisa, eu acho, \u00e9 apenas conversar atrav\u00e9s de mais conversas. <\/p>\n<p>\u201cS\u00f3 volta para mim durante a semana fazendo mais, conversando sobre situa\u00e7\u00f5es diferentes, ei, posso colocar essa em voc\u00ea em vez de deix\u00e1-la rasgar. \u00c9 isso\u201d, concluiu o quarterback de 22 anos.<\/p>\n<p>Foi um resultado decepcionante para Maye e New England, n\u00e3o apenas do ponto de vista da pontua\u00e7\u00e3o final, mas de uma no\u00e7\u00e3o mais ampla do desenvolvimento cont\u00ednuo do novato. Em termos gerais, Maye gerou outra sa\u00edda s\u00f3lida para um jogador do primeiro ano. Ele terminou o jogo com 30 de 40 para 282 jardas e dois touchdowns.<\/p>\n<p>Mesmo assim, ele tamb\u00e9m foi respons\u00e1vel por duas viradas, incluindo a intercepta\u00e7\u00e3o no final do jogo.<\/p>\n<p>Solicitado a avaliar seu desempenho no domingo, Maye disse que precisava priorizar a paci\u00eancia no jogo de passes.<\/p>\n<p>\u201cSim, acho que esta semana estou apenas lutando para ser um passador\u201d, disse ele. \u201cAcho que n\u00e3o sair t\u00e3o cedo e apenas dobrar a bola, ser um misturador, jogar a bola no campo, e teremos bons jogadores no campo, apenas tomando decis\u00f5es e apenas a \u00faltima intercepta\u00e7\u00e3o.\u201d<\/p>\n<p>No geral, ele continua otimista quanto ao crescimento ofensivo de seu (e de sua equipe).<\/p>\n<p>\u201cMas acho que semana ap\u00f3s semana estamos melhorando\u201d, disse Maye. \u201cOrgulho dos caras da frente por lutarem, e hoje conseguimos dirigir o futebol muito bem. Apenas algumas coisas, acho que l\u00e1 na zona vermelha temos que capitalizar.\u201d<\/p>\n<p>Os Patriots terminaram com um total de 382 jardas de ataque, o melhor da temporada, no domingo, embora a defesa tenha permitido um total de 402 jardas (sua terceira vez permitindo mais de 400 jardas totais em um jogo na temporada de 2024).<\/p>\n<div class=\"o-author-single no-avatar\">\n<header class=\"m-author-card\">\n<\/header>\n<section class=\"author-info\">\n<hr class=\"m-author__section--hr\"\/>\n<div class=\"m-author__section\">\n<p>Hayden Bird \u00e9 redator de esportes do Boston.com, onde trabalha desde 2016. Ele cobre todos os assuntos esportivos na Nova Inglaterra.<\/p>\n<\/div>\n<hr class=\"m-author__section--hr\"\/>\t<\/section>\n<\/div>\n<div class=\"m-block m-generic-cta\t m-generic-cta--post-content\t m-generic-cta--dark\t m-generic-cta--homepage\t m-generic-cta--email-signup\t\t m-generic-cta-block-style--default \tt-amp__generic-cta\"><\/p>\n<div class=\"m-generic-cta__wrap\">\n<div class=\"m-generic-cta__content\">\n<h3 class=\"m-generic-cta__title\">Inscreva-se para receber atualiza\u00e7\u00f5es do Patriots\ud83c\udfc8<\/h3>\n<p class=\"m-generic-cta__subtitle\">Receba as \u00faltimas not\u00edcias e an\u00e1lises em sua caixa de entrada durante a temporada de futebol.<\/p>\n<\/p><\/div>\n<\/p><\/div>\n<\/div><\/div>\n<p><script>\n\t\tvar consent=\"grant\";\n\t\t\/* The above code is parsing the JSON data from the local storage and storing it in a variable. *\/\n\t\t\t\t\tconst onetrustStorageConsent = JSON.parse(localStorage.getItem( 'consent_one_trust_bdc' ) );\n\t\t\tif ( ( onetrustStorageConsent !== null ) ) {\n\t\t\t\t\/* Checking to see if the user has consented to the use of cookies.\n\t\t\t\t* If they have not, it is deleting the cookie.\n\t\t\t\t* This will comment for now, until further notice.\n\t\t\t\t*\/\n\t\t\t\t\/\/if ( onetrustStorageConsent.C0002 === false ) {\n\t\t\t\t\/\/\tdocument.cookie=\"_fbp=;expires=Thu, 01 Jan 2010 00:00:00 UTC; path=\/; domain=.boston.com\";\n\t\t\t\t\/\/}\n\t\t\t\t\/* Checking if the user has given consent for the cookie C0002.\n\t\t\t\t* If the user has given consent, the variable consent will be set to 'grant'.\n\t\t\t\t* If the user has not given consent,the variable consent will be set to 'revoke'.\n\t\t\t\t* Documentation https:\/\/developers.facebook.com\/docs\/meta-pixel\/implementation\/gdpr\n\t\t\t\t*\/\n\t\t\t\tif ( onetrustStorageConsent.C0002 !== true ) {\n\t\t\t\t\tconsent=\"revoke\";\n\t\t\t\t}\n\t\t\t}\n\t\t\t\t!function(f,b,e,v,n,t,s)\n\t\t{if(f.fbq)return;n=f.fbq=function(){n.callMethod?\n\t\tn.callMethod.apply(n,arguments):n.queue.push(arguments)};\n\t\tif(!f._fbq)f._fbq=n;n.push=n;n.loaded=!0;n.version='2.0';\n\t\tn.queue=[];t=b.createElement(e);t.async=!0;\n\t\tt.src=v;s=b.getElementsByTagName(e)[0];\n\t\ts.parentNode.insertBefore(t,s)}(window, document,'script',\n\t\t'https:\/\/connect.facebook.net\/en_US\/fbevents.js');\n\t\tfbq('consent', consent);\n\t\tfbq('init', '989222871864976');\n\t\tfbq('track', 'PageView');\n\t<\/script><script type=\"module\">\n\t\tvar consent=\"grant\";\n\t\t\/* The above code is parsing the JSON data from the local storage and storing it in a variable. *\/\n\t\t\tconst onetrustStorageConsent = JSON.parse(localStorage.getItem( 'consent_one_trust_bdc' ) );\n\t\t\t\/* Checking to see if the user has consented to the use of cookies.\n\t\t\t* If they have not, it is deleting the cookie.\n\t\t\t* This will comment for now, until further notice.\n\t\t\t*\/\n\t\t\t\/\/if ( onetrustStorageConsent.C0002 === false ) {\n\t\t\t\/\/\tdocument.cookie=\"_fbp=;expires=Thu, 01 Jan 2010 00:00:00 UTC; path=\/; domain=.boston.com\";\n\t\t\t\/\/}\n\t\t\t\/* Checking if the user has given consent for the cookie C0002.\n\t\t\t* If the user has given consent, the variable consent will be set to 'grant'.\n\t\t\t* If the user has not given consent,the variable consent will be set to 'revoke'.\n\t\t\t* Documentation https:\/\/developers.facebook.com\/docs\/meta-pixel\/implementation\/gdpr\n\t\t\t*\/\n\t\t\tif ( ( onetrustStorageConsent !== null ) && (onetrustStorageConsent.C0002 !== true ) ) {\n\t\t\t\tconsent=\"revoke\";\n\t\t\t}\n\t\t\t\t!function(f,b,e,v,n,t,s){if(f.fbq)return;n=f.fbq=function()\n\t\t{n.callMethod? n.callMethod.apply(n,arguments):n.queue.push(arguments)}\n\t\t;if(!f._fbq)f._fbq=n;\n\t\tn.push=n;n.loaded=!0;n.version='2.0';n.queue=[];t=b.createElement(e);t.async=!0;\n\t\tt.src=v;s=b.getElementsByTagName(e)[0];s.parentNode.insertBefore(t,s)}(window,\n\t\tdocument,'script','https:\/\/connect.facebook.net\/en_US\/fbevents.js');\n\t\tfbq('consent', consent);\n\t\tfbq('init', '813236348753005');\n\t\tfbq('track', \"PageView\");\n\t<\/script><br \/>\n<br \/><br \/>\n<br \/><a href=\"https:\/\/www.boston.com\/sports\/new-england-patriots\/2024\/11\/17\/drake-maye-patriots-interception-comments-rams\/\">Source link <\/a><\/p>","protected":false},"excerpt":{"rendered":"<p>Patriotas &#8220;Acho que Pop fez a coisa certa.&#8221; Drake Maye durante o jogo Patriots-Rams. AP Foto\/Steven Senne Embora seu t\u00e9cnico e companheiro de equipe tenham dito que a intercepta\u00e7\u00e3o no&hellip;<\/p>","protected":false},"author":1,"featured_media":61214,"comment_status":"closed","ping_status":"open","sticky":false,"template":"","format":"standard","meta":{"content-type":"","footnotes":""},"categories":[1],"tags":[],"class_list":["post-61213","post","type-post","status-publish","format-standard","has-post-thumbnail","hentry","category-uncategorized"],"_links":{"self":[{"href":"https:\/\/tvbrazilusa.com\/pt\/wp-json\/wp\/v2\/posts\/61213","targetHints":{"allow":["GET"]}}],"collection":[{"href":"https:\/\/tvbrazilusa.com\/pt\/wp-json\/wp\/v2\/posts"}],"about":[{"href":"https:\/\/tvbrazilusa.com\/pt\/wp-json\/wp\/v2\/types\/post"}],"author":[{"embeddable":true,"href":"https:\/\/tvbrazilusa.com\/pt\/wp-json\/wp\/v2\/users\/1"}],"replies":[{"embeddable":true,"href":"https:\/\/tvbrazilusa.com\/pt\/wp-json\/wp\/v2\/comments?post=61213"}],"version-history":[{"count":1,"href":"https:\/\/tvbrazilusa.com\/pt\/wp-json\/wp\/v2\/posts\/61213\/revisions"}],"predecessor-version":[{"id":61215,"href":"https:\/\/tvbrazilusa.com\/pt\/wp-json\/wp\/v2\/posts\/61213\/revisions\/61215"}],"wp:featuredmedia":[{"embeddable":true,"href":"https:\/\/tvbrazilusa.com\/pt\/wp-json\/wp\/v2\/media\/61214"}],"wp:attachment":[{"href":"https:\/\/tvbrazilusa.com\/pt\/wp-json\/wp\/v2\/media?parent=61213"}],"wp:term":[{"taxonomy":"category","embeddable":true,"href":"https:\/\/tvbrazilusa.com\/pt\/wp-json\/wp\/v2\/categories?post=61213"},{"taxonomy":"post_tag","embeddable":true,"href":"https:\/\/tvbrazilusa.com\/pt\/wp-json\/wp\/v2\/tags?post=61213"}],"curies":[{"name":"wp","href":"https:\/\/api.w.org\/{rel}","templated":true}]}}