{"id":61218,"date":"2024-11-17T23:59:57","date_gmt":"2024-11-17T23:59:57","guid":{"rendered":"https:\/\/tvbrazilusa.com\/2024\/11\/17\/nove-contramanifestantes-presos-na-marcha-dos-homens-antiaborto-em-boston\/"},"modified":"2024-11-18T00:48:19","modified_gmt":"2024-11-18T00:48:19","slug":"nove-contramanifestantes-presos-na-marcha-dos-homens-antiaborto-em-boston","status":"publish","type":"post","link":"https:\/\/tvbrazilusa.com\/pt\/2024\/11\/17\/nove-contramanifestantes-presos-na-marcha-dos-homens-antiaborto-em-boston\/","title":{"rendered":"Nove contramanifestantes presos na Marcha dos Homens antiaborto em Boston"},"content":{"rendered":"<p> <script async src=\"https:\/\/pagead2.googlesyndication.com\/pagead\/js\/adsbygoogle.js?client=ca-pub-8864793242727901\"\r\n     crossorigin=\"anonymous\"><\/script><br \/>\n<\/p>\n<div id=\"\">\n<header class=\"m-article-header m-article-header--standard\">\n\t\t\t\t\t\t\t\t\t\t\t\t<span id=\"article-header-primary-term\"><br \/>\n\t\t\t\t\t\t\t\t<a class=\"a-term a-term--primary\" href=\"https:\/\/www.boston.com\/tag\/local-news\/\"><\/p>\n<p>\t\t\t\t\t\t\t\tNot\u00edcias locais\t\t\t\t\t\t\t\t<\/a><br \/>\n\t\t\t\t\t\t\t<\/span><\/p>\n<h2 class=\"m-article-header__sub-headline\">Centenas de manifestantes contr\u00e1rios aos direitos ao aborto interceptaram a Marcha dos Homens na Pra\u00e7a Kenmore, onde a pol\u00edcia for\u00e7ou a multid\u00e3o a abrir caminho para os manifestantes pelos direitos ao aborto.<\/h2>\n<figure class=\"a-photo m-article-header__photo\"><figcaption class=\"a-photo__caption\">\n<p>\tOs contra-manifestantes e a pol\u00edcia entram em confronto enquanto os manifestantes tentam impedir que a Marcha Nacional dos Homens pelos direitos antiaborto continue em Boston.<em> (Foto de JOSEPH PREZIOSO\/AFP via Getty Images)<\/em>\t<\/figcaption><\/figure>\n<\/header>\n<p>Nove contra-manifestantes foram presos perto de Kenmore Square no s\u00e1bado, depois de interceptarem uma manifesta\u00e7\u00e3o masculina anti-aborto que marchava da \u00fanica cl\u00ednica da Planned Parenthood de Boston at\u00e9 o Boston Common.<\/p>\n<p>A Marcha Nacional dos Homens para Abolir o Aborto e Rally pela Personalidade come\u00e7ou sua manifesta\u00e7\u00e3o permitida do lado de fora da Planned Parenthood na Commonwealth Avenue \u00e0s 11h de s\u00e1bado. O grupo ent\u00e3o marchou mais de cinco quil\u00f4metros at\u00e9 o Parkman Bandstand, no Boston Common, para um com\u00edcio.  <\/p>\n<p>Na Kenmore Square, a pol\u00edcia de Boston informou que v\u00e1rias centenas de contramanifestantes estavam bloqueando o caminho dos homens, alguns vestidos de palha\u00e7os.<\/p>\n<p>\u201cNa converg\u00eancia, cada grupo gritava uns com os outros\u201d, segundo relat\u00f3rio policial. Os contramanifestantes direcionaram \u201csua raiva contra os policiais, amea\u00e7ando-os, gritando palavras de luta e tentando agit\u00e1-los\u201d.<\/p>\n<p>O grupo recebeu ordem de sair do caminho dos manifestantes antiaborto, mas recusou. A pol\u00edcia de Boston ent\u00e3o tentou mover fisicamente a multid\u00e3o, disse o relat\u00f3rio. Em postagens nas redes sociais de <a href=\"https:\/\/x.com\/shannonlarson98\/status\/1857832124419567855\">rep\u00f3rteres<\/a>a pol\u00edcia pode ser vista com equipamento anti-motim e bast\u00f5es, reagindo aos manifestantes. <\/p>\n<div class=\"wp-block-image\">\n<figure class=\"aligncenter size-full is-resized\"><img loading=\"lazy\" decoding=\"async\" width=\"2560\" height=\"1718\" src=\"https:\/\/bdc2020.o0bc.com\/wp-content\/uploads\/2024\/11\/s3___bgmp-arc_arc-feeds_generic-photos_to-arc_march_abs_027-673a799c65ccf-scaled.jpg\" alt=\"\" class=\"wp-image-32363768\" style=\"width:620px;height:auto\" srcset=\"https:\/\/bdc2020.o0bc.com\/wp-content\/uploads\/2024\/11\/s3___bgmp-arc_arc-feeds_generic-photos_to-arc_march_abs_027-673a799c65ccf-scaled.jpg?width=200 200w, https:\/\/bdc2020.o0bc.com\/wp-content\/uploads\/2024\/11\/s3___bgmp-arc_arc-feeds_generic-photos_to-arc_march_abs_027-673a799c65ccf-scaled.jpg?width=300 300w, https:\/\/bdc2020.o0bc.com\/wp-content\/uploads\/2024\/11\/s3___bgmp-arc_arc-feeds_generic-photos_to-arc_march_abs_027-673a799c65ccf-scaled.jpg?width=400 400w, https:\/\/bdc2020.o0bc.com\/wp-content\/uploads\/2024\/11\/s3___bgmp-arc_arc-feeds_generic-photos_to-arc_march_abs_027-673a799c65ccf-scaled.jpg?width=500 500w, https:\/\/bdc2020.o0bc.com\/wp-content\/uploads\/2024\/11\/s3___bgmp-arc_arc-feeds_generic-photos_to-arc_march_abs_027-673a799c65ccf-scaled.jpg?width=600 600w, https:\/\/bdc2020.o0bc.com\/wp-content\/uploads\/2024\/11\/s3___bgmp-arc_arc-feeds_generic-photos_to-arc_march_abs_027-673a799c65ccf-scaled.jpg?width=700 700w, https:\/\/bdc2020.o0bc.com\/wp-content\/uploads\/2024\/11\/s3___bgmp-arc_arc-feeds_generic-photos_to-arc_march_abs_027-673a799c65ccf-scaled.jpg?width=800 800w, https:\/\/bdc2020.o0bc.com\/wp-content\/uploads\/2024\/11\/s3___bgmp-arc_arc-feeds_generic-photos_to-arc_march_abs_027-673a799c65ccf-scaled.jpg?width=900 900w\" sizes=\"auto, (max-width: 2560px) 100vw, 2560px\"\/><figcaption class=\"wp-element-caption\">A pol\u00edcia prende uma pessoa em Kenmore Square. <em>(Andrew Burke-Stevenson para The Boston Globe)<\/em><\/figcaption><\/figure>\n<\/div>\n<p>Os agentes prenderam nove pessoas que \u201cse recusaram a dispersar pacificamente, eram extremamente turbulentas e reunidas de forma tumultuosa, e o seu comportamento criou condi\u00e7\u00f5es perigosas e ofensivas para os cidad\u00e3os, para as pessoas reunidas pacificamente e tamb\u00e9m para os agentes da pol\u00edcia\u201d, disse a pol\u00edcia.<\/p>\n<p>Cada um deles foi acusado de conduta desordeira e perturba\u00e7\u00e3o de assembleias p\u00fablicas e comparecer\u00e1 aos tribunais locais na segunda-feira.<\/p>\n<h2 class=\"wp-block-heading\" id=\"h-men-s-march-protests-propaganda-of-evil-while-mass-protects-abortion\">Marcha dos Homens protesta contra &#8216;propaganda do mal&#8217; enquanto missa protege o aborto<\/h2>\n<p>A Marcha dos Homens chegou ao Common, onde Jim Havens, cofundador da marcha, fez um discurso religioso no Coreto. Os manifestantes tinham cartazes onde se lia \u201cbeb\u00e9s mortos aqui\u201d e \u201cpaternidade agora\u201d.<\/p>\n<div class=\"wp-block-image\">\n<figure class=\"aligncenter size-full\"><img loading=\"lazy\" decoding=\"async\" width=\"2560\" height=\"1703\" src=\"https:\/\/bdc2020.o0bc.com\/wp-content\/uploads\/2024\/11\/s3___bgmp-arc_arc-feeds_generic-photos_to-arc_marchscene_abs_002-673a78ac4aa9f-scaled.jpg\" alt=\"\" class=\"wp-image-32363757\" srcset=\"https:\/\/bdc2020.o0bc.com\/wp-content\/uploads\/2024\/11\/s3___bgmp-arc_arc-feeds_generic-photos_to-arc_marchscene_abs_002-673a78ac4aa9f-scaled.jpg?width=200 200w, https:\/\/bdc2020.o0bc.com\/wp-content\/uploads\/2024\/11\/s3___bgmp-arc_arc-feeds_generic-photos_to-arc_marchscene_abs_002-673a78ac4aa9f-scaled.jpg?width=300 300w, https:\/\/bdc2020.o0bc.com\/wp-content\/uploads\/2024\/11\/s3___bgmp-arc_arc-feeds_generic-photos_to-arc_marchscene_abs_002-673a78ac4aa9f-scaled.jpg?width=400 400w, https:\/\/bdc2020.o0bc.com\/wp-content\/uploads\/2024\/11\/s3___bgmp-arc_arc-feeds_generic-photos_to-arc_marchscene_abs_002-673a78ac4aa9f-scaled.jpg?width=500 500w, https:\/\/bdc2020.o0bc.com\/wp-content\/uploads\/2024\/11\/s3___bgmp-arc_arc-feeds_generic-photos_to-arc_marchscene_abs_002-673a78ac4aa9f-scaled.jpg?width=600 600w, https:\/\/bdc2020.o0bc.com\/wp-content\/uploads\/2024\/11\/s3___bgmp-arc_arc-feeds_generic-photos_to-arc_marchscene_abs_002-673a78ac4aa9f-scaled.jpg?width=700 700w, https:\/\/bdc2020.o0bc.com\/wp-content\/uploads\/2024\/11\/s3___bgmp-arc_arc-feeds_generic-photos_to-arc_marchscene_abs_002-673a78ac4aa9f-scaled.jpg?width=800 800w, https:\/\/bdc2020.o0bc.com\/wp-content\/uploads\/2024\/11\/s3___bgmp-arc_arc-feeds_generic-photos_to-arc_marchscene_abs_002-673a78ac4aa9f-scaled.jpg?width=900 900w\" sizes=\"auto, (max-width: 2560px) 100vw, 2560px\"\/><figcaption class=\"wp-element-caption\">A Marcha dos Homens para Abolir o Aborto e a Marcha pela Personalidade segue pela Avenida Commonwealth, sob a Avenida Massachusetts, no s\u00e1bado. <em>(Andrew Burke-Stevenson para The Boston Globe)<\/em><i>  \u2013 (Andrew Burke-Stevenson para The Boston Globe)<\/i><\/figcaption><\/figure>\n<\/div>\n<p>\u201cEsta \u00e9 na verdade uma das raz\u00f5es pelas quais fazemos esta marcha e manifesta\u00e7\u00e3o p\u00fablica, para que possamos ajudar aqueles que s\u00e3o doutrinados pela propaganda do mal\u201d, disse Havens. <a href=\"https:\/\/www.youtube.com\/watch?v=CpzmQVUx9ag&#038;t=140s\">disse<\/a>. \u201cPodemos ajud\u00e1-los a sair da sua bolha ideol\u00f3gica e a ter uma experi\u00eancia de pessoas reais que est\u00e3o do lado do que \u00e9 verdadeiramente bom e belo e se op\u00f5em ao cont\u00ednuo e di\u00e1rio assassinato em massa dos nossos irm\u00e3os e irm\u00e3s mais pequenos.\u201d<\/p>\n<p>Quando o presidente eleito Donald Trump concorreu contra a vice-presidente Kamala Harris, ele disse que n\u00e3o apoiaria uma proibi\u00e7\u00e3o federal do aborto e que deixaria isso para <a href=\"https:\/\/www.boston.com\/news\/politics\/2024\/04\/08\/trump-declines-endorse-national-abortion-ban-states-decision\/\">estados<\/a>. Mas, com os republicanos no controlo do Congresso, os defensores do direito ao aborto est\u00e3o preocupados com os novos limites ao aborto. Governadora Maura Healey <a href=\"https:\/\/www.boston.com\/news\/local-news\/2024\/06\/18\/mass-will-hold-on-to-abortion-medication-stockpile-pointing-to-continued-attacks-on-reproductive-care\/\">disse que o estado manter\u00e1 seu estoque<\/a> de p\u00edlulas abortivas.<\/p>\n<p>A prefeita de Boston, Michelle Wu, disse em um evento separado no s\u00e1bado que a cidade est\u00e1 se preparando para quaisquer mudan\u00e7as federais nos direitos ao aborto.<\/p>\n<p>\u201cTemos disposi\u00e7\u00f5es e prote\u00e7\u00f5es seguras em vigor, independentemente da lei federal ou das mudan\u00e7as\u201d, Wu <a href=\"https:\/\/www.bostonglobe.com\/2024\/11\/16\/metro\/abortion-mens-march-boston-protest\/\">disse<\/a>de acordo com <em>O Globo de Boston<\/em>.<\/p>\n<div class=\"o-author-single has-avatar\">\n<header class=\"m-author-card\">\n<div class=\"a-image a-image--square m-author-card__image\">\n\t\t<img decoding=\"async\" class=\"\" src=\"https:\/\/www.boston.com\/wp-content\/uploads\/2024\/10\/cropped-molly-farrar-6707200226887-6707200bea6c0-242x242.jpg\" alt=\"Imagem do perfil de Molly Farrar\"\/>\t<\/div>\n<\/header>\n<section class=\"author-info\">\n<hr class=\"m-author__section--hr\"\/>\n<div class=\"m-author__section\">\n<p>Molly Farrar \u00e9 rep\u00f3rter geral do Boston.com, com foco em educa\u00e7\u00e3o, pol\u00edtica, crime e muito mais.<\/p>\n<\/div>\n<hr class=\"m-author__section--hr\"\/>\t<\/section>\n<\/div>\n<div class=\"m-block m-generic-cta\t m-generic-cta--post-content\t m-generic-cta--dark\t m-generic-cta--homepage\t m-generic-cta--email-signup\t\t m-generic-cta-block-style--default \tt-amp__generic-cta\"><\/p>\n<div class=\"m-generic-cta__wrap\">\n<div class=\"m-generic-cta__content\">\n<h3 class=\"m-generic-cta__title\">Boston.com hoje<\/h3>\n<p class=\"m-generic-cta__subtitle\">Inscreva-se para receber as \u00faltimas manchetes em sua caixa de entrada todas as manh\u00e3s.<\/p>\n<\/p><\/div>\n<\/p><\/div>\n<\/div><\/div>\n<p><script>\n\t\tvar consent=\"grant\";\n\t\t\/* The above code is parsing the JSON data from the local storage and storing it in a variable. *\/\n\t\t\t\t\tconst onetrustStorageConsent = JSON.parse(localStorage.getItem( 'consent_one_trust_bdc' ) );\n\t\t\tif ( ( onetrustStorageConsent !== null ) ) {\n\t\t\t\t\/* Checking to see if the user has consented to the use of cookies.\n\t\t\t\t* If they have not, it is deleting the cookie.\n\t\t\t\t* This will comment for now, until further notice.\n\t\t\t\t*\/\n\t\t\t\t\/\/if ( onetrustStorageConsent.C0002 === false ) {\n\t\t\t\t\/\/\tdocument.cookie=\"_fbp=;expires=Thu, 01 Jan 2010 00:00:00 UTC; path=\/; domain=.boston.com\";\n\t\t\t\t\/\/}\n\t\t\t\t\/* Checking if the user has given consent for the cookie C0002.\n\t\t\t\t* If the user has given consent, the variable consent will be set to 'grant'.\n\t\t\t\t* If the user has not given consent,the variable consent will be set to 'revoke'.\n\t\t\t\t* Documentation https:\/\/developers.facebook.com\/docs\/meta-pixel\/implementation\/gdpr\n\t\t\t\t*\/\n\t\t\t\tif ( onetrustStorageConsent.C0002 !== true ) {\n\t\t\t\t\tconsent=\"revoke\";\n\t\t\t\t}\n\t\t\t}\n\t\t\t\t!function(f,b,e,v,n,t,s)\n\t\t{if(f.fbq)return;n=f.fbq=function(){n.callMethod?\n\t\tn.callMethod.apply(n,arguments):n.queue.push(arguments)};\n\t\tif(!f._fbq)f._fbq=n;n.push=n;n.loaded=!0;n.version='2.0';\n\t\tn.queue=[];t=b.createElement(e);t.async=!0;\n\t\tt.src=v;s=b.getElementsByTagName(e)[0];\n\t\ts.parentNode.insertBefore(t,s)}(window, document,'script',\n\t\t'https:\/\/connect.facebook.net\/en_US\/fbevents.js');\n\t\tfbq('consent', consent);\n\t\tfbq('init', '989222871864976');\n\t\tfbq('track', 'PageView');\n\t<\/script><script type=\"module\">\n\t\tvar consent=\"grant\";\n\t\t\/* The above code is parsing the JSON data from the local storage and storing it in a variable. *\/\n\t\t\tconst onetrustStorageConsent = JSON.parse(localStorage.getItem( 'consent_one_trust_bdc' ) );\n\t\t\t\/* Checking to see if the user has consented to the use of cookies.\n\t\t\t* If they have not, it is deleting the cookie.\n\t\t\t* This will comment for now, until further notice.\n\t\t\t*\/\n\t\t\t\/\/if ( onetrustStorageConsent.C0002 === false ) {\n\t\t\t\/\/\tdocument.cookie=\"_fbp=;expires=Thu, 01 Jan 2010 00:00:00 UTC; path=\/; domain=.boston.com\";\n\t\t\t\/\/}\n\t\t\t\/* Checking if the user has given consent for the cookie C0002.\n\t\t\t* If the user has given consent, the variable consent will be set to 'grant'.\n\t\t\t* If the user has not given consent,the variable consent will be set to 'revoke'.\n\t\t\t* Documentation https:\/\/developers.facebook.com\/docs\/meta-pixel\/implementation\/gdpr\n\t\t\t*\/\n\t\t\tif ( ( onetrustStorageConsent !== null ) && (onetrustStorageConsent.C0002 !== true ) ) {\n\t\t\t\tconsent=\"revoke\";\n\t\t\t}\n\t\t\t\t!function(f,b,e,v,n,t,s){if(f.fbq)return;n=f.fbq=function()\n\t\t{n.callMethod? n.callMethod.apply(n,arguments):n.queue.push(arguments)}\n\t\t;if(!f._fbq)f._fbq=n;\n\t\tn.push=n;n.loaded=!0;n.version='2.0';n.queue=[];t=b.createElement(e);t.async=!0;\n\t\tt.src=v;s=b.getElementsByTagName(e)[0];s.parentNode.insertBefore(t,s)}(window,\n\t\tdocument,'script','https:\/\/connect.facebook.net\/en_US\/fbevents.js');\n\t\tfbq('consent', consent);\n\t\tfbq('init', '813236348753005');\n\t\tfbq('track', \"PageView\");\n\t<\/script><br \/>\n<br \/><br \/>\n<br \/><a href=\"https:\/\/www.boston.com\/news\/local-news\/2024\/11\/17\/9-counter-protesters-arrested-at-anti-abortion-mens-march-in-boston\/\">Source link <\/a><\/p>","protected":false},"excerpt":{"rendered":"<p>Not\u00edcias locais Centenas de manifestantes contr\u00e1rios aos direitos ao aborto interceptaram a Marcha dos Homens na Pra\u00e7a Kenmore, onde a pol\u00edcia for\u00e7ou a multid\u00e3o a abrir caminho para os manifestantes&hellip;<\/p>","protected":false},"author":1,"featured_media":61219,"comment_status":"closed","ping_status":"open","sticky":false,"template":"","format":"standard","meta":{"content-type":"","footnotes":""},"categories":[1],"tags":[],"class_list":["post-61218","post","type-post","status-publish","format-standard","has-post-thumbnail","hentry","category-uncategorized"],"_links":{"self":[{"href":"https:\/\/tvbrazilusa.com\/pt\/wp-json\/wp\/v2\/posts\/61218","targetHints":{"allow":["GET"]}}],"collection":[{"href":"https:\/\/tvbrazilusa.com\/pt\/wp-json\/wp\/v2\/posts"}],"about":[{"href":"https:\/\/tvbrazilusa.com\/pt\/wp-json\/wp\/v2\/types\/post"}],"author":[{"embeddable":true,"href":"https:\/\/tvbrazilusa.com\/pt\/wp-json\/wp\/v2\/users\/1"}],"replies":[{"embeddable":true,"href":"https:\/\/tvbrazilusa.com\/pt\/wp-json\/wp\/v2\/comments?post=61218"}],"version-history":[{"count":1,"href":"https:\/\/tvbrazilusa.com\/pt\/wp-json\/wp\/v2\/posts\/61218\/revisions"}],"predecessor-version":[{"id":61220,"href":"https:\/\/tvbrazilusa.com\/pt\/wp-json\/wp\/v2\/posts\/61218\/revisions\/61220"}],"wp:featuredmedia":[{"embeddable":true,"href":"https:\/\/tvbrazilusa.com\/pt\/wp-json\/wp\/v2\/media\/61219"}],"wp:attachment":[{"href":"https:\/\/tvbrazilusa.com\/pt\/wp-json\/wp\/v2\/media?parent=61218"}],"wp:term":[{"taxonomy":"category","embeddable":true,"href":"https:\/\/tvbrazilusa.com\/pt\/wp-json\/wp\/v2\/categories?post=61218"},{"taxonomy":"post_tag","embeddable":true,"href":"https:\/\/tvbrazilusa.com\/pt\/wp-json\/wp\/v2\/tags?post=61218"}],"curies":[{"name":"wp","href":"https:\/\/api.w.org\/{rel}","templated":true}]}}