{"id":61277,"date":"2024-11-18T09:00:03","date_gmt":"2024-11-18T09:00:03","guid":{"rendered":"https:\/\/tvbrazilusa.com\/2024\/11\/18\/querida-abby-a-mae-enfrenta-emocoes-profundas-a-medida-que-os-filhos-crescem\/"},"modified":"2024-11-18T09:13:57","modified_gmt":"2024-11-18T09:13:57","slug":"querida-abby-a-mae-enfrenta-emocoes-profundas-a-medida-que-os-filhos-crescem","status":"publish","type":"post","link":"https:\/\/tvbrazilusa.com\/pt\/2024\/11\/18\/querida-abby-a-mae-enfrenta-emocoes-profundas-a-medida-que-os-filhos-crescem\/","title":{"rendered":"Querida Abby: A m\u00e3e enfrenta emo\u00e7\u00f5es profundas \u00e0 medida que os filhos crescem"},"content":{"rendered":"<script async src=\"https:\/\/pagead2.googlesyndication.com\/pagead\/js\/adsbygoogle.js?client=ca-pub-8864793242727901\"\r\n     crossorigin=\"anonymous\"><\/script>\n<div>\n<p class=\"article__paragraph article__paragraph--left\" id=\"MYARSSYWSBCE7N3RS4LN4DNAPU\">QUERIDA ABBY: Eu tive meus quatro filhos quando tinha 24 anos. O mais velho est\u00e1 no \u00faltimo ano, enquanto os outros est\u00e3o no segundo ano, na oitava e na s\u00e9tima s\u00e9rie. Sinto, \u00e0s vezes, que passo por um processo de luto mais do que nunca, \u00e0 medida que eles envelhecem e o tempo passa incrivelmente r\u00e1pido.<\/p>\n<p class=\"article__paragraph article__paragraph--left\" id=\"E7VGEQI3UNHBHKCUWMXAZR3OAQ\">\u00c9 normal sentir tristeza e tristeza pelo crescimento de seus filhos, sabendo que eles partir\u00e3o em alguns anos? Minha filha mais velha acabou de ingressar no ex\u00e9rcito e sai ap\u00f3s o \u00faltimo ano do ensino m\u00e9dio. Tornei-me m\u00e3e t\u00e3o jovem que \u00e9 tudo o que conheci e dediquei minha vida (al\u00e9m de ser esposa e profissional de sa\u00fade).<\/p>\n<p class=\"article__paragraph article__paragraph--left\" id=\"5EIMOS4YGRGFROTWN56BUGVWD4\">O que estou sentindo \u00e9 normal e, em caso afirmativo, a parte emocional fica mais f\u00e1cil? Orgulho-me de ser o melhor que posso como m\u00e3e e provedora, e estou passando por momentos dif\u00edceis \u2013 especialmente com o meu filho mais velho \u2013 sabendo que tenho que deixar ir. &#8211; MAM\u00c3E INVESTIDA NO TENNESSEE<\/p>\n<p class=\"article__paragraph article__paragraph--left\" id=\"3LX27SBTKJC2NLMYDWGCKZVQIY\">QUERIDA MAM\u00c3E: As pessoas experimentam a \u201cs\u00edndrome do ninho vazio\u201d em v\u00e1rios graus. Voc\u00ea \u00e9 um pai de sucesso, mas tamb\u00e9m \u00e9 mais do que isso. Voc\u00ea criou sua filha at\u00e9 a idade adulta (jovem) e a preparou para a independ\u00eancia. Esse era o seu trabalho. Ela n\u00e3o est\u00e1 morrendo, voc\u00ea n\u00e3o a est\u00e1 perdendo e ela n\u00e3o est\u00e1 \u201cdesaparecendo em uma duna de areia\u201d. Ela agora tem a chance de usar as habilidades que voc\u00ea lhe ensinou para criar um futuro de sucesso.<\/p>\n<p class=\"article__paragraph article__paragraph--left\" id=\"RGTVFSRSL5ETPEXUNS4RH53QRU\">Seque suas l\u00e1grimas. Tenha orgulho de si mesmo. Tenha orgulho dela. Agora que seus filhos est\u00e3o mais velhos, explore atividades que enriquecer\u00e3o sua vida. Voc\u00ea mereceu.<\/p>\n<p class=\"article__paragraph article__paragraph--center\" id=\"FO342CRWYBHV7I7U6KG3SXHJGU\">***<\/p>\n<p class=\"article__paragraph article__paragraph--left\" id=\"NVJXZ46LCVARVPWYTTXR6EUAOY\"><i>Dear Abby foi escrita por Abigail Van Buren, tamb\u00e9m conhecida como Jeanne Phillips, e foi fundada por sua m\u00e3e, Pauline Phillips. Entre em contato com a querida Abby em <\/i><a href=\"http:\/\/www.dearabby.com\/\"><i>www.DearAbby.com<\/i><\/a><i>  ou PO Box 69440, Los Angeles, CA 90069.<\/i><\/p>\n<section class=\"Stories-By-Section-Tag-module_wrapper__69Ed7 Stories-By-Section-Tag-module_nj__RFbQx\"\/><\/div>\n<p><br \/>\n<br \/><a href=\"https:\/\/www.nj.com\/advice\/2024\/11\/dear-abby-mother-weathers-deep-emotions-as-children-grow-up.html\">Source link <\/a><\/p>","protected":false},"excerpt":{"rendered":"<p>QUERIDA ABBY: Eu tive meus quatro filhos quando tinha 24 anos. O mais velho est\u00e1 no \u00faltimo ano, enquanto os outros est\u00e3o no segundo ano, na oitava e na s\u00e9tima&hellip;<\/p>","protected":false},"author":1,"featured_media":9839,"comment_status":"closed","ping_status":"open","sticky":false,"template":"","format":"standard","meta":{"content-type":"","footnotes":""},"categories":[1],"tags":[],"class_list":["post-61277","post","type-post","status-publish","format-standard","has-post-thumbnail","hentry","category-uncategorized"],"_links":{"self":[{"href":"https:\/\/tvbrazilusa.com\/pt\/wp-json\/wp\/v2\/posts\/61277","targetHints":{"allow":["GET"]}}],"collection":[{"href":"https:\/\/tvbrazilusa.com\/pt\/wp-json\/wp\/v2\/posts"}],"about":[{"href":"https:\/\/tvbrazilusa.com\/pt\/wp-json\/wp\/v2\/types\/post"}],"author":[{"embeddable":true,"href":"https:\/\/tvbrazilusa.com\/pt\/wp-json\/wp\/v2\/users\/1"}],"replies":[{"embeddable":true,"href":"https:\/\/tvbrazilusa.com\/pt\/wp-json\/wp\/v2\/comments?post=61277"}],"version-history":[{"count":1,"href":"https:\/\/tvbrazilusa.com\/pt\/wp-json\/wp\/v2\/posts\/61277\/revisions"}],"predecessor-version":[{"id":61278,"href":"https:\/\/tvbrazilusa.com\/pt\/wp-json\/wp\/v2\/posts\/61277\/revisions\/61278"}],"wp:featuredmedia":[{"embeddable":true,"href":"https:\/\/tvbrazilusa.com\/pt\/wp-json\/wp\/v2\/media\/9839"}],"wp:attachment":[{"href":"https:\/\/tvbrazilusa.com\/pt\/wp-json\/wp\/v2\/media?parent=61277"}],"wp:term":[{"taxonomy":"category","embeddable":true,"href":"https:\/\/tvbrazilusa.com\/pt\/wp-json\/wp\/v2\/categories?post=61277"},{"taxonomy":"post_tag","embeddable":true,"href":"https:\/\/tvbrazilusa.com\/pt\/wp-json\/wp\/v2\/tags?post=61277"}],"curies":[{"name":"wp","href":"https:\/\/api.w.org\/{rel}","templated":true}]}}