{"id":61291,"date":"2024-11-18T10:40:58","date_gmt":"2024-11-18T10:40:58","guid":{"rendered":"https:\/\/tvbrazilusa.com\/2024\/11\/18\/o-senador-blumenthal-anunciara-nova-resolucao-sobre-a-semana-nacional-de-seguranca-para-respondentes-de-acidentes\/"},"modified":"2024-11-18T10:45:56","modified_gmt":"2024-11-18T10:45:56","slug":"o-senador-blumenthal-anunciara-nova-resolucao-sobre-a-semana-nacional-de-seguranca-para-respondentes-de-acidentes","status":"publish","type":"post","link":"https:\/\/tvbrazilusa.com\/pt\/2024\/11\/18\/o-senador-blumenthal-anunciara-nova-resolucao-sobre-a-semana-nacional-de-seguranca-para-respondentes-de-acidentes\/","title":{"rendered":"O senador Blumenthal anunciar\u00e1 nova resolu\u00e7\u00e3o sobre a Semana Nacional de Seguran\u00e7a para Respondentes de Acidentes"},"content":{"rendered":"<script async src=\"https:\/\/pagead2.googlesyndication.com\/pagead\/js\/adsbygoogle.js?client=ca-pub-8864793242727901\"\r\n     crossorigin=\"anonymous\"><\/script>\n<p>CONNECTICUT (WTNH) \u2013 A Semana Nacional de Seguran\u00e7a para Respondentes de Acidentes come\u00e7a na segunda-feira. Para come\u00e7ar, o senador s\u00eanior de Connecticut est\u00e1 anunciando uma resolu\u00e7\u00e3o que est\u00e1 apresentando ao Congresso.<\/p>\n<p>O nome mais recente gravado neste memorial \u00e9 o do soldado de primeira classe Aaron Pelletier. Ele foi atropelado e morto por um caminh\u00e3o que passava enquanto fazia uma parada de tr\u00e2nsito na lateral da Interestadual 84.<\/p>\n<div class=\"nlp-ignore-block article-content rich-text\">\n<aside class=\"promo-link\">\n\t<a href=\"https:\/\/www.wtnh.com\/news\/connecticut\/new-haven\/road-traffic-victims-honored-in-new-haven-ceremony\/?ipid=promo-link-block1\" class=\"promo-link__link\"><\/p>\n<p>\t\tV\u00edtimas de tr\u00e2nsito homenageadas em cerim\u00f4nia em New Haven\t<\/a><br \/>\n<\/aside>\n<\/div>\n<p>Esse \u00e9 exatamente o tipo de coisa que esta semana trata de preven\u00e7\u00e3o. O tema da Crash Responder Safety Week deste ano \u00e9 &#8220;Respondentes \u00e0 frente! Reduza a velocidade \u00e0 medida que avan\u00e7a&#8221;. <\/p>\n<p>Ouvimos esse sentimento h\u00e1 anos aqui em Connecticut. O estado tem uma lei de mudan\u00e7a que diz que \u00e9 necess\u00e1rio dar a qualquer pessoa que trabalhe na beira da estrada espa\u00e7o para trabalhar, diminuindo a velocidade e se deslocando. <\/p>\n<p>O senador Richard Blumenthal estar\u00e1 em Meriden com alguns nomes importantes da aplica\u00e7\u00e3o da lei e seguran\u00e7a rodovi\u00e1ria. <\/p>\n<p>Espera-se que ele anuncie uma resolu\u00e7\u00e3o Slow Down, Move Over para aumentar a conscientiza\u00e7\u00e3o sobre as leis estaduais destinadas a reduzir ferimentos e fatalidades envolvendo autoridades policiais, bombeiros e resgate, servi\u00e7os m\u00e9dicos de emerg\u00eancia, trabalhadores de transporte e operadores de guinchos.<\/p>\n<p>A resolu\u00e7\u00e3o foi inspirada no que aconteceu com um operador de guincho aqui em Connecticut. <\/p>\n<p><br \/>\n<br \/><a href=\"https:\/\/www.wtnh.com\/news\/connecticut\/sen-blumenthal-to-announce-new-resolution-on-national-crash-responder-safety-week\/\">Source link <\/a><\/p>","protected":false},"excerpt":{"rendered":"<p>CONNECTICUT (WTNH) \u2013 A Semana Nacional de Seguran\u00e7a para Respondentes de Acidentes come\u00e7a na segunda-feira. Para come\u00e7ar, o senador s\u00eanior de Connecticut est\u00e1 anunciando uma resolu\u00e7\u00e3o que est\u00e1 apresentando ao&hellip;<\/p>","protected":false},"author":1,"featured_media":61292,"comment_status":"closed","ping_status":"open","sticky":false,"template":"","format":"standard","meta":{"content-type":"","footnotes":""},"categories":[1],"tags":[],"class_list":["post-61291","post","type-post","status-publish","format-standard","has-post-thumbnail","hentry","category-uncategorized"],"_links":{"self":[{"href":"https:\/\/tvbrazilusa.com\/pt\/wp-json\/wp\/v2\/posts\/61291","targetHints":{"allow":["GET"]}}],"collection":[{"href":"https:\/\/tvbrazilusa.com\/pt\/wp-json\/wp\/v2\/posts"}],"about":[{"href":"https:\/\/tvbrazilusa.com\/pt\/wp-json\/wp\/v2\/types\/post"}],"author":[{"embeddable":true,"href":"https:\/\/tvbrazilusa.com\/pt\/wp-json\/wp\/v2\/users\/1"}],"replies":[{"embeddable":true,"href":"https:\/\/tvbrazilusa.com\/pt\/wp-json\/wp\/v2\/comments?post=61291"}],"version-history":[{"count":1,"href":"https:\/\/tvbrazilusa.com\/pt\/wp-json\/wp\/v2\/posts\/61291\/revisions"}],"predecessor-version":[{"id":61293,"href":"https:\/\/tvbrazilusa.com\/pt\/wp-json\/wp\/v2\/posts\/61291\/revisions\/61293"}],"wp:featuredmedia":[{"embeddable":true,"href":"https:\/\/tvbrazilusa.com\/pt\/wp-json\/wp\/v2\/media\/61292"}],"wp:attachment":[{"href":"https:\/\/tvbrazilusa.com\/pt\/wp-json\/wp\/v2\/media?parent=61291"}],"wp:term":[{"taxonomy":"category","embeddable":true,"href":"https:\/\/tvbrazilusa.com\/pt\/wp-json\/wp\/v2\/categories?post=61291"},{"taxonomy":"post_tag","embeddable":true,"href":"https:\/\/tvbrazilusa.com\/pt\/wp-json\/wp\/v2\/tags?post=61291"}],"curies":[{"name":"wp","href":"https:\/\/api.w.org\/{rel}","templated":true}]}}