{"id":61481,"date":"2024-11-18T16:57:10","date_gmt":"2024-11-18T16:57:10","guid":{"rendered":"https:\/\/tvbrazilusa.com\/2024\/11\/18\/janja-aparentemente-gripada-participa-da-mesa-do-g20-e-assoa-o-nariz-de-forma-deselegante-veja-video\/"},"modified":"2024-11-18T16:57:11","modified_gmt":"2024-11-18T16:57:11","slug":"janja-aparentemente-gripada-participa-da-mesa-do-g20-e-assoa-o-nariz-de-forma-deselegante-veja-video","status":"publish","type":"post","link":"https:\/\/tvbrazilusa.com\/pt\/2024\/11\/18\/janja-aparentemente-gripada-participa-da-mesa-do-g20-e-assoa-o-nariz-de-forma-deselegante-veja-video\/","title":{"rendered":"Janja aparentemente gripada participa da mesa do G20 e assoa o nariz de forma deselegante; VEJA V\u00cdDEO"},"content":{"rendered":"<p> <script async src=\"https:\/\/pagead2.googlesyndication.com\/pagead\/js\/adsbygoogle.js?client=ca-pub-8864793242727901\"\r\n     crossorigin=\"anonymous\"><\/script><br \/>\n<\/p>\n<div id=\"taboola-read-more\" style=\"display:block; width:100%\">\n<p>Durante o discurso de Lula na reuni\u00e3o do G20, Janja, aparentemente resfriada, foi flagrada assoando o nariz de forma deselegante, o que gerou rea\u00e7\u00f5es nas redes sociais. O incidente ocorreu enquanto o presidente falava sobre temas importantes, mas o momento descontra\u00eddo da primeira-dama rapidamente se tornou um dos t\u00f3picos mais comentados na web, com cr\u00edticas pela falta de compostura durante um evento de alto n\u00edvel.\n<\/p>\n<p>ASSISTA:<\/p>\n<p>Fonte: Reprodu\u00e7\u00e3o\/Redes Sociais              <\/p>\n<\/div>\n<p><br \/>\n<br \/><a href=\"https:\/\/diariodobrasilnoticias.com.br\/noticia\/janja-aparentemente-gripada-participa-da-mesa-do-g20-e-assoa-o-nariz-de-forma-deselegante-veja-video-673b4ab1505f4\">Source link <\/a><\/p>","protected":false},"excerpt":{"rendered":"<p>Durante o discurso de Lula na reuni\u00e3o do G20, Janja, aparentemente resfriada, foi flagrada assoando o nariz de forma deselegante, o que gerou rea\u00e7\u00f5es nas redes sociais. O incidente ocorreu&hellip;<\/p>","protected":false},"author":1,"featured_media":61482,"comment_status":"closed","ping_status":"open","sticky":false,"template":"","format":"standard","meta":{"content-type":"","footnotes":""},"categories":[16],"tags":[123,2448,5313,1267],"class_list":["post-61481","post","type-post","status-publish","format-standard","has-post-thumbnail","hentry","category-noticias","tag-brasil","tag-diario","tag-noticia","tag-noticias"],"_links":{"self":[{"href":"https:\/\/tvbrazilusa.com\/pt\/wp-json\/wp\/v2\/posts\/61481","targetHints":{"allow":["GET"]}}],"collection":[{"href":"https:\/\/tvbrazilusa.com\/pt\/wp-json\/wp\/v2\/posts"}],"about":[{"href":"https:\/\/tvbrazilusa.com\/pt\/wp-json\/wp\/v2\/types\/post"}],"author":[{"embeddable":true,"href":"https:\/\/tvbrazilusa.com\/pt\/wp-json\/wp\/v2\/users\/1"}],"replies":[{"embeddable":true,"href":"https:\/\/tvbrazilusa.com\/pt\/wp-json\/wp\/v2\/comments?post=61481"}],"version-history":[{"count":1,"href":"https:\/\/tvbrazilusa.com\/pt\/wp-json\/wp\/v2\/posts\/61481\/revisions"}],"predecessor-version":[{"id":61483,"href":"https:\/\/tvbrazilusa.com\/pt\/wp-json\/wp\/v2\/posts\/61481\/revisions\/61483"}],"wp:featuredmedia":[{"embeddable":true,"href":"https:\/\/tvbrazilusa.com\/pt\/wp-json\/wp\/v2\/media\/61482"}],"wp:attachment":[{"href":"https:\/\/tvbrazilusa.com\/pt\/wp-json\/wp\/v2\/media?parent=61481"}],"wp:term":[{"taxonomy":"category","embeddable":true,"href":"https:\/\/tvbrazilusa.com\/pt\/wp-json\/wp\/v2\/categories?post=61481"},{"taxonomy":"post_tag","embeddable":true,"href":"https:\/\/tvbrazilusa.com\/pt\/wp-json\/wp\/v2\/tags?post=61481"}],"curies":[{"name":"wp","href":"https:\/\/api.w.org\/{rel}","templated":true}]}}