{"id":61571,"date":"2024-11-18T19:15:09","date_gmt":"2024-11-18T19:15:09","guid":{"rendered":"https:\/\/tvbrazilusa.com\/2024\/11\/18\/lula-faz-declaracoes-controversas-sobre-a-fome-no-brasil-durante-a-abertura-do-g20-gerando-debates-sobre-a-precisao-dos-dados-apresentados-veja-video\/"},"modified":"2024-11-18T19:15:10","modified_gmt":"2024-11-18T19:15:10","slug":"lula-faz-declaracoes-controversas-sobre-a-fome-no-brasil-durante-a-abertura-do-g20-gerando-debates-sobre-a-precisao-dos-dados-apresentados-veja-video","status":"publish","type":"post","link":"https:\/\/tvbrazilusa.com\/pt\/2024\/11\/18\/lula-faz-declaracoes-controversas-sobre-a-fome-no-brasil-durante-a-abertura-do-g20-gerando-debates-sobre-a-precisao-dos-dados-apresentados-veja-video\/","title":{"rendered":"Lula faz declara\u00e7\u00f5es controversas sobre a fome no Brasil durante a abertura do G20, gerando debates sobre a precis\u00e3o dos dados apresentados; VEJA V\u00cdDEO"},"content":{"rendered":"<p> <script async src=\"https:\/\/pagead2.googlesyndication.com\/pagead\/js\/adsbygoogle.js?client=ca-pub-8864793242727901\"\r\n     crossorigin=\"anonymous\"><\/script><br \/>\n<\/p>\n<div id=\"taboola-read-more\" style=\"display:block; width:100%\">\n<p>O presidente Luiz In\u00e1cio Lula da Silva (PT) voltou a mentir sobre os n\u00fameros da fome no Brasil, desta vez durante a abertura da C\u00fapula do G20. O evento come\u00e7ou nesta segunda-feira, 18, no Rio de Janeiro.\n<\/p>\n<p>Durante discurso no in\u00edcio da reuni\u00e3o, Lula alegou ter \u201cacabado com a fome\u201d no Brasil em 2014 e sugeriu ter encontrado o pa\u00eds na mesma situa\u00e7\u00e3o depois de seu retorno \u00e0 Presid\u00eancia, em 2023.<\/p>\n<p>\u201cConseguimos sair do Mapa da Fome, da FAO, em 2014, para o qual voltamos em 2022, em um contexto de desarticula\u00e7\u00e3o do estado de bem-estar social\u201d, disse Lula. \u201cFoi com tristeza que, ao voltar ao governo, encontrei um pa\u00eds com 33 milh\u00f5es de pessoas famintas. Em um ano e 11 meses, o retorno desses programas j\u00e1 retirou mais de 24,5 milh\u00f5es de pessoas da extrema pobreza. At\u00e9 2026, novamente, sairemos do Mapa da Fome.\u201d\n<\/p>\n<p>No discurso, Lula disse que os dados sobre a fome s\u00e3o da Organiza\u00e7\u00e3o das Na\u00e7\u00f5es Unidas para a Alimenta\u00e7\u00e3o e a Agricultura (FAO). A FAO, no entanto, n\u00e3o usa mais o Mapa da Fome para divulgar informa\u00e7\u00f5es sobre subalimenta\u00e7\u00e3o, j\u00e1 que adota outras abordagens.\n<\/p>\n<p>Essas informa\u00e7\u00f5es constam no 2\u00ba Inqu\u00e9rito Nacional sobre Inseguran\u00e7a Alimentar no Contexto da Pandemia da Covid-19 no Brasil, divulgado em junho de 2022 pela Rede Brasileira de Pesquisa em Soberania e Seguran\u00e7a Alimentar e Nutricional (Pessan).\n<\/p>\n<p>Esta n\u00e3o \u00e9 a primeira vez que o presidente utiliza esses dados para falar da fome no Brasil. No m\u00eas passado, Lula citou as mesmas informa\u00e7\u00f5es durante um encontro com o magnata e fundador da Microsoft, Bill Gates.\n<\/p>\n<p><strong>Pesquisa tem erros estat\u00edsticos<\/strong><br \/>Conforme exposto pela Edi\u00e7\u00e3o 152 da Revista Oeste, a pesquisa que cita o n\u00famero de 33 milh\u00f5es de pessoas com fome possui erros estat\u00edsticos. Para afirmar que o Brasil tem 33 milh\u00f5es de famintos, a Penssan comparou dois inqu\u00e9ritos encomendados a ela mesma.\n<\/p>\n<p>O primeiro levantamento aconteceu em dezembro de 2020, no in\u00edcio da pandemia, em 2.180 lares em todo o Brasil. Ele mostrou que 9% da popula\u00e7\u00e3o, ou 19 milh\u00f5es de brasileiros, enfrentava inseguran\u00e7a alimentar.\n<\/p>\n<p>A segunda pesquisa, mais ampla, foi feita entre novembro de 2021 e abril de 2022, com 12.745 domic\u00edlios visitados. O resultado mostrou que 15% dos brasileiros estavam passando fome, totalizando 33 milh\u00f5es de pessoas.\n<\/p>\n<p>Realizada durante a pandemia de covid-19, a pesquisa usou oito perguntas focadas no que os entrevistados sentiram nos \u00faltimos tr\u00eas meses. No entanto, a representatividade da amostra \u00e9 question\u00e1vel, j\u00e1 que o documento publicado n\u00e3o traz informa\u00e7\u00f5es detalhadas. A pedido de Oeste, o cientista de dados Leonardo Dias analisou a amostra.\n<\/p>\n<p>De acordo com o especialista, houve uma sucess\u00e3o de erros. \u201cEm primeiro lugar, foi usada a Pesquisa Nacional por Amostra de Domic\u00edlios (PNAD) de 2015, sendo que j\u00e1 est\u00e1 dispon\u00edvel a PNAD 2021, que tem uma propor\u00e7\u00e3o de amostra de sal\u00e1rio bem diferente\u201d, afirmou Dias. \u201cNa edi\u00e7\u00e3o mais recente, 38% da popula\u00e7\u00e3o ganhava at\u00e9 dois sal\u00e1rios m\u00ednimos; 40%, de dois a cinco; e 22%, acima de cinco sal\u00e1rios\u201d, disse.\n<\/p>\n<p>Os dados indicam a possibilidade de uma amostragem superestimada nas Regi\u00f5es Norte e Nordeste, onde a situa\u00e7\u00e3o da inseguran\u00e7a alimentar \u00e9 mais grave, e subestimada nas Regi\u00f5es Sul e Sudeste, onde o problema \u00e9 menor.\n<\/p>\n<p><strong>Relat\u00f3rio da pr\u00f3pria ONU desmente Lula<\/strong><br \/>No Brasil, cerca de 8,4 milh\u00f5es de pessoas enfrentaram a fome entre 2021 e 2023, de acordo com um estudo de cinco ag\u00eancias da Organiza\u00e7\u00e3o das A\u00e7\u00f5es Unidas (ONU). O relat\u00f3rio tamb\u00e9m revela que 39,7 milh\u00f5es de brasileiros viveram em inseguran\u00e7a alimentar durante o mesmo per\u00edodo, sendo 14,3 milh\u00f5es em estado severo.\n<\/p>\n<p>As informa\u00e7\u00f5es s\u00e3o do relat\u00f3rio \u201cO Estado da Seguran\u00e7a Alimentar e Nutri\u00e7\u00e3o no Mundo\u201d, da FAO e ag\u00eancias parceiras, divulgado em 24 de julho.\n<\/p>\n<p>Globalmente, a fome permaneceu est\u00e1vel nos \u00faltimos tr\u00eas anos, depois de um aumento durante a pandemia.\n<\/p>\n<p>Em 2023, entre 713 milh\u00f5es e 757 milh\u00f5es de pessoas podem ter passado fome, equivalente a uma cem cada 11 pessoas no mundo. A inseguran\u00e7a alimentar global (moderada ou severa) afetou 28,9% da popula\u00e7\u00e3o mundial.\n<\/p>\n<p>De acordo com a FAO, a desnutri\u00e7\u00e3o no Brasil foi de 3,9% entre 2021 e 2023, enquanto a inseguran\u00e7a alimentar atingiu 18,4%.\n<\/p>\n<p>Fonte: Revista\u00a0 Oeste              <\/p>\n<\/div>\n<p><br \/>\n<br \/><a href=\"https:\/\/diariodobrasilnoticias.com.br\/noticia\/lula-faz-declaracoes-controversas-sobre-a-fome-no-brasil-durante-a-abertura-do-g20-gerando-debates-sobre-a-precisao-dos-dados-apresentados-veja-video-673b6f49965d7\">Source link <\/a><\/p>","protected":false},"excerpt":{"rendered":"<p>O presidente Luiz In\u00e1cio Lula da Silva (PT) voltou a mentir sobre os n\u00fameros da fome no Brasil, desta vez durante a abertura da C\u00fapula do G20. O evento come\u00e7ou&hellip;<\/p>","protected":false},"author":1,"featured_media":61572,"comment_status":"closed","ping_status":"open","sticky":false,"template":"","format":"standard","meta":{"content-type":"","footnotes":""},"categories":[16],"tags":[123,2448,5313,1267],"class_list":["post-61571","post","type-post","status-publish","format-standard","has-post-thumbnail","hentry","category-noticias","tag-brasil","tag-diario","tag-noticia","tag-noticias"],"_links":{"self":[{"href":"https:\/\/tvbrazilusa.com\/pt\/wp-json\/wp\/v2\/posts\/61571","targetHints":{"allow":["GET"]}}],"collection":[{"href":"https:\/\/tvbrazilusa.com\/pt\/wp-json\/wp\/v2\/posts"}],"about":[{"href":"https:\/\/tvbrazilusa.com\/pt\/wp-json\/wp\/v2\/types\/post"}],"author":[{"embeddable":true,"href":"https:\/\/tvbrazilusa.com\/pt\/wp-json\/wp\/v2\/users\/1"}],"replies":[{"embeddable":true,"href":"https:\/\/tvbrazilusa.com\/pt\/wp-json\/wp\/v2\/comments?post=61571"}],"version-history":[{"count":1,"href":"https:\/\/tvbrazilusa.com\/pt\/wp-json\/wp\/v2\/posts\/61571\/revisions"}],"predecessor-version":[{"id":61573,"href":"https:\/\/tvbrazilusa.com\/pt\/wp-json\/wp\/v2\/posts\/61571\/revisions\/61573"}],"wp:featuredmedia":[{"embeddable":true,"href":"https:\/\/tvbrazilusa.com\/pt\/wp-json\/wp\/v2\/media\/61572"}],"wp:attachment":[{"href":"https:\/\/tvbrazilusa.com\/pt\/wp-json\/wp\/v2\/media?parent=61571"}],"wp:term":[{"taxonomy":"category","embeddable":true,"href":"https:\/\/tvbrazilusa.com\/pt\/wp-json\/wp\/v2\/categories?post=61571"},{"taxonomy":"post_tag","embeddable":true,"href":"https:\/\/tvbrazilusa.com\/pt\/wp-json\/wp\/v2\/tags?post=61571"}],"curies":[{"name":"wp","href":"https:\/\/api.w.org\/{rel}","templated":true}]}}