{"id":6169,"date":"2024-07-23T13:15:00","date_gmt":"2024-07-23T13:15:00","guid":{"rendered":"https:\/\/tvbrazilusa.com\/2024\/07\/23\/primo-e-ex-socio-de-ministro-de-lula-abre-mineradora-em-mg-paulo-figueiredo\/"},"modified":"2024-07-23T13:22:47","modified_gmt":"2024-07-23T13:22:47","slug":"primo-e-ex-socio-de-ministro-de-lula-abre-mineradora-em-mg-paulo-figueiredo","status":"publish","type":"post","link":"https:\/\/tvbrazilusa.com\/pt\/2024\/07\/23\/primo-e-ex-socio-de-ministro-de-lula-abre-mineradora-em-mg-paulo-figueiredo\/","title":{"rendered":"Primo e ex-s\u00f3cio de ministro de Lula abre mineradora em MG &#8211; Paulo Figueiredo"},"content":{"rendered":"<p> <script async src=\"https:\/\/pagead2.googlesyndication.com\/pagead\/js\/adsbygoogle.js?client=ca-pub-8864793242727901\"\r\n     crossorigin=\"anonymous\"><\/script><br \/>\n<\/p>\n<div id=\"wtr-content\" data-bg=\"#FFFFFF\" data-fg=\"#006d91\" data-width=\"25\" data-mute=\"1\" data-fgopacity=\"1.00\" data-mutedopacity=\"0.5\" data-placement=\"bottom\" data-placement-offset=\"0\" data-content-offset=\"262\" data-placement-touch=\"bottom\" data-placement-offset-touch=\"0\" data-transparent=\"\" data-shadow=\"0\" data-touch=\"1\" data-non-touch=\"1\" data-comments=\"0\" data-commentsbg=\"transparent\" data-location=\"page\" data-mutedfg=\"#006d91\" data-endfg=\"#006d91\" data-rtl=\"\">\n<h4 class=\"wp-block-heading\">Claudio Lucio de Magalh\u00e3es Silveira Junior, primo e ex-s\u00f3cio do ministro de\u00a0<strong>Minas e Energia<\/strong>, Alexandre Silveira (PSD-MG), abriu uma mineradora tr\u00eas meses depois Silveira assumir a pasta.<\/h4>\n<p>Em abril, a Belcs Minera\u00e7\u00e3o recebeu licen\u00e7a para pesquisar diamantes em Guarda-Mor, munic\u00edpio de Minas Gerais, onde a fam\u00edlia do ministro Alexandre Silveira possui propriedades. As informa\u00e7\u00f5es s\u00e3o do jornal\u00a0<em><strong>Folha de S. Paulo<\/strong><\/em>.<\/p>\n<p>Claudio Junior \u00e9 filho do maior doador de campanha de Alexandre Silveira ao Senado em 2022, que contribuiu com R$ 530 mil. Oito meses antes das elei\u00e7\u00f5es, o ministro vendeu uma fazenda ao seu tio por R$ 3,8 milh\u00f5es, tendo comprado o im\u00f3vel por R$ 1,3 milh\u00e3o nove anos antes.<\/p>\n<h2 class=\"wp-block-heading\">Liga\u00e7\u00e3o entre Alexandre Silveira e Claudio Junior<\/h2>\n<p>Claudio Junior era s\u00f3cio de Silveira at\u00e9 maio deste ano em uma construtora de Belo Horizonte. Todos os empreendimentos anunciados pela empresa s\u00e3o tamb\u00e9m de uma construtora localizada no mesmo endere\u00e7o da Belcs Minera\u00e7\u00e3o.<\/p>\n<p>O governo\u00a0<strong>Lula decretou sigilo de 100 anos na declara\u00e7\u00e3o de conflito de interesses de Silveira<\/strong>. Esse documento cont\u00e9m informa\u00e7\u00f5es fiscais, banc\u00e1rias e patrimoniais das autoridades p\u00fablicas, al\u00e9m de poss\u00edveis conflitos de interesse.<\/p>\n<p>O C\u00f3digo de Conduta da Alta Administra\u00e7\u00e3o Federal exige que autoridades p\u00fablicas informem sobre sua situa\u00e7\u00e3o patrimonial que possa suscitar conflito com o interesse p\u00fablico.<\/p>\n<p>A lei de conflitos de interesse para servidores p\u00fablicos exige comunica\u00e7\u00e3o \u00e0 chefia se familiares de at\u00e9 terceiro grau atuarem em atividades privadas que possam gerar conflito.<\/p>\n<p>Especialistas destacam a proximidade econ\u00f4mica e pol\u00edtica entre Silveira e seu primo. Juliana Sakei, da Transpar\u00eancia Brasil, afirmou que \u201ca partir dessas informa\u00e7\u00f5es, est\u00e1 muito claro que a rela\u00e7\u00e3o dele com o primo, para al\u00e9m do parentesco, \u00e9 marcada por interesses comuns econ\u00f4micos e pol\u00edticos.\u201d<\/p>\n<h4 class=\"wp-block-heading\">Minist\u00e9rio nega conflito de interesse<\/h4>\n<p>Com o sigilo decretado, \u00e9 invi\u00e1vel saber oficialmente se o ministro apresentou documentos comunicando eventual conflito de interesse. Em 27 de junho, a\u00a0<strong><em>Folha de S. Paulo<\/em><\/strong>\u00a0questionou a Casa Civil sobre a entrega desses documentos. A resposta foi prorrogada at\u00e9 29 de julho.<\/p>\n<p>O Minist\u00e9rio de Minas e Energia descartou conflito de interesse e afirmou que primos s\u00e3o parentes de quarto grau. Disse ainda que o processo da Belcs tramitou exclusivamente na unidade da Ag\u00eancia Nacional de Minera\u00e7\u00e3o (ANM) em Minas Gerais. A ag\u00eancia sofre com falta de estrutura e pessoal.<\/p>\n<h4 class=\"wp-block-heading\">Detalhes sobre a Belcs Minera\u00e7\u00e3o<\/h4>\n<p>A Belcs Minera\u00e7\u00e3o, fundada em mar\u00e7o, \u00e9 de propriedade de uma\u00a0<em>holding<\/em>\u00a0de Claudio Junior, que at\u00e9 maio deste ano detinha 20% das a\u00e7\u00f5es da Construtora Ambientalmente Sustent\u00e1vel. O ministro possu\u00eda 80% do neg\u00f3cio por meio de uma\u00a0<em>holding<\/em>\u00a0agora presidida por sua filha.<\/p>\n<p>A venda de a\u00e7\u00f5es para o ministro ocorreu em 9 de maio, pouco mais de um m\u00eas ap\u00f3s a Belcs obter autoriza\u00e7\u00e3o para pesquisar diamantes. Claudio Junior vendeu todas suas cotas por R$ 160 mil, valor que especialistas consideram inferior ao potencial valor de mercado da empresa.<\/p>\n<h4 class=\"wp-block-heading\">Estreita conex\u00e3o entre Silveira e Claudio<\/h4>\n<p>A conex\u00e3o entre Silveira e Claudio \u00e9 estreita, com empreendimentos anunciados pela CAS tamb\u00e9m sendo promovidos por outra construtora no mesmo endere\u00e7o da Belcs. A autoriza\u00e7\u00e3o para a pesquisa de diamantes foi publicada no Di\u00e1rio Oficial da Uni\u00e3o em 1\u00ba de abril deste ano.<\/p>\n<p>Odete Medauar, da USP, afirmou que Silveira deveria informar \u00e0 Presid\u00eancia sobre a liga\u00e7\u00e3o de seu primo com a mineradora. Guilherme France, da Transpar\u00eancia Internacional Brasil, destacou a necessidade de presta\u00e7\u00e3o de contas em casos de suspeitas de corrup\u00e7\u00e3o e conflito de interesse.<\/p>\n<p>O Minist\u00e9rio de Minas e Energia reiterou que a atua\u00e7\u00e3o do ministro Alexandre Silveira \u201csempre se pauta dentro da estrita legalidade e com total transpar\u00eancia\u201d.<\/p>\n<p><strong><a href=\"https:\/\/revistaoeste.com\/politica\/primo-e-ex-socio-de-alexandre-silveira-abre-mineradora-em-mg\/\">Source link<\/a><\/strong><\/p>\n<\/div>\n<p><br \/>\n<br \/><a href=\"https:\/\/paulofigueiredoshow.com\/primo-e-ex-socio-de-ministro-de-lula-abre-mineradora-em-mg\/\">Source link <\/a><\/p>","protected":false},"excerpt":{"rendered":"<p>Claudio Lucio de Magalh\u00e3es Silveira Junior, primo e ex-s\u00f3cio do ministro de\u00a0Minas e Energia, Alexandre Silveira (PSD-MG), abriu uma mineradora tr\u00eas meses depois Silveira assumir a pasta. Em abril, a&hellip;<\/p>","protected":false},"author":1,"featured_media":6170,"comment_status":"closed","ping_status":"open","sticky":false,"template":"","format":"standard","meta":{"content-type":"","footnotes":""},"categories":[16],"tags":[],"class_list":["post-6169","post","type-post","status-publish","format-standard","has-post-thumbnail","hentry","category-noticias"],"_links":{"self":[{"href":"https:\/\/tvbrazilusa.com\/pt\/wp-json\/wp\/v2\/posts\/6169","targetHints":{"allow":["GET"]}}],"collection":[{"href":"https:\/\/tvbrazilusa.com\/pt\/wp-json\/wp\/v2\/posts"}],"about":[{"href":"https:\/\/tvbrazilusa.com\/pt\/wp-json\/wp\/v2\/types\/post"}],"author":[{"embeddable":true,"href":"https:\/\/tvbrazilusa.com\/pt\/wp-json\/wp\/v2\/users\/1"}],"replies":[{"embeddable":true,"href":"https:\/\/tvbrazilusa.com\/pt\/wp-json\/wp\/v2\/comments?post=6169"}],"version-history":[{"count":1,"href":"https:\/\/tvbrazilusa.com\/pt\/wp-json\/wp\/v2\/posts\/6169\/revisions"}],"predecessor-version":[{"id":6171,"href":"https:\/\/tvbrazilusa.com\/pt\/wp-json\/wp\/v2\/posts\/6169\/revisions\/6171"}],"wp:featuredmedia":[{"embeddable":true,"href":"https:\/\/tvbrazilusa.com\/pt\/wp-json\/wp\/v2\/media\/6170"}],"wp:attachment":[{"href":"https:\/\/tvbrazilusa.com\/pt\/wp-json\/wp\/v2\/media?parent=6169"}],"wp:term":[{"taxonomy":"category","embeddable":true,"href":"https:\/\/tvbrazilusa.com\/pt\/wp-json\/wp\/v2\/categories?post=6169"},{"taxonomy":"post_tag","embeddable":true,"href":"https:\/\/tvbrazilusa.com\/pt\/wp-json\/wp\/v2\/tags?post=6169"}],"curies":[{"name":"wp","href":"https:\/\/api.w.org\/{rel}","templated":true}]}}