{"id":6173,"date":"2024-07-23T13:16:14","date_gmt":"2024-07-23T13:16:14","guid":{"rendered":"https:\/\/tvbrazilusa.com\/2024\/07\/23\/luan-santana-e-jade-magalhaes-anunciam-chegada-do-primeiro-filho\/"},"modified":"2024-07-23T13:29:04","modified_gmt":"2024-07-23T13:29:04","slug":"luan-santana-e-jade-magalhaes-anunciam-chegada-do-primeiro-filho","status":"publish","type":"post","link":"https:\/\/tvbrazilusa.com\/pt\/2024\/07\/23\/luan-santana-e-jade-magalhaes-anunciam-chegada-do-primeiro-filho\/","title":{"rendered":"Luan Santana e Jade Magalh\u00e3es anunciam chegada do primeiro filho"},"content":{"rendered":"<p> <script async src=\"https:\/\/pagead2.googlesyndication.com\/pagead\/js\/adsbygoogle.js?client=ca-pub-8864793242727901\"\r\n     crossorigin=\"anonymous\"><\/script><br \/>\n<\/p>\n<div>\n<p>O mundo da m\u00fasica e dos famosos est\u00e1 em festa com a emocionante not\u00edcia de que Luan Santana e Jade Magalh\u00e3es est\u00e3o esperando seu primeiro filho. A confirma\u00e7\u00e3o veio da assessoria do cantor, desencadeando uma s\u00e9rie de felicita\u00e7\u00f5es por parte dos f\u00e3s e amigos famosos nas redes sociais.<\/p>\n<p>O casal, que tem uma hist\u00f3ria marcada por altos e baixos, recentemente reatou o relacionamento. Ap\u00f3s a surpreendente not\u00edcia, as redes sociais ficaram agitadas n\u00e3o apenas com felicita\u00e7\u00f5es, mas tamb\u00e9m com curiosidades sobre o futuro beb\u00ea. O an\u00fancio oficial incluiu uma descri\u00e7\u00e3o cheia de significado dos nomes dos pais, sugerindo que o nome da crian\u00e7a tamb\u00e9m ser\u00e1 bastante especial.<\/p>\n<figure class=\"wp-block-image size-full\"><picture decoding=\"async\" class=\"wp-image-159962\"><source type=\"image\/webp\" srcset=\"https:\/\/terrabrasilnoticias.com\/wp-content\/uploads\/2024\/07\/image-717.png.webp 600w, https:\/\/terrabrasilnoticias.com\/wp-content\/uploads\/2024\/07\/image-717-300x200.png.webp 300w\" sizes=\"(max-width: 600px) 100vw, 600px\"\/><\/picture><figcaption class=\"wp-element-caption\">Jade Magalh\u00e3es e Luan Santana \u2014 Foto: Instagram<\/figcaption><\/figure>\n<h2 class=\"wp-block-heading\">O que significa o nome escolhido por Luan e Jade?<\/h2>\n<p>Segundo a nota enviada pelos representantes de Luan Santana, o nome dele carrega caracter\u00edsticas de for\u00e7a e prote\u00e7\u00e3o, enquanto o de Jade est\u00e1 relacionado a beleza e cura, elementos que podem inspirar a escolha do nome do beb\u00ea. Essa escolha simb\u00f3lica retrata a ess\u00eancia que o casal deseja transmitir ao seu primeiro filho, combinando aspectos tanto da natureza quanto de suas heran\u00e7as pessoais.<\/p>\n<blockquote class=\"instagram-media\" data-instgrm-captioned=\"\" data-instgrm-permalink=\"https:\/\/www.instagram.com\/p\/C9vl5juyNhS\/?utm_source=ig_embed&#038;utm_campaign=loading\" data-instgrm-version=\"14\" style=\" background:#FFF; border:0; border-radius:3px; box-shadow:0 0 1px 0 rgba(0,0,0,0.5),0 1px 10px 0 rgba(0,0,0,0.15); margin: 1px; max-width:540px; min-width:326px; padding:0; width:99.375%; width:-webkit-calc(100% - 2px); width:calc(100% - 2px);\"\/>\n<h2 class=\"wp-block-heading\">Reconcilia\u00e7\u00e3o e Rea\u00e7\u00f5es dos F\u00e3s<\/h2>\n<p>Luan e Jade, que estiveram separados por um per\u00edodo, mostraram que o amor pode superar as adversidades. Eles retomaram o namoro ap\u00f3s uma cuidadosa reconsidera\u00e7\u00e3o de seus sentimentos e uma viagem rom\u00e2ntica ao M\u00e9xico. A not\u00edcia da gravidez vem como a consolida\u00e7\u00e3o dessa nova fase do casal, trazendo alegria n\u00e3o apenas aos envolvidos mas tamb\u00e9m aos seus muitos seguidores.<\/p>\n<p>Empolgados, celebridades como Maisa e Larissa Manoela expressaram seu entusiasmo na internet, deixando mensagens de carinho e apoio ao casal. Esta repercuss\u00e3o mostra o quanto Luan e Jade s\u00e3o queridos no meio art\u00edstico e entre seus f\u00e3s, que acompanham cada passo de suas vidas com afeto e admira\u00e7\u00e3o.<\/p>\n<h2 class=\"wp-block-heading\">A trajet\u00f3ria do casal<\/h2>\n<p>O relacionamento de Luan Santana e Jade Magalh\u00e3es sempre chamou aten\u00e7\u00e3o. Desde um noivado espetacular at\u00e9 simples momentos de cumplicidade capturados por f\u00e3s, eles mostraram que, apesar das dificuldades, \u00e9 poss\u00edvel reconstruir uma hist\u00f3ria de amor. A not\u00edcia do beb\u00ea, portanto, n\u00e3o apenas marca um novo come\u00e7o para Luan e Jade, mas tamb\u00e9m serve como inspira\u00e7\u00e3o para muitos que acompanham a trajet\u00f3ria do casal em busca de um final feliz.<\/p>\n<\/p><\/div>\n<p><script async defer src=\"https:\/\/platform.instagram.com\/en_US\/embeds.js\"><\/script><br \/>\n<br \/><br \/>\n<br \/><a href=\"https:\/\/terrabrasilnoticias.com\/2024\/07\/luan-santana-e-jade-magalhaes-anunciam-chegada-do-primeiro-filho\/\">Source link <\/a><\/p>","protected":false},"excerpt":{"rendered":"<p>O mundo da m\u00fasica e dos famosos est\u00e1 em festa com a emocionante not\u00edcia de que Luan Santana e Jade Magalh\u00e3es est\u00e3o esperando seu primeiro filho. A confirma\u00e7\u00e3o veio da&hellip;<\/p>","protected":false},"author":1,"featured_media":6174,"comment_status":"closed","ping_status":"open","sticky":false,"template":"","format":"standard","meta":{"content-type":"","footnotes":""},"categories":[16],"tags":[],"class_list":["post-6173","post","type-post","status-publish","format-standard","has-post-thumbnail","hentry","category-noticias"],"_links":{"self":[{"href":"https:\/\/tvbrazilusa.com\/pt\/wp-json\/wp\/v2\/posts\/6173","targetHints":{"allow":["GET"]}}],"collection":[{"href":"https:\/\/tvbrazilusa.com\/pt\/wp-json\/wp\/v2\/posts"}],"about":[{"href":"https:\/\/tvbrazilusa.com\/pt\/wp-json\/wp\/v2\/types\/post"}],"author":[{"embeddable":true,"href":"https:\/\/tvbrazilusa.com\/pt\/wp-json\/wp\/v2\/users\/1"}],"replies":[{"embeddable":true,"href":"https:\/\/tvbrazilusa.com\/pt\/wp-json\/wp\/v2\/comments?post=6173"}],"version-history":[{"count":1,"href":"https:\/\/tvbrazilusa.com\/pt\/wp-json\/wp\/v2\/posts\/6173\/revisions"}],"predecessor-version":[{"id":6175,"href":"https:\/\/tvbrazilusa.com\/pt\/wp-json\/wp\/v2\/posts\/6173\/revisions\/6175"}],"wp:featuredmedia":[{"embeddable":true,"href":"https:\/\/tvbrazilusa.com\/pt\/wp-json\/wp\/v2\/media\/6174"}],"wp:attachment":[{"href":"https:\/\/tvbrazilusa.com\/pt\/wp-json\/wp\/v2\/media?parent=6173"}],"wp:term":[{"taxonomy":"category","embeddable":true,"href":"https:\/\/tvbrazilusa.com\/pt\/wp-json\/wp\/v2\/categories?post=6173"},{"taxonomy":"post_tag","embeddable":true,"href":"https:\/\/tvbrazilusa.com\/pt\/wp-json\/wp\/v2\/tags?post=6173"}],"curies":[{"name":"wp","href":"https:\/\/api.w.org\/{rel}","templated":true}]}}