{"id":61730,"date":"2024-11-18T23:15:45","date_gmt":"2024-11-18T23:15:45","guid":{"rendered":"https:\/\/tvbrazilusa.com\/2024\/11\/18\/suecia-e-finlandia-intensificam-preparacao-da-populacao-para-possivel-guerra\/"},"modified":"2024-11-18T23:15:46","modified_gmt":"2024-11-18T23:15:46","slug":"suecia-e-finlandia-intensificam-preparacao-da-populacao-para-possivel-guerra","status":"publish","type":"post","link":"https:\/\/tvbrazilusa.com\/pt\/2024\/11\/18\/suecia-e-finlandia-intensificam-preparacao-da-populacao-para-possivel-guerra\/","title":{"rendered":"Su\u00e9cia e Finl\u00e2ndia intensificam prepara\u00e7\u00e3o da popula\u00e7\u00e3o para poss\u00edvel guerra"},"content":{"rendered":"<p> <script async src=\"https:\/\/pagead2.googlesyndication.com\/pagead\/js\/adsbygoogle.js?client=ca-pub-8864793242727901\"\r\n     crossorigin=\"anonymous\"><\/script><br \/>\n<\/p>\n<div id=\"taboola-read-more\" style=\"display:block; width:100%\">\n<p>Desde o in\u00edcio do conflito armado entre a R\u00fassia e a Ucr\u00e2nia, a Su\u00e9cia e a Finl\u00e2ndia, pa\u00edses da Uni\u00e3o Europeia pr\u00f3ximos da fronteira russa, alertam sua popula\u00e7\u00e3o sobre a possibilidade de uma guerra.\n<\/p>\n<p>As duas na\u00e7\u00f5es escandinavas abandonaram d\u00e9cadas de n\u00e3o alinhamento militar e aderiram \u00e0 Otan, a alian\u00e7a militar ocidental, depois que a R\u00fassia invadiu a Ucr\u00e2nia, em fevereiro de 2022.<\/p>\n<p>Paralelamente a esta campanha preventiva, os governos alem\u00e3o e finland\u00eas informaram, nesta segunda-feira, que est\u00e3o \u201cprofundamente preocupados\u201d com o rompimento de um cabo submarino de telecomunica\u00e7\u00f5es que liga os dois pa\u00edses, e falaram de \u201cguerra h\u00edbrida\u201d e da amea\u00e7a russa.\n<\/p>\n<p><strong>\u201cEst\u00e1 em curso uma investiga\u00e7\u00e3o minuciosa, a nossa seguran\u00e7a europeia n\u00e3o est\u00e1 apenas amea\u00e7ada pela guerra de agress\u00e3o da R\u00fassia contra a Ucr\u00e2nia, mas tamb\u00e9m pelas guerras h\u00edbridas travadas por atores maliciosos\u201d, escreveram os ministros das Rela\u00e7\u00f5es Exteriores dos dois pa\u00edses numa declara\u00e7\u00e3o conjunta transmitida por Berlim.<\/strong>\n<\/p>\n<p>Apesar das press\u00f5es, a Alemanha, que \u00e9 o segundo fornecedor de armas para a Ucr\u00e2nia, depois dos Estados Unidos, declarou que n\u00e3o enviar\u00e1 m\u00edsseis de longo alcance Taurus para a Ucr\u00e2nia. Berlim entregar\u00e1 apenas 4 mil drones guiados por intelig\u00eancia artificial (IA) \u00e0s for\u00e7as de Kiev.\n<\/p>\n<p>Folheto sueco faz recomenda\u00e7\u00f5es pr\u00e1ticas em caso de guerra<br \/>A Su\u00e9cia enviou a seus cidad\u00e3os um folheto com o t\u00edtulo \u201cOm krisen eller kriget kommer\u201d (\u201cEm caso de crise ou guerra\u201d), escrito pela Ag\u00eancia Sueca de Conting\u00eancias Civis (MSB). O panfleto cont\u00e9m recomenda\u00e7\u00f5es pr\u00e1ticas para lidar com crises como guerras, desastres naturais e ataques cibern\u00e9ticos.\n<\/p>\n<p>O documento de 32 p\u00e1ginas descreve, utilizando ilustra\u00e7\u00f5es simples, as amea\u00e7as que a Su\u00e9cia enfrenta e d\u00e1 conselhos sobre como armazenar alimentos e \u00e1gua, localiza\u00e7\u00e3o de abrigos antiat\u00f4micos e fontes de informa\u00e7\u00e3o confi\u00e1veis\n<\/p>\n<p>Documentos desse tipo j\u00e1 foram enviados no passado pelo governo sueco \u00e0 popula\u00e7\u00e3o. Esta \u00e9 a quinta vers\u00e3o, desde a Segunda Guerra Mundial. A anterior, distribu\u00edda em 2018, foi a primeira a ser divulgada depois da Guerra Fria (1947-1991).\n<\/p>\n<p>Em mar\u00e7o, o Banco da Su\u00e9cia fez um apelo \u00e0s autoridades e aos estabelecimentos banc\u00e1rios para que facilitassem a utiliza\u00e7\u00e3o de c\u00e9dulas em dinheiro, temendo uma paralisia da sociedade em caso de crise ou guerra. Os suecos praticamente n\u00e3o usam mais c\u00e9dulas no dia a dia, apenas cart\u00f5es de cr\u00e9dito, d\u00e9bito e transfer\u00eancias digitais para pagar as compras e fazer pagamentos.\n<\/p>\n<p>\u201cA situa\u00e7\u00e3o de seguran\u00e7a \u00e9 grave e todos precisamos refor\u00e7ar a nossa resili\u00eancia para podermos enfrentar as crises e, em \u00faltima an\u00e1lise, a guerra\u201d, disse Mikael Frisell, diretor do MSB, num comunicado de imprensa.\n<\/p>\n<p>A ajuda militar e econ\u00f4mica a Kiev \u00e9 uma prioridade para Estocolmo, que reitera que um conflito armado, dada a amea\u00e7a representada pela R\u00fassia, n\u00e3o pode ser descartado.\n<\/p>\n<p>Perigo real ou precau\u00e7\u00e3o?<br \/>Embora a Su\u00e9cia envie regularmente tropas para opera\u00e7\u00f5es de manuten\u00e7\u00e3o da paz, o pa\u00eds n\u00e3o esteve envolvido em conflitos armados desde as Guerras Napole\u00f4nicas, no fim do s\u00e9culo 18 e come\u00e7o do 19.\n<\/p>\n<p>Durante as pr\u00f3ximas duas semanas, 5,2 milh\u00f5es de folhetos \u2013 tamb\u00e9m dispon\u00edveis online em \u00e1rabe, farsi, ucraniano, polon\u00eas, somali e finland\u00eas \u2013 ser\u00e3o enviados \u00e0 popula\u00e7\u00e3o sueca.\n<\/p>\n<p>O documento n\u00e3o menciona explicitamente a Ucr\u00e2nia ou a R\u00fassia, mas sublinha que a amea\u00e7a militar \u00e0 Su\u00e9cia aumentou. \u201cDevemos nos preparar para o pior, como um ataque armado\u201d, diz.\n<\/p>\n<p>O governo da Finl\u00e2ndia, pa\u00eds que compartilha uma fronteira de 1.340 quil\u00f4metros com a R\u00fassia, tamb\u00e9m disponibilizou na segunda-feira aos seus cidad\u00e3os um site com recomenda\u00e7\u00f5es sobre como se preparar em caso de crise.\n<\/p>\n<p>Fran\u00e7a mant\u00e9m posi\u00e7\u00e3o sobre m\u00edsseis<br \/>Nesta segunda-feira, parlamentares russos declararam que a autoriza\u00e7\u00e3o concedida por Biden \u00e0 Ucr\u00e2nia, para utilizar m\u00edsseis americanos de longo alcance no territ\u00f3rio russo, poderia causar uma \u201cguerra mundial\u201d.\n<\/p>\n<p>Segundo um comunicado da chancelaria russa, \u201co uso de m\u00edsseis de longo alcance por parte de Kiev para atacar nosso territ\u00f3rio significaria a implica\u00e7\u00e3o direta dos Estados Unidos e seus sat\u00e9lites nas hostilidades com a R\u00fassia, e uma mudan\u00e7a radical na ess\u00eancia e na natureza do conflito\u201d, ressaltou a nota do Minist\u00e9rio das Rela\u00e7\u00f5es Exteriores.\n<\/p>\n<p>Outros pa\u00edses ocidentais, como a Fran\u00e7a, ainda n\u00e3o se posicionaram sobre o uso de seus m\u00edsseis de longo alcance pelo Ex\u00e9rcito ucraniano. Mas o ministro franc\u00eas de Rela\u00e7\u00f5es Exteriores, Jean-No\u00ebl Barrot, disse nesta segunda-feira, \u00e0s margens de uma reuni\u00e3o com chefes da diplomacia europeia em Bruxelas, que era uma \u201cpossibilidade\u201d.\n<\/p>\n<p>\u201cVoc\u00eas ouviram o presidente Macron em 25 de maio, em Meseberg, na Alemanha, onde n\u00f3s declaramos publicamente que era uma possibilidade que considerar\u00edamos, se permitisse atingir alvos onde os russos atacam o territ\u00f3rio ucraniano\u201d, disse o chanceler franc\u00eas, afirmando que \u201cn\u00e3o h\u00e1 nada de novo\u201d sobre o assunto.\n<\/p>\n<p>Outra decis\u00e3o de Biden na perspectiva do retorno de Donald Trump \u00e0 Casa Branca, que poderia fazer concess\u00f5es consideradas desfavor\u00e1veis para Kiev, foi a transfer\u00eancia do comando militar da Otan para os europeus.\n<\/p>\n<p>Fonte: Metr\u00f3poles              <\/p>\n<\/div>\n<p><br \/>\n<br \/><a href=\"https:\/\/diariodobrasilnoticias.com.br\/noticia\/suecia-e-finlandia-intensificam-preparacao-da-populacao-para-possivel-guerra-673bab53d24bf\">Source link <\/a><\/p>","protected":false},"excerpt":{"rendered":"<p>Desde o in\u00edcio do conflito armado entre a R\u00fassia e a Ucr\u00e2nia, a Su\u00e9cia e a Finl\u00e2ndia, pa\u00edses da Uni\u00e3o Europeia pr\u00f3ximos da fronteira russa, alertam sua popula\u00e7\u00e3o sobre a&hellip;<\/p>","protected":false},"author":1,"featured_media":61731,"comment_status":"closed","ping_status":"open","sticky":false,"template":"","format":"standard","meta":{"content-type":"","footnotes":""},"categories":[16],"tags":[123,2448,5313,1267],"class_list":["post-61730","post","type-post","status-publish","format-standard","has-post-thumbnail","hentry","category-noticias","tag-brasil","tag-diario","tag-noticia","tag-noticias"],"_links":{"self":[{"href":"https:\/\/tvbrazilusa.com\/pt\/wp-json\/wp\/v2\/posts\/61730","targetHints":{"allow":["GET"]}}],"collection":[{"href":"https:\/\/tvbrazilusa.com\/pt\/wp-json\/wp\/v2\/posts"}],"about":[{"href":"https:\/\/tvbrazilusa.com\/pt\/wp-json\/wp\/v2\/types\/post"}],"author":[{"embeddable":true,"href":"https:\/\/tvbrazilusa.com\/pt\/wp-json\/wp\/v2\/users\/1"}],"replies":[{"embeddable":true,"href":"https:\/\/tvbrazilusa.com\/pt\/wp-json\/wp\/v2\/comments?post=61730"}],"version-history":[{"count":1,"href":"https:\/\/tvbrazilusa.com\/pt\/wp-json\/wp\/v2\/posts\/61730\/revisions"}],"predecessor-version":[{"id":61732,"href":"https:\/\/tvbrazilusa.com\/pt\/wp-json\/wp\/v2\/posts\/61730\/revisions\/61732"}],"wp:featuredmedia":[{"embeddable":true,"href":"https:\/\/tvbrazilusa.com\/pt\/wp-json\/wp\/v2\/media\/61731"}],"wp:attachment":[{"href":"https:\/\/tvbrazilusa.com\/pt\/wp-json\/wp\/v2\/media?parent=61730"}],"wp:term":[{"taxonomy":"category","embeddable":true,"href":"https:\/\/tvbrazilusa.com\/pt\/wp-json\/wp\/v2\/categories?post=61730"},{"taxonomy":"post_tag","embeddable":true,"href":"https:\/\/tvbrazilusa.com\/pt\/wp-json\/wp\/v2\/tags?post=61730"}],"curies":[{"name":"wp","href":"https:\/\/api.w.org\/{rel}","templated":true}]}}