{"id":61733,"date":"2024-11-18T23:28:15","date_gmt":"2024-11-18T23:28:15","guid":{"rendered":"https:\/\/tvbrazilusa.com\/2024\/11\/18\/na-abertura-do-g20-lula-apresenta-informacoes-mentirosas-sobre-a-fome-no-brasil\/"},"modified":"2024-11-18T23:28:17","modified_gmt":"2024-11-18T23:28:17","slug":"na-abertura-do-g20-lula-apresenta-informacoes-mentirosas-sobre-a-fome-no-brasil","status":"publish","type":"post","link":"https:\/\/tvbrazilusa.com\/pt\/2024\/11\/18\/na-abertura-do-g20-lula-apresenta-informacoes-mentirosas-sobre-a-fome-no-brasil\/","title":{"rendered":"Na abertura do G20, Lula apresenta informa\u00e7\u00f5es mentirosas sobre a fome no Brasil"},"content":{"rendered":"<p> <script async src=\"https:\/\/pagead2.googlesyndication.com\/pagead\/js\/adsbygoogle.js?client=ca-pub-8864793242727901\"\r\n     crossorigin=\"anonymous\"><\/script><br \/>\n<\/p>\n<div id=\"taboola-read-more\" style=\"display:block; width:100%\">\n<p>Durante a abertura do primeiro dia da C\u00fapula de L\u00edderes do G20 nesta segunda-feira (18), o presidente Lula (PT) voltou a passar dados falsos sobre ter acabado com a fome no Brasil.\n<\/p>\n<p>\u2013 Conseguimos sair do Mapa da Fome da FAO em 2014, para o qual voltamos em 2022, em um contexto de desarticula\u00e7\u00e3o do Estado de bem-estar social. Foi com tristeza que, ao voltar ao governo, encontrei um pa\u00eds com 33 milh\u00f5es de pessoas famintas \u2014 declarou.<\/p>\n<p>E continuou:\n<\/p>\n<p>\u2013 Em um ano e 11 meses, o retorno desses programas j\u00e1 retirou mais de 24,5 milh\u00f5es de pessoas da extrema pobreza. At\u00e9 2026, novamente sairemos do Mapa da Fome.\n<\/p>\n<p>Os n\u00fameros compartilhados pelo petista foram divulgados pela Rede Brasileira de Pesquisa em Soberania e Seguran\u00e7a Alimentar e Nutricional (Pessan) em junho de 2022 no 2\u00ba Inqu\u00e9rito Nacional sobre Inseguran\u00e7a Alimentar no Contexto da Pandemia da Covid-19 no Brasil. Esses dados trazem, por\u00e9m, alguns erros.\n<\/p>\n<p>Feita entre novembro de 2021 e abril de 2022, com 12.745 domic\u00edlios visitados, a pesquisa apontou que 15% dos brasileiros, o correspondente a 33 milh\u00f5es de pessoas, enfrentam inseguran\u00e7a alimentar. Para chegar nessa conclus\u00e3o, os entrevistados responderam oito perguntas; todavia, a amostra do estudo \u00e9 question\u00e1vel e n\u00e3o traz informa\u00e7\u00f5es detalhadas.\n<\/p>\n<p>Os dados da ONU s\u00e3o bem menores do que o exposto pelo presidente brasileiro: entre os anos de 2021 e 2023, cerca de 8,4 milh\u00f5es de pessoas passavam fome no Brasil. Esse estudo usa dados de cinco ag\u00eancias ligadas \u00e0 ONU. O mesmo relat\u00f3rio fala que 39,7 milh\u00f5es de pessoas vivem em inseguran\u00e7a alimentar e 14,3 milh\u00f5es vivem em estado severo de fome.\n<\/p>\n<p>Fonte: Pleno News              <\/p>\n<\/div>\n<p><br \/>\n<br \/><a href=\"https:\/\/diariodobrasilnoticias.com.br\/noticia\/na-abertura-do-g20-lula-apresenta-informacoes-mentirosas-sobre-a-fome-no-brasil-673bac5e96328\">Source link <\/a><\/p>","protected":false},"excerpt":{"rendered":"<p>Durante a abertura do primeiro dia da C\u00fapula de L\u00edderes do G20 nesta segunda-feira (18), o presidente Lula (PT) voltou a passar dados falsos sobre ter acabado com a fome&hellip;<\/p>","protected":false},"author":1,"featured_media":61734,"comment_status":"closed","ping_status":"open","sticky":false,"template":"","format":"standard","meta":{"content-type":"","footnotes":""},"categories":[16],"tags":[123,2448,5313,1267],"class_list":["post-61733","post","type-post","status-publish","format-standard","has-post-thumbnail","hentry","category-noticias","tag-brasil","tag-diario","tag-noticia","tag-noticias"],"_links":{"self":[{"href":"https:\/\/tvbrazilusa.com\/pt\/wp-json\/wp\/v2\/posts\/61733","targetHints":{"allow":["GET"]}}],"collection":[{"href":"https:\/\/tvbrazilusa.com\/pt\/wp-json\/wp\/v2\/posts"}],"about":[{"href":"https:\/\/tvbrazilusa.com\/pt\/wp-json\/wp\/v2\/types\/post"}],"author":[{"embeddable":true,"href":"https:\/\/tvbrazilusa.com\/pt\/wp-json\/wp\/v2\/users\/1"}],"replies":[{"embeddable":true,"href":"https:\/\/tvbrazilusa.com\/pt\/wp-json\/wp\/v2\/comments?post=61733"}],"version-history":[{"count":1,"href":"https:\/\/tvbrazilusa.com\/pt\/wp-json\/wp\/v2\/posts\/61733\/revisions"}],"predecessor-version":[{"id":61735,"href":"https:\/\/tvbrazilusa.com\/pt\/wp-json\/wp\/v2\/posts\/61733\/revisions\/61735"}],"wp:featuredmedia":[{"embeddable":true,"href":"https:\/\/tvbrazilusa.com\/pt\/wp-json\/wp\/v2\/media\/61734"}],"wp:attachment":[{"href":"https:\/\/tvbrazilusa.com\/pt\/wp-json\/wp\/v2\/media?parent=61733"}],"wp:term":[{"taxonomy":"category","embeddable":true,"href":"https:\/\/tvbrazilusa.com\/pt\/wp-json\/wp\/v2\/categories?post=61733"},{"taxonomy":"post_tag","embeddable":true,"href":"https:\/\/tvbrazilusa.com\/pt\/wp-json\/wp\/v2\/tags?post=61733"}],"curies":[{"name":"wp","href":"https:\/\/api.w.org\/{rel}","templated":true}]}}