{"id":61765,"date":"2024-11-19T00:03:32","date_gmt":"2024-11-19T00:03:32","guid":{"rendered":"https:\/\/tvbrazilusa.com\/2024\/11\/19\/rumores-sobre-patriots-fonte-da-nfl-diz-que-jerod-mayo-e-sua-equipe-estao-seguros\/"},"modified":"2024-11-19T00:27:52","modified_gmt":"2024-11-19T00:27:52","slug":"rumores-sobre-patriots-fonte-da-nfl-diz-que-jerod-mayo-e-sua-equipe-estao-seguros","status":"publish","type":"post","link":"https:\/\/tvbrazilusa.com\/pt\/2024\/11\/19\/rumores-sobre-patriots-fonte-da-nfl-diz-que-jerod-mayo-e-sua-equipe-estao-seguros\/","title":{"rendered":"Rumores sobre Patriots: fonte da NFL diz que Jerod Mayo e sua equipe est\u00e3o \u2018seguros\u2019"},"content":{"rendered":"<p> <script async src=\"https:\/\/pagead2.googlesyndication.com\/pagead\/js\/adsbygoogle.js?client=ca-pub-8864793242727901\"\r\n     crossorigin=\"anonymous\"><\/script><br \/>\n<\/p>\n<div id=\"\">\n<header class=\"m-article-header m-article-header--standard\">\n\t\t\t\t\t\t\t\t\t\t\t\t<span id=\"article-header-primary-term\"><br \/>\n\t\t\t\t\t\t\t\t<a class=\"a-term a-term--primary\" href=\"https:\/\/www.boston.com\/tag\/new-england-patriots\/\"><\/p>\n<p>\t\t\t\t\t\t\t\tPatriotas\t\t\t\t\t\t\t\t<\/a><br \/>\n\t\t\t\t\t\t\t<\/span><\/p>\n<h2 class=\"m-article-header__sub-headline\">Mayo e sua equipe parecem estar na fila para outra chance na pr\u00f3xima temporada, de acordo com o The Athletic.<\/h2>\n<figure class=\"a-photo m-article-header__photo\"><figcaption class=\"a-photo__caption\">\n<p>\tJerod Mayo.<em> AP Foto\/Michael Dwyer<\/em>\t<\/figcaption><\/figure>\n<\/header>\n<div class=\"m-block t-amp__list-container m-article-list-container m-article-list-container--frame-border a-border-frame  a-list-header__headline--red m-article-list--alternative--default  m-article-list--floated\">\n<ul class=\"t-amp__list a-list--no-style m-article-list m-article-list--recirculation m-article-list--has-images\">\n<li class=\"m-article-list__item m-article-list__item--featured\">\n\t\t\t<a class=\"m-article-list__link-wrapper\" href=\"https:\/\/www.boston.com\/sports\/drake-maye\/2024\/11\/18\/drake-maye-jerod-mayo-report-comments\/?p1=article_recirc_inline_feature\" data-p1=\"article_recirc_inline_feature\"><br \/>\n\t\t\t\t<img fetchpriority=\"high\" decoding=\"async\" width=\"768\" height=\"432\" src=\"https:\/\/bdc2020.o0bc.com\/wp-content\/uploads\/2024\/11\/Rams_Patriots_Football_58465-673b768f681d3-768x432.jpg\" class=\"t-amp__list-image m-article-list__image m-article-list__image--full\" alt=\"Patriotas de Drake Maye\" aria-hidden=\"true\" srcset=\"https:\/\/bdc2020.o0bc.com\/wp-content\/uploads\/2024\/11\/Rams_Patriots_Football_58465-673b768f681d3-768x432.jpg?width=200 200w, https:\/\/bdc2020.o0bc.com\/wp-content\/uploads\/2024\/11\/Rams_Patriots_Football_58465-673b768f681d3-768x432.jpg?width=300 300w, https:\/\/bdc2020.o0bc.com\/wp-content\/uploads\/2024\/11\/Rams_Patriots_Football_58465-673b768f681d3-768x432.jpg?width=400 400w, https:\/\/bdc2020.o0bc.com\/wp-content\/uploads\/2024\/11\/Rams_Patriots_Football_58465-673b768f681d3-768x432.jpg?width=500 500w, https:\/\/bdc2020.o0bc.com\/wp-content\/uploads\/2024\/11\/Rams_Patriots_Football_58465-673b768f681d3-768x432.jpg?width=600 600w, https:\/\/bdc2020.o0bc.com\/wp-content\/uploads\/2024\/11\/Rams_Patriots_Football_58465-673b768f681d3-768x432.jpg?width=700 700w, https:\/\/bdc2020.o0bc.com\/wp-content\/uploads\/2024\/11\/Rams_Patriots_Football_58465-673b768f681d3-768x432.jpg?width=800 800w, https:\/\/bdc2020.o0bc.com\/wp-content\/uploads\/2024\/11\/Rams_Patriots_Football_58465-673b768f681d3-768x432.jpg?width=900 900w\" sizes=\"(max-width: 768px) 100vw, 768px\"\/>\t\t\t\t\t<\/p>\n<p><h4 class=\"m-article-list__headline t-amp__list-headline\">\n\t\t\t\t\t\t\t<span class=\"m-article-list__link a-link a-link--inline a-link--text-link a-link--text-link-dark\"><\/p>\n<p>\t\t\t\t\t\t\tJerod Mayo refuta relat\u00f3rio sobre Krafts buscando aconselhamento externo para ajudar a desenvolver Drake Maye\t\t\t\t\t\t\t<\/span><br \/>\n\t\t\t\t\t\t<\/h4>\n<\/p>\n<p>\t\t\t\t<\/a>\n\t\t\t<\/li>\n<li class=\"m-article-list__item\">\n\t\t\t\t\t<a class=\"m-article-list__link-wrapper\" href=\"https:\/\/www.boston.com\/sports\/morning-sports-update\/2024\/11\/18\/drake-maye-sean-mcvay-patriots-rams-comments\/?p1=article_recirc_inline_feed\" data-p1=\"article_recirc_inline_feed\"><\/p>\n<p><h4 class=\"m-article-list__headline\">\n\t\t\t\t\t\t\t\t\t<span class=\"m-article-list__link a-link a-link--inline a-link--text-link a-link--text-link-dark\"><\/p>\n<p>\t\t\t\t\t\t\t\t\tSean McVay elogiou Drake Maye como \u2018jogador especial\u2019 ap\u00f3s Rams-Patriots\t\t\t\t\t\t\t\t\t<\/span><br \/>\n\t\t\t\t\t\t\t\t<\/h4>\n<\/p>\n<p>\t\t\t\t\t\t<\/a>\n\t\t\t\t\t<\/li>\n<\/ul>\n<\/div>\n<p>De acordo com Dianna Russini do The Athletic, t\u00e9cnica do Patriots<a href=\"https:\/\/www.bostonglobe.com\/2024\/11\/18\/sports\/aftermath-another-loss-jerod-mayo-cites-patriots-execution-decision-making\/\"> Jerod Mayo<\/a> e acredita-se que sua equipe n\u00e3o perder\u00e1 seus empregos. <\/p>\n<p>\u201cNeste ponto da temporada, as pessoas da liga acreditam que esta comiss\u00e3o t\u00e9cnica est\u00e1 segura\u201d, <a href=\"https:\/\/twitter.com\/DMRussini\/status\/1858516801715388494\">Russini escreveu no X<\/a>. \u201cVeremos se isso muda.\u201d<\/p>\n<p>Os Patriots est\u00e3o 3-8 sob o comando do t\u00e9cnico novato. Eles venceram dois dos \u00faltimos quatro jogos e est\u00e3o a uma vit\u00f3ria de empatar o total de vit\u00f3rias do ano passado, que ficou abaixo<a href=\"https:\/\/www.boston.com\/sports\/new-england-patriots\/2024\/11\/11\/bill-belichick-espn-pat-mcafee-chicago-bears-new-england-patriots\/\"> Bill Belichick. <\/a><\/p>\n<p>Russini n\u00e3o descartou a possibilidade de mudan\u00e7as. Ela disse que a sensa\u00e7\u00e3o geral das pessoas com quem conversou \u00e9 que esta comiss\u00e3o t\u00e9cnica n\u00e3o corre perigo imediato de ser demitida. <\/p>\n<p><a href=\"https:\/\/deadspin.com\/one-and-done-nfl-coaches-1849836887\/\">Existem v\u00e1rios treinadores da NFL <\/a>que foram demitidos ap\u00f3s uma temporada ou menos, incluindo Nathaniel Hackett (2022 Broncos), Urban Meyer (2021 Jaguars) e Steve Wilks (2018 Cardinals).<\/p>\n<p>A hist\u00f3ria de Mayo como jogador do Patriots, o relacionamento com o propriet\u00e1rio Robert Kraft e a tend\u00eancia de Kraft de valorizar a longevidade dos treinadores s\u00e3o fatores que fazem parecer improv\u00e1vel que Mayo seja demitido ap\u00f3s esta temporada. <\/p>\n<p>Mayo foi duas vezes Pro Bowler e campe\u00e3o do Super Bowl como jogador e passou toda a sua carreira no Patriots. Kraft disse que escolheu Mayo para se tornar o sucessor de Belichick anos atr\u00e1s. Mayo \u00e9 apenas o terceiro t\u00e9cnico contratado pela Kraft desde que comprou o time em 1994. <\/p>\n<figure class=\"wp-block-embed is-type-rich is-provider-twitter wp-block-embed-twitter\"\/>\n<p>Belichick durou 24 dessas 31 temporadas. Pete Carroll esteve presente por tr\u00eas anos, e duas de suas tr\u00eas temporadas foram de vit\u00f3rias. Carroll durou apenas uma temporada com os Jets durante uma parada anterior. Antes de Carroll, a Kraft herdou Bill Parcells do grupo propriet\u00e1rio anterior.<\/p>\n<p>Os Patriots ainda t\u00eam seis jogos para mostrar o que podem fazer nesta temporada, e as coisas parecem diferentes agora com Drake Maye no centro. Quatro das oito derrotas ocorreram com Jacoby Brissett como titular. <\/p>\n<p>Neste ponto, o registro permanece desanimador. Existem apenas cinco times no campeonato com menos vit\u00f3rias. <\/p>\n<p>Al\u00e9m disso, a postagem de Russini foi uma resposta ao <em>Arauto de Boston<\/em>Andrew Callahan disse que estava cansado de escrever sobre os Patriots sendo derrotados no treinamento.<\/p>\n<p>Mayo e sua equipe passaram por dificuldades de crescimento junto com sua jovem equipe nesta temporada. A derrota de domingo para os Rams foi apenas o exemplo mais recente de tomada de decis\u00e3o question\u00e1vel. <\/p>\n<p>Ainda h\u00e1 muito futebol a ser jogado, mas a partir de agora, Mayo e sua equipe parecem estar na fila para tentar recuper\u00e1-lo no pr\u00f3ximo ano, de acordo com Russini.<\/p>\n<div class=\"o-author-single has-avatar\">\n<header class=\"m-author-card\">\n<div class=\"a-image a-image--square m-author-card__image\">\n\t\t<img decoding=\"async\" class=\"\" src=\"https:\/\/www.boston.com\/wp-content\/uploads\/2024\/10\/cropped-Screen-Shot-2024-01-26-at-4.59.30-PM-6706db53ae1d7-6706dcbabfba0-242x242.png\" alt=\"Imagem do perfil de Khari A. Thompson\"\/>\t<\/div>\n<div class=\"m-author-card__text\">\n<h3 class=\"m-author-card__title\"><a href=\"https:\/\/www.boston.com\/author\/kharia-thompson\">Khari A. Thompson<\/a><\/h3>\n<p><span class=\"m-author-card__subtitle\">Rep\u00f3rter Esportivo<\/span>\t<\/div>\n<\/header>\n<section class=\"author-info\">\n<hr class=\"m-author__section--hr\"\/>\n<div class=\"m-author__section\">\n<p>Khari Thompson cobre esportes profissionais para Boston.com. Antes de ingressar no time em 2022, Khari cobriu futebol universit\u00e1rio para o The Clarion Ledger em Jackson, Mississipi.<\/p>\n<\/div>\n<hr class=\"m-author__section--hr\"\/>\t<\/section>\n<\/div>\n<div class=\"m-block m-generic-cta\t m-generic-cta--post-content\t m-generic-cta--dark\t m-generic-cta--homepage\t m-generic-cta--email-signup\t\t m-generic-cta-block-style--default \tt-amp__generic-cta\"><\/p>\n<div class=\"m-generic-cta__wrap\">\n<div class=\"m-generic-cta__content\">\n<h3 class=\"m-generic-cta__title\">Inscreva-se para receber atualiza\u00e7\u00f5es do Patriots\ud83c\udfc8<\/h3>\n<p class=\"m-generic-cta__subtitle\">Receba as \u00faltimas not\u00edcias e an\u00e1lises em sua caixa de entrada durante a temporada de futebol.<\/p>\n<\/p><\/div>\n<\/p><\/div>\n<\/div><\/div>\n<p><script async src=\"\/\/platform.twitter.com\/widgets.js\" charset=\"utf-8\"><\/script><script>\n\t\tvar consent=\"grant\";\n\t\t\/* The above code is parsing the JSON data from the local storage and storing it in a variable. *\/\n\t\t\t\t\tconst onetrustStorageConsent = JSON.parse(localStorage.getItem( 'consent_one_trust_bdc' ) );\n\t\t\tif ( ( onetrustStorageConsent !== null ) ) {\n\t\t\t\t\/* Checking to see if the user has consented to the use of cookies.\n\t\t\t\t* If they have not, it is deleting the cookie.\n\t\t\t\t* This will comment for now, until further notice.\n\t\t\t\t*\/\n\t\t\t\t\/\/if ( onetrustStorageConsent.C0002 === false ) {\n\t\t\t\t\/\/\tdocument.cookie=\"_fbp=;expires=Thu, 01 Jan 2010 00:00:00 UTC; path=\/; domain=.boston.com\";\n\t\t\t\t\/\/}\n\t\t\t\t\/* Checking if the user has given consent for the cookie C0002.\n\t\t\t\t* If the user has given consent, the variable consent will be set to 'grant'.\n\t\t\t\t* If the user has not given consent,the variable consent will be set to 'revoke'.\n\t\t\t\t* Documentation https:\/\/developers.facebook.com\/docs\/meta-pixel\/implementation\/gdpr\n\t\t\t\t*\/\n\t\t\t\tif ( onetrustStorageConsent.C0002 !== true ) {\n\t\t\t\t\tconsent=\"revoke\";\n\t\t\t\t}\n\t\t\t}\n\t\t\t\t!function(f,b,e,v,n,t,s)\n\t\t{if(f.fbq)return;n=f.fbq=function(){n.callMethod?\n\t\tn.callMethod.apply(n,arguments):n.queue.push(arguments)};\n\t\tif(!f._fbq)f._fbq=n;n.push=n;n.loaded=!0;n.version='2.0';\n\t\tn.queue=[];t=b.createElement(e);t.async=!0;\n\t\tt.src=v;s=b.getElementsByTagName(e)[0];\n\t\ts.parentNode.insertBefore(t,s)}(window, document,'script',\n\t\t'https:\/\/connect.facebook.net\/en_US\/fbevents.js');\n\t\tfbq('consent', consent);\n\t\tfbq('init', '989222871864976');\n\t\tfbq('track', 'PageView');\n\t<\/script><script type=\"module\">\n\t\tvar consent=\"grant\";\n\t\t\/* The above code is parsing the JSON data from the local storage and storing it in a variable. *\/\n\t\t\tconst onetrustStorageConsent = JSON.parse(localStorage.getItem( 'consent_one_trust_bdc' ) );\n\t\t\t\/* Checking to see if the user has consented to the use of cookies.\n\t\t\t* If they have not, it is deleting the cookie.\n\t\t\t* This will comment for now, until further notice.\n\t\t\t*\/\n\t\t\t\/\/if ( onetrustStorageConsent.C0002 === false ) {\n\t\t\t\/\/\tdocument.cookie=\"_fbp=;expires=Thu, 01 Jan 2010 00:00:00 UTC; path=\/; domain=.boston.com\";\n\t\t\t\/\/}\n\t\t\t\/* Checking if the user has given consent for the cookie C0002.\n\t\t\t* If the user has given consent, the variable consent will be set to 'grant'.\n\t\t\t* If the user has not given consent,the variable consent will be set to 'revoke'.\n\t\t\t* Documentation https:\/\/developers.facebook.com\/docs\/meta-pixel\/implementation\/gdpr\n\t\t\t*\/\n\t\t\tif ( ( onetrustStorageConsent !== null ) && (onetrustStorageConsent.C0002 !== true ) ) {\n\t\t\t\tconsent=\"revoke\";\n\t\t\t}\n\t\t\t\t!function(f,b,e,v,n,t,s){if(f.fbq)return;n=f.fbq=function()\n\t\t{n.callMethod? n.callMethod.apply(n,arguments):n.queue.push(arguments)}\n\t\t;if(!f._fbq)f._fbq=n;\n\t\tn.push=n;n.loaded=!0;n.version='2.0';n.queue=[];t=b.createElement(e);t.async=!0;\n\t\tt.src=v;s=b.getElementsByTagName(e)[0];s.parentNode.insertBefore(t,s)}(window,\n\t\tdocument,'script','https:\/\/connect.facebook.net\/en_US\/fbevents.js');\n\t\tfbq('consent', consent);\n\t\tfbq('init', '813236348753005');\n\t\tfbq('track', \"PageView\");\n\t<\/script><br \/>\n<br \/><br \/>\n<br \/><a href=\"https:\/\/www.boston.com\/sports\/new-england-patriots\/2024\/11\/18\/jerod-mayo-job-status-safe-patriots-rumors-comments\/\">Source link <\/a><\/p>","protected":false},"excerpt":{"rendered":"<p>Patriotas Mayo e sua equipe parecem estar na fila para outra chance na pr\u00f3xima temporada, de acordo com o The Athletic. Jerod Mayo. AP Foto\/Michael Dwyer Jerod Mayo refuta relat\u00f3rio&hellip;<\/p>","protected":false},"author":1,"featured_media":61766,"comment_status":"closed","ping_status":"open","sticky":false,"template":"","format":"standard","meta":{"content-type":"","footnotes":""},"categories":[1],"tags":[],"class_list":["post-61765","post","type-post","status-publish","format-standard","has-post-thumbnail","hentry","category-uncategorized"],"_links":{"self":[{"href":"https:\/\/tvbrazilusa.com\/pt\/wp-json\/wp\/v2\/posts\/61765","targetHints":{"allow":["GET"]}}],"collection":[{"href":"https:\/\/tvbrazilusa.com\/pt\/wp-json\/wp\/v2\/posts"}],"about":[{"href":"https:\/\/tvbrazilusa.com\/pt\/wp-json\/wp\/v2\/types\/post"}],"author":[{"embeddable":true,"href":"https:\/\/tvbrazilusa.com\/pt\/wp-json\/wp\/v2\/users\/1"}],"replies":[{"embeddable":true,"href":"https:\/\/tvbrazilusa.com\/pt\/wp-json\/wp\/v2\/comments?post=61765"}],"version-history":[{"count":1,"href":"https:\/\/tvbrazilusa.com\/pt\/wp-json\/wp\/v2\/posts\/61765\/revisions"}],"predecessor-version":[{"id":61767,"href":"https:\/\/tvbrazilusa.com\/pt\/wp-json\/wp\/v2\/posts\/61765\/revisions\/61767"}],"wp:featuredmedia":[{"embeddable":true,"href":"https:\/\/tvbrazilusa.com\/pt\/wp-json\/wp\/v2\/media\/61766"}],"wp:attachment":[{"href":"https:\/\/tvbrazilusa.com\/pt\/wp-json\/wp\/v2\/media?parent=61765"}],"wp:term":[{"taxonomy":"category","embeddable":true,"href":"https:\/\/tvbrazilusa.com\/pt\/wp-json\/wp\/v2\/categories?post=61765"},{"taxonomy":"post_tag","embeddable":true,"href":"https:\/\/tvbrazilusa.com\/pt\/wp-json\/wp\/v2\/tags?post=61765"}],"curies":[{"name":"wp","href":"https:\/\/api.w.org\/{rel}","templated":true}]}}