{"id":61768,"date":"2024-11-19T00:34:11","date_gmt":"2024-11-19T00:34:11","guid":{"rendered":"https:\/\/tvbrazilusa.com\/2024\/11\/19\/tcu-inicia-nova-investigacao-sobre-os-gastos-do-janjapalooza\/"},"modified":"2024-11-19T00:34:12","modified_gmt":"2024-11-19T00:34:12","slug":"tcu-inicia-nova-investigacao-sobre-os-gastos-do-janjapalooza","status":"publish","type":"post","link":"https:\/\/tvbrazilusa.com\/pt\/2024\/11\/19\/tcu-inicia-nova-investigacao-sobre-os-gastos-do-janjapalooza\/","title":{"rendered":"TCU inicia nova investiga\u00e7\u00e3o sobre os gastos do \u2018Janjapalooza\u2019"},"content":{"rendered":"<p> <script async src=\"https:\/\/pagead2.googlesyndication.com\/pagead\/js\/adsbygoogle.js?client=ca-pub-8864793242727901\"\r\n     crossorigin=\"anonymous\"><\/script><br \/>\n<\/p>\n<div id=\"taboola-read-more\" style=\"display:block; width:100%\">\n<p>O Tribunal de Contas da Uni\u00e3o (TCU) instaurou nesta segunda-feira, 18, o terceiro procedimento para investigar os gastos do Festival de Cultura Alian\u00e7a Global contra a Fome e a Pobreza, que aconteceu em paralelo com a reuni\u00e3o do G-20 no Rio de Janeiro, evento apelidado de \u201cJanjapalooza\u201d por causa do envolvimento da primeira-dama Janja Lula da Silva. O caso desta segunda veio da representa\u00e7\u00e3o do deputado bolsonarista Sanderson (PL-RS) e se soma a outros dois abertos a pedido de Felipe Francischini (Uni\u00e3o Brasil-PR), Luiz Phelippe de Orleans e Bragan\u00e7a (PL-SP) e Gustavo Gayer (PL-GO).\n<\/p>\n<p>As representa\u00e7\u00f5es levadas ao TCU ao longo da semana passada alegam que houve gastos na ordem dos 33,5 milh\u00f5es de reais para o festival, que contou com o patroc\u00ednio de empresas estatais, como a Petrobras e Itaipu. \u201cNem sabemos qual \u00e9 o interesse p\u00fablico desse evento\u201d, disse Sanderson nesta segunda. Dois casos est\u00e3o sob relatoria do ministro Jorge Oliveira e um sob relatoria do ministro Walton Alencar Rodrigues.<\/p>\n<p>A abertura das representa\u00e7\u00f5es n\u00e3o tem, at\u00e9 o momento, nenhuma an\u00e1lise de m\u00e9rito. O TCU \u00e9 uma corte de jurisdi\u00e7\u00e3o administrativa, o que significa, na pr\u00e1tica, que n\u00e3o pode fixar condena\u00e7\u00f5es criminais ou arbitrar indeniza\u00e7\u00f5es. Vai ser analisada a licitude dos gastos e, no final, se o Tribunal decidir que houve irregularidades, pode determinar a devolu\u00e7\u00e3o do dinheiro aos cofres p\u00fablicos.\n<\/p>\n<p>O festival aconteceu nos dias 14, 15 e 16 de novembro e teve shows de artistas como Diogo Nogueira, Zeca Pagodinho, Maria Rita, Alceu Valen\u00e7a, Seu Jorge, Ney Matogrosso e Daniela Mercury, na Pra\u00e7a Mau\u00e1, centro da capital fluminense, com entrada gratuita.\n<\/p>\n<p>Durante os paineis do G20 Social, Janja se viu envolvida em outra pol\u00eamica. No s\u00e1bado, 16, durante um painel sobre combate \u00e0 desinforma\u00e7\u00e3o, a primeira-dama disparo um \u201cf*** you Elon Musk\u201d, direcionado ao magnata dono do X e da Tesla. No mesmo discurso, ela disse que o ministro do Supremo Tribunal Federal (STF) Alexandre de Moraes tem sido um \u201cgrande parceiro\u201d no enfrentamento \u00e0s fake news e disse que o homem-bomba que morreu nas depend\u00eancias do STF semana passada era um \u201cbest\u00e3o\u201d.\n<\/p>\n<p>Fonte: Veja              <\/p>\n<\/div>\n<p><br \/>\n<br \/><a href=\"https:\/\/diariodobrasilnoticias.com.br\/noticia\/tcu-inicia-nova-investigacao-sobre-os-gastos-do-janjapalooza-673bbe707dbba\">Source link <\/a><\/p>","protected":false},"excerpt":{"rendered":"<p>O Tribunal de Contas da Uni\u00e3o (TCU) instaurou nesta segunda-feira, 18, o terceiro procedimento para investigar os gastos do Festival de Cultura Alian\u00e7a Global contra a Fome e a Pobreza,&hellip;<\/p>","protected":false},"author":1,"featured_media":61769,"comment_status":"closed","ping_status":"open","sticky":false,"template":"","format":"standard","meta":{"content-type":"","footnotes":""},"categories":[16],"tags":[123,2448,5313,1267],"class_list":["post-61768","post","type-post","status-publish","format-standard","has-post-thumbnail","hentry","category-noticias","tag-brasil","tag-diario","tag-noticia","tag-noticias"],"_links":{"self":[{"href":"https:\/\/tvbrazilusa.com\/pt\/wp-json\/wp\/v2\/posts\/61768","targetHints":{"allow":["GET"]}}],"collection":[{"href":"https:\/\/tvbrazilusa.com\/pt\/wp-json\/wp\/v2\/posts"}],"about":[{"href":"https:\/\/tvbrazilusa.com\/pt\/wp-json\/wp\/v2\/types\/post"}],"author":[{"embeddable":true,"href":"https:\/\/tvbrazilusa.com\/pt\/wp-json\/wp\/v2\/users\/1"}],"replies":[{"embeddable":true,"href":"https:\/\/tvbrazilusa.com\/pt\/wp-json\/wp\/v2\/comments?post=61768"}],"version-history":[{"count":1,"href":"https:\/\/tvbrazilusa.com\/pt\/wp-json\/wp\/v2\/posts\/61768\/revisions"}],"predecessor-version":[{"id":61770,"href":"https:\/\/tvbrazilusa.com\/pt\/wp-json\/wp\/v2\/posts\/61768\/revisions\/61770"}],"wp:featuredmedia":[{"embeddable":true,"href":"https:\/\/tvbrazilusa.com\/pt\/wp-json\/wp\/v2\/media\/61769"}],"wp:attachment":[{"href":"https:\/\/tvbrazilusa.com\/pt\/wp-json\/wp\/v2\/media?parent=61768"}],"wp:term":[{"taxonomy":"category","embeddable":true,"href":"https:\/\/tvbrazilusa.com\/pt\/wp-json\/wp\/v2\/categories?post=61768"},{"taxonomy":"post_tag","embeddable":true,"href":"https:\/\/tvbrazilusa.com\/pt\/wp-json\/wp\/v2\/tags?post=61768"}],"curies":[{"name":"wp","href":"https:\/\/api.w.org\/{rel}","templated":true}]}}