{"id":61774,"date":"2024-11-19T00:46:31","date_gmt":"2024-11-19T00:46:31","guid":{"rendered":"https:\/\/tvbrazilusa.com\/2024\/11\/19\/gayer-questiona-a-secom-sobre-os-valores-milionarios-destinados-a-tv-globo\/"},"modified":"2024-11-19T00:46:32","modified_gmt":"2024-11-19T00:46:32","slug":"gayer-questiona-a-secom-sobre-os-valores-milionarios-destinados-a-tv-globo","status":"publish","type":"post","link":"https:\/\/tvbrazilusa.com\/pt\/2024\/11\/19\/gayer-questiona-a-secom-sobre-os-valores-milionarios-destinados-a-tv-globo\/","title":{"rendered":"Gayer questiona a Secom sobre os valores milion\u00e1rios destinados \u00e0 TV Globo"},"content":{"rendered":"<p> <script async src=\"https:\/\/pagead2.googlesyndication.com\/pagead\/js\/adsbygoogle.js?client=ca-pub-8864793242727901\"\r\n     crossorigin=\"anonymous\"><\/script><br \/>\n<\/p>\n<div>\n<figure class=\"post-image\">\n<\/figure>\n<p>            <span style=\"font-size: 12px\">Foto: Zeca Ribeiro \/ C\u00e2mara dos Deputados<\/span><\/p>\n<p>            <!-- end metas --><br \/>\n            <!-- ADS --><\/p>\n<div id=\"taboola-read-more\" style=\"display:block; width:100%\">\n<p>O deputado federal Gustavo Gayer (PL-GO) cobrou da Secretaria de Comunica\u00e7\u00e3o do Governo Federal (Secom) um detalhamento sobre os pagamentos realizados pela Presid\u00eancia da Rep\u00fablica \u00e0 TV Globo.\n<\/p>\n<p>Em menos de dois anos que Lula est\u00e1 \u00e0 frente do Planalto, a emissora j\u00e1 recebeu R$ 177,2 milh\u00f5es de reais via publicidade do governo federal. A quantia representa, at\u00e9 agora, R$ 200 mil reais a mais do que a TV Globo recebeu durante todo o mandato do ex-presidente Jair Bolsonaro (PL).<\/p>\n<p>A Globo foi a principal beneficiada entre os contratos de publicidade fechados pela Secretaria de Comunica\u00e7\u00e3o (Secom) durante este ano, com aproximadamente R$ 87,2 milh\u00f5es de reais, segundo levantamento realizado pela revista Veja.\n<\/p>\n<p>Gayer averigua se esses pagamentos milion\u00e1rios a uma emissora de TV n\u00e3o estariam comprometendo investimentos em \u00e1reas essenciais, como Sa\u00fade, Educa\u00e7\u00e3o, Seguran\u00e7a P\u00fablica, ainda mais se tratando de um governo perdul\u00e1rio que contraiu enorme crise fiscal.\n<\/p>\n<p>\u2013 O aumento significativo dos repasses para uma \u00fanica emissora, sem uma justificativa clara e fundamentada, pode levantar suspeitas de favorecimento e de falta de diversifica\u00e7\u00e3o na comunica\u00e7\u00e3o institucional do governo \u2013 advertiu Gustavo Gayer.\n<\/p>\n<p>Fonte: Pleno News              <\/p>\n<\/div>\n<p>                        <!-- Scripts para conteudo --><\/p>\n<p>            <!-- .\/Scripts para conteudo --><br \/>\n            <!-- .\/Mat\u00e9ria --><\/p>\n<div class=\"row mt-3\">\n<div class=\"col-sm-6\">\n                <!-- Whatsapp channel 3--><br \/>\n                <a href=\"https:\/\/chat.whatsapp.com\/J6hwSKYns5B0XFowx2wZ0P\" target=\"_blank\"><br \/>\n                  <img decoding=\"async\" src=\"https:\/\/diariodobrasilnoticias.com.br\/assets-site\/images\/bot_whatsapp.png\"\/><\/a>\n              <\/div>\n<div class=\"col-sm-6\">\n                <a href=\"https:\/\/t.me\/+_4gTmi5LKo03OTM5\" target=\"_blank\"><br \/>\n                  <img decoding=\"async\" src=\"https:\/\/diariodobrasilnoticias.com.br\/assets-site\/images\/bot_telegram.png\"\/><\/a>\n              <\/div>\n<\/p><\/div>\n<p>            <!-- end post-navigation --><\/p>\n<p>              <!-- end row --><\/p>\n<p>              <!-- end col-12-->\n                      <\/div>\n<p><br \/>\n<br \/><a href=\"https:\/\/diariodobrasilnoticias.com.br\/noticia\/gayer-questiona-a-secom-sobre-os-valores-milionarios-destinados-a-tv-globo-673babe2dccbb\">Source link <\/a><\/p>","protected":false},"excerpt":{"rendered":"<p>Foto: Zeca Ribeiro \/ C\u00e2mara dos Deputados O deputado federal Gustavo Gayer (PL-GO) cobrou da Secretaria de Comunica\u00e7\u00e3o do Governo Federal (Secom) um detalhamento sobre os pagamentos realizados pela Presid\u00eancia&hellip;<\/p>","protected":false},"author":1,"featured_media":61775,"comment_status":"closed","ping_status":"open","sticky":false,"template":"","format":"standard","meta":{"content-type":"","footnotes":""},"categories":[16],"tags":[123,2448,5313,1267],"class_list":["post-61774","post","type-post","status-publish","format-standard","has-post-thumbnail","hentry","category-noticias","tag-brasil","tag-diario","tag-noticia","tag-noticias"],"_links":{"self":[{"href":"https:\/\/tvbrazilusa.com\/pt\/wp-json\/wp\/v2\/posts\/61774","targetHints":{"allow":["GET"]}}],"collection":[{"href":"https:\/\/tvbrazilusa.com\/pt\/wp-json\/wp\/v2\/posts"}],"about":[{"href":"https:\/\/tvbrazilusa.com\/pt\/wp-json\/wp\/v2\/types\/post"}],"author":[{"embeddable":true,"href":"https:\/\/tvbrazilusa.com\/pt\/wp-json\/wp\/v2\/users\/1"}],"replies":[{"embeddable":true,"href":"https:\/\/tvbrazilusa.com\/pt\/wp-json\/wp\/v2\/comments?post=61774"}],"version-history":[{"count":1,"href":"https:\/\/tvbrazilusa.com\/pt\/wp-json\/wp\/v2\/posts\/61774\/revisions"}],"predecessor-version":[{"id":61776,"href":"https:\/\/tvbrazilusa.com\/pt\/wp-json\/wp\/v2\/posts\/61774\/revisions\/61776"}],"wp:featuredmedia":[{"embeddable":true,"href":"https:\/\/tvbrazilusa.com\/pt\/wp-json\/wp\/v2\/media\/61775"}],"wp:attachment":[{"href":"https:\/\/tvbrazilusa.com\/pt\/wp-json\/wp\/v2\/media?parent=61774"}],"wp:term":[{"taxonomy":"category","embeddable":true,"href":"https:\/\/tvbrazilusa.com\/pt\/wp-json\/wp\/v2\/categories?post=61774"},{"taxonomy":"post_tag","embeddable":true,"href":"https:\/\/tvbrazilusa.com\/pt\/wp-json\/wp\/v2\/tags?post=61774"}],"curies":[{"name":"wp","href":"https:\/\/api.w.org\/{rel}","templated":true}]}}