{"id":61818,"date":"2024-11-19T02:41:10","date_gmt":"2024-11-19T02:41:10","guid":{"rendered":"https:\/\/tvbrazilusa.com\/2024\/11\/19\/portugal-denuncia-a-presenca-de-navio-espiao-russo-em-sua-zona-maritima\/"},"modified":"2024-11-19T02:41:11","modified_gmt":"2024-11-19T02:41:11","slug":"portugal-denuncia-a-presenca-de-navio-espiao-russo-em-sua-zona-maritima","status":"publish","type":"post","link":"https:\/\/tvbrazilusa.com\/pt\/2024\/11\/19\/portugal-denuncia-a-presenca-de-navio-espiao-russo-em-sua-zona-maritima\/","title":{"rendered":"Portugal denuncia a presen\u00e7a de navio-espi\u00e3o russo em sua zona mar\u00edtima"},"content":{"rendered":"<p> <script async src=\"https:\/\/pagead2.googlesyndication.com\/pagead\/js\/adsbygoogle.js?client=ca-pub-8864793242727901\"\r\n     crossorigin=\"anonymous\"><\/script><br \/>\n<\/p>\n<div id=\"taboola-read-more\" style=\"display:block; width:100%\">\n<p>A Marinha de Portugal afirmou neste final de semana que detectou a presen\u00e7a de um navio-espi\u00e3o da R\u00fassia em suas \u00e1guas, movimenta\u00e7\u00e3o que ocorre em meio a um aumento das atividades mar\u00edtimas russas na costa portuguesa, disse o almirante Henrique Gouveia e Melo, chefe do Estado-Maior da Armada. O militar tamb\u00e9m destacou que a intensidade do tr\u00e1fego de embarca\u00e7\u00f5es russas nas \u00e1guas portuguesas tem sido cada vez maior, com navios cruzando de norte a sul e vice-versa.\n<\/p>\n<p>Em declara\u00e7\u00f5es transmitidas pela CNN Portugal, Gouveia e Melo relatou que, em um curto per\u00edodo de tempo, pelo menos tr\u00eas navios de guerra russos, al\u00e9m de navios de apoio log\u00edstico e de pesquisa cient\u00edfica, passaram pela zona mar\u00edtima que pertence a Portugal. Entre esses, destacou-se um navio especializado em atividades de espionagem, sobretudo eletr\u00f4nica, cuja miss\u00e3o principal \u00e9 a capta\u00e7\u00e3o de emiss\u00f5es r\u00e1dio e do espectro eletromagn\u00e9tico.<\/p>\n<p>\u201cH\u00e1 um tr\u00e2nsito nas nossas \u00e1guas de navios da federa\u00e7\u00e3o russa, um tr\u00e2nsito cada vez mais intenso, de Norte para Sul e de Sul para Norte\u201d, disse Gouveia e Melo.\n<\/p>\n<p>Segundo a Marinha, durante as \u00faltimas duas semanas, foram mobilizados oito navios portugueses para acompanhar as movimenta\u00e7\u00f5es russas, e o sistema de radar e controle de tr\u00e1fego costeiro tamb\u00e9m foi utilizado para garantir a seguran\u00e7a da zona mar\u00edtima portuguesa. De acordo com a Marinha, esse tipo de vigil\u00e2ncia \u00e9 essencial para defender os espa\u00e7os mar\u00edtimos sob soberania nacional.\n<\/p>\n<p>Gouveia e Melo ressaltou que a presen\u00e7a do navio de espionagem n\u00e3o passou despercebida por Portugal e que a resposta da Marinha tem sido acompanhar, controlar e manter uma presen\u00e7a constante para garantir a seguran\u00e7a das \u00e1guas portuguesas.\n<\/p>\n<p>&#8220;Nossa resposta a isso \u00e9 segui-los, control\u00e1-los, mant\u00ea-los sob press\u00e3o constante com a nossa presen\u00e7a tamb\u00e9m constante&#8221;, afirmou o almirante.\n<\/p>\n<p>Fonte: Gazeta do Povo              <\/p>\n<\/div>\n<p><br \/>\n<br \/><a href=\"https:\/\/diariodobrasilnoticias.com.br\/noticia\/portugal-denuncia-a-presenca-de-navio-espiao-russo-em-sua-zona-maritima-673bce2c38b8e\">Source link <\/a><\/p>","protected":false},"excerpt":{"rendered":"<p>A Marinha de Portugal afirmou neste final de semana que detectou a presen\u00e7a de um navio-espi\u00e3o da R\u00fassia em suas \u00e1guas, movimenta\u00e7\u00e3o que ocorre em meio a um aumento das&hellip;<\/p>","protected":false},"author":1,"featured_media":61819,"comment_status":"closed","ping_status":"open","sticky":false,"template":"","format":"standard","meta":{"content-type":"","footnotes":""},"categories":[16],"tags":[123,2448,5313,1267],"class_list":["post-61818","post","type-post","status-publish","format-standard","has-post-thumbnail","hentry","category-noticias","tag-brasil","tag-diario","tag-noticia","tag-noticias"],"_links":{"self":[{"href":"https:\/\/tvbrazilusa.com\/pt\/wp-json\/wp\/v2\/posts\/61818","targetHints":{"allow":["GET"]}}],"collection":[{"href":"https:\/\/tvbrazilusa.com\/pt\/wp-json\/wp\/v2\/posts"}],"about":[{"href":"https:\/\/tvbrazilusa.com\/pt\/wp-json\/wp\/v2\/types\/post"}],"author":[{"embeddable":true,"href":"https:\/\/tvbrazilusa.com\/pt\/wp-json\/wp\/v2\/users\/1"}],"replies":[{"embeddable":true,"href":"https:\/\/tvbrazilusa.com\/pt\/wp-json\/wp\/v2\/comments?post=61818"}],"version-history":[{"count":1,"href":"https:\/\/tvbrazilusa.com\/pt\/wp-json\/wp\/v2\/posts\/61818\/revisions"}],"predecessor-version":[{"id":61820,"href":"https:\/\/tvbrazilusa.com\/pt\/wp-json\/wp\/v2\/posts\/61818\/revisions\/61820"}],"wp:featuredmedia":[{"embeddable":true,"href":"https:\/\/tvbrazilusa.com\/pt\/wp-json\/wp\/v2\/media\/61819"}],"wp:attachment":[{"href":"https:\/\/tvbrazilusa.com\/pt\/wp-json\/wp\/v2\/media?parent=61818"}],"wp:term":[{"taxonomy":"category","embeddable":true,"href":"https:\/\/tvbrazilusa.com\/pt\/wp-json\/wp\/v2\/categories?post=61818"},{"taxonomy":"post_tag","embeddable":true,"href":"https:\/\/tvbrazilusa.com\/pt\/wp-json\/wp\/v2\/tags?post=61818"}],"curies":[{"name":"wp","href":"https:\/\/api.w.org\/{rel}","templated":true}]}}