{"id":61824,"date":"2024-11-19T02:53:16","date_gmt":"2024-11-19T02:53:16","guid":{"rendered":"https:\/\/tvbrazilusa.com\/2024\/11\/19\/granada-e-encontrada-em-rodovia-e-destruida-pela-policia-rodoviaria-federal\/"},"modified":"2024-11-19T02:53:17","modified_gmt":"2024-11-19T02:53:17","slug":"granada-e-encontrada-em-rodovia-e-destruida-pela-policia-rodoviaria-federal","status":"publish","type":"post","link":"https:\/\/tvbrazilusa.com\/pt\/2024\/11\/19\/granada-e-encontrada-em-rodovia-e-destruida-pela-policia-rodoviaria-federal\/","title":{"rendered":"Granada \u00e9 encontrada em rodovia e destru\u00edda pela Pol\u00edcia Rodovi\u00e1ria Federal"},"content":{"rendered":"<p> <script async src=\"https:\/\/pagead2.googlesyndication.com\/pagead\/js\/adsbygoogle.js?client=ca-pub-8864793242727901\"\r\n     crossorigin=\"anonymous\"><\/script><br \/>\n<\/p>\n<div id=\"taboola-read-more\" style=\"display:block; width:100%\">\n<p>Uma granada foi inutilizada pela Pol\u00edcia Rodovi\u00e1ria Federal (PRF) ap\u00f3s o artefato ser encontrado dentro de um bueiro. O caso aconteceu na Rodovia Presidente Dutra (BR-116), em S\u00e3o Jo\u00e3o de Meriti, na Baixada Fluminense, nesta segunda-feira (18).\n<\/p>\n<p>Por volta das 9h30, o Centro de Comando e Controle Regional (C3R-RJ) da PRF recebeu a informa\u00e7\u00e3o e encaminhou viaturas para o local, na pista sentido S\u00e3o Paulo.<\/p>\n<p>Logo em seguida, policiais rodovi\u00e1rios federais do Comando de Resposta \u00e0 Crises, com equipes de Negocia\u00e7\u00e3o e de Choque, ao encontrarem o artefato, confirmaram que era uma granada de atordoamento, n\u00e3o deflagrada, mas com capacidade lesiva, e realizaram a destrui\u00e7\u00e3o segura do explosivo.\n<\/p>\n<p>Fonte: Extra              <\/p>\n<\/div>\n<p><br \/>\n<br \/><a href=\"https:\/\/diariodobrasilnoticias.com.br\/noticia\/granada-e-encontrada-em-rodovia-e-destruida-pela-policia-rodoviaria-federal-673bacf53c348\">Source link <\/a><\/p>","protected":false},"excerpt":{"rendered":"<p>Uma granada foi inutilizada pela Pol\u00edcia Rodovi\u00e1ria Federal (PRF) ap\u00f3s o artefato ser encontrado dentro de um bueiro. O caso aconteceu na Rodovia Presidente Dutra (BR-116), em S\u00e3o Jo\u00e3o de&hellip;<\/p>","protected":false},"author":1,"featured_media":61825,"comment_status":"closed","ping_status":"open","sticky":false,"template":"","format":"standard","meta":{"content-type":"","footnotes":""},"categories":[16],"tags":[123,2448,5313,1267],"class_list":["post-61824","post","type-post","status-publish","format-standard","has-post-thumbnail","hentry","category-noticias","tag-brasil","tag-diario","tag-noticia","tag-noticias"],"_links":{"self":[{"href":"https:\/\/tvbrazilusa.com\/pt\/wp-json\/wp\/v2\/posts\/61824","targetHints":{"allow":["GET"]}}],"collection":[{"href":"https:\/\/tvbrazilusa.com\/pt\/wp-json\/wp\/v2\/posts"}],"about":[{"href":"https:\/\/tvbrazilusa.com\/pt\/wp-json\/wp\/v2\/types\/post"}],"author":[{"embeddable":true,"href":"https:\/\/tvbrazilusa.com\/pt\/wp-json\/wp\/v2\/users\/1"}],"replies":[{"embeddable":true,"href":"https:\/\/tvbrazilusa.com\/pt\/wp-json\/wp\/v2\/comments?post=61824"}],"version-history":[{"count":1,"href":"https:\/\/tvbrazilusa.com\/pt\/wp-json\/wp\/v2\/posts\/61824\/revisions"}],"predecessor-version":[{"id":61826,"href":"https:\/\/tvbrazilusa.com\/pt\/wp-json\/wp\/v2\/posts\/61824\/revisions\/61826"}],"wp:featuredmedia":[{"embeddable":true,"href":"https:\/\/tvbrazilusa.com\/pt\/wp-json\/wp\/v2\/media\/61825"}],"wp:attachment":[{"href":"https:\/\/tvbrazilusa.com\/pt\/wp-json\/wp\/v2\/media?parent=61824"}],"wp:term":[{"taxonomy":"category","embeddable":true,"href":"https:\/\/tvbrazilusa.com\/pt\/wp-json\/wp\/v2\/categories?post=61824"},{"taxonomy":"post_tag","embeddable":true,"href":"https:\/\/tvbrazilusa.com\/pt\/wp-json\/wp\/v2\/tags?post=61824"}],"curies":[{"name":"wp","href":"https:\/\/api.w.org\/{rel}","templated":true}]}}