{"id":61830,"date":"2024-11-19T03:06:16","date_gmt":"2024-11-19T03:06:16","guid":{"rendered":"https:\/\/tvbrazilusa.com\/2024\/11\/19\/nove-em-cada-dez-membros-do-judiciario-e-mp-receberam-supersalarios-em-2024\/"},"modified":"2024-11-19T03:06:17","modified_gmt":"2024-11-19T03:06:17","slug":"nove-em-cada-dez-membros-do-judiciario-e-mp-receberam-supersalarios-em-2024","status":"publish","type":"post","link":"https:\/\/tvbrazilusa.com\/pt\/2024\/11\/19\/nove-em-cada-dez-membros-do-judiciario-e-mp-receberam-supersalarios-em-2024\/","title":{"rendered":"Nove em cada dez membros do judici\u00e1rio e MP receberam &#8216;supersal\u00e1rios&#8217; em 2024"},"content":{"rendered":"<p> <script async src=\"https:\/\/pagead2.googlesyndication.com\/pagead\/js\/adsbygoogle.js?client=ca-pub-8864793242727901\"\r\n     crossorigin=\"anonymous\"><\/script><br \/>\n<\/p>\n<div id=\"taboola-read-more\" style=\"display:block; width:100%\">\n<p>Em meio \u00e0 discuss\u00e3o sobre a diminui\u00e7\u00e3o dos gastos p\u00fablicos capitaneada pelo ministro Fernando Haddad, da Fazenda, um levantamento mostra que o pagamento de aux\u00edlios e penduricalhos acima do teto do funcionalismo p\u00fablico custou R$ 20 bilh\u00f5es nos \u00faltimos seis anos.<\/p>\n<p>Somente em 2024, 92% dos servidores do Poder Judici\u00e1rio e do Minist\u00e9rio P\u00fablico receberam mais que o teto do funcionalismo &#8211; fixado em R$ 44 mil -, ou seja, um &#8216;supersal\u00e1rio&#8217;, em ao menos um m\u00eas.<\/p>\n<p>Trata-se de um aumento em rela\u00e7\u00e3o a 2018, quando a taxa de servidores do Judici\u00e1rio e do MP que receberam vencimentos acima do teto era de 83%.<\/p>\n<p>O levantamento realizado pela institui\u00e7\u00e3o Rep\u00fablica.org no Anu\u00e1rio de Gest\u00e3o de Pessoas no Servi\u00e7o P\u00fablico considerou ganhos de servidores da ativa, inativos e pensionistas.<\/p>\n<p>&#8220;Quando falamos de &#8216;supersal\u00e1rio&#8217;, \u00e9 super mesmo. S\u00e3o sal\u00e1rios de R$ 1 milh\u00e3o, de R$ 1,2 milh\u00e3o. N\u00e3o \u00e9 de R$ 44 mil para R$ 48 mil, ou R$ 52 mil, que j\u00e1 seria legal para caramba. N\u00e3o, s\u00e3o sete d\u00edgitos. Coisa de louco&#8221;, analisou o \u00e2ncora Luiz Megale.<\/p>\n<p>Neste m\u00eas, em Roraima, membros do Tribunal de Contas do Estado receberam &#8216;supersal\u00e1rios&#8217; de quase R$ 2 milh\u00f5es. Segundo dados do pr\u00f3prio portal do TCE-RR, o presidente da corte, C\u00e9lio Rodrigues Wanderley, e a conselheira Cilene Lago Salom\u00e3o receberam R$ 1,8 milh\u00e3o em setembro.\n<\/p>\n<p>Fonte: @bandjornalismo<\/p>\n<\/p><\/div>\n<p><br \/>\n<br \/><a href=\"https:\/\/diariodobrasilnoticias.com.br\/noticia\/nove-em-cada-dez-membros-do-judiciario-e-mp-receberam-supersalarios-em-2024-673bc60a71b9c\">Source link <\/a><\/p>","protected":false},"excerpt":{"rendered":"<p>Em meio \u00e0 discuss\u00e3o sobre a diminui\u00e7\u00e3o dos gastos p\u00fablicos capitaneada pelo ministro Fernando Haddad, da Fazenda, um levantamento mostra que o pagamento de aux\u00edlios e penduricalhos acima do teto&hellip;<\/p>","protected":false},"author":1,"featured_media":61831,"comment_status":"closed","ping_status":"open","sticky":false,"template":"","format":"standard","meta":{"content-type":"","footnotes":""},"categories":[16],"tags":[123,2448,5313,1267],"class_list":["post-61830","post","type-post","status-publish","format-standard","has-post-thumbnail","hentry","category-noticias","tag-brasil","tag-diario","tag-noticia","tag-noticias"],"_links":{"self":[{"href":"https:\/\/tvbrazilusa.com\/pt\/wp-json\/wp\/v2\/posts\/61830","targetHints":{"allow":["GET"]}}],"collection":[{"href":"https:\/\/tvbrazilusa.com\/pt\/wp-json\/wp\/v2\/posts"}],"about":[{"href":"https:\/\/tvbrazilusa.com\/pt\/wp-json\/wp\/v2\/types\/post"}],"author":[{"embeddable":true,"href":"https:\/\/tvbrazilusa.com\/pt\/wp-json\/wp\/v2\/users\/1"}],"replies":[{"embeddable":true,"href":"https:\/\/tvbrazilusa.com\/pt\/wp-json\/wp\/v2\/comments?post=61830"}],"version-history":[{"count":1,"href":"https:\/\/tvbrazilusa.com\/pt\/wp-json\/wp\/v2\/posts\/61830\/revisions"}],"predecessor-version":[{"id":61832,"href":"https:\/\/tvbrazilusa.com\/pt\/wp-json\/wp\/v2\/posts\/61830\/revisions\/61832"}],"wp:featuredmedia":[{"embeddable":true,"href":"https:\/\/tvbrazilusa.com\/pt\/wp-json\/wp\/v2\/media\/61831"}],"wp:attachment":[{"href":"https:\/\/tvbrazilusa.com\/pt\/wp-json\/wp\/v2\/media?parent=61830"}],"wp:term":[{"taxonomy":"category","embeddable":true,"href":"https:\/\/tvbrazilusa.com\/pt\/wp-json\/wp\/v2\/categories?post=61830"},{"taxonomy":"post_tag","embeddable":true,"href":"https:\/\/tvbrazilusa.com\/pt\/wp-json\/wp\/v2\/tags?post=61830"}],"curies":[{"name":"wp","href":"https:\/\/api.w.org\/{rel}","templated":true}]}}