{"id":61839,"date":"2024-11-19T03:23:08","date_gmt":"2024-11-19T03:23:08","guid":{"rendered":"https:\/\/tvbrazilusa.com\/2024\/11\/19\/casal-e-detido-apos-crianca-com-paralisia-cerebral-ser-encontrada-morta\/"},"modified":"2024-11-19T03:23:09","modified_gmt":"2024-11-19T03:23:09","slug":"casal-e-detido-apos-crianca-com-paralisia-cerebral-ser-encontrada-morta","status":"publish","type":"post","link":"https:\/\/tvbrazilusa.com\/pt\/2024\/11\/19\/casal-e-detido-apos-crianca-com-paralisia-cerebral-ser-encontrada-morta\/","title":{"rendered":"Casal \u00e9 detido ap\u00f3s crian\u00e7a com paralisia cerebral ser encontrada morta"},"content":{"rendered":"<p> <script async src=\"https:\/\/pagead2.googlesyndication.com\/pagead\/js\/adsbygoogle.js?client=ca-pub-8864793242727901\"\r\n     crossorigin=\"anonymous\"><\/script><br \/>\n<\/p>\n<div id=\"taboola-read-more\" style=\"display:block; width:100%\">\n<p>Uma crian\u00e7a de quatro anos com paralisia cerebral foi encontrada morta em sua casa, em Sete Lagoas (MG), no \u00faltimo domingo (17\/11), apresentando sinais de viol\u00eancia, desnutri\u00e7\u00e3o e maus-tratos. Os respons\u00e1veis pelo menino foram presos ap\u00f3s funcion\u00e1rios de uma funer\u00e1ria identificarem as condi\u00e7\u00f5es prec\u00e1rias do corpo e acionarem a pol\u00edcia.\n<\/p>\n<p>A m\u00e3e da crian\u00e7a, de 27 anos, relatou \u00e0 Pol\u00edcia Militar de Minas Gerais (PMMG) que o filho tinha paralisia cerebral desde os oito meses e era alimentado por sonda abdominal. Ela disse ter dado banho e alimentado o menino por volta das 12h daquele dia. \u00c0s 15h, ela afirmou que adiaria uma nova alimenta\u00e7\u00e3o porque o encontrou dormindo. Segundo ela, apenas \u00e0s 20h voltou ao quarto e percebeu que o menino estava sem sinais vitais e com o corpo frio.<\/p>\n<p>Ap\u00f3s constatar o \u00f3bito, a m\u00e3e acionou o Servi\u00e7o de Atendimento M\u00f3vel de Urg\u00eancia (Samu), que confirmou a morte no local, apontando causas inicialmente desconhecidas. A fam\u00edlia contatou uma funer\u00e1ria para a remo\u00e7\u00e3o do corpo, mas os funcion\u00e1rios, ao notarem ind\u00edcios de neglig\u00eancia, chamaram a pol\u00edcia.\n<\/p>\n<p><strong>De acordo com a PM, o corpo da crian\u00e7a apresentava diversos ferimentos, dentes amarelados e cariados, larvas de mosca na pele, fralda suja e claros sinais de desnutri\u00e7\u00e3o.<\/strong>\n<\/p>\n<p>No boletim de ocorr\u00eancia, os agentes relataram que a m\u00e3e tinha plena consci\u00eancia das condi\u00e7\u00f5es do filho e foi autuada por homic\u00eddio qualificado, sob a alega\u00e7\u00e3o de omiss\u00e3o no cuidado que resultou na morte.\n<\/p>\n<p>O padrasto da crian\u00e7a, que vivia com a m\u00e3e, tamb\u00e9m foi detido. Ambos foram encaminhados \u00e0 delegacia para prestar depoimentos. O corpo foi levado para uma funer\u00e1ria e passar\u00e1 por exames periciais para determinar as causas da morte.\n<\/p>\n<p>Investiga\u00e7\u00e3o e outros filhos<br \/>A Pol\u00edcia Civil informou que o casal suspeito foi ouvido nesta segunda-feira (18\/11) e que a per\u00edcia j\u00e1 esteve no local para realizar os primeiros levantamentos. Novas informa\u00e7\u00f5es ser\u00e3o divulgadas assim que poss\u00edvel, segundo a corpora\u00e7\u00e3o.\n<\/p>\n<p>O caso ganhou contornos ainda mais graves com a revela\u00e7\u00e3o de que outra filha da mulher, de apenas seis meses, morreu em circunst\u00e2ncias suspeitas. A m\u00e3e alegou que a beb\u00ea faleceu ao se sufocar durante a amamenta\u00e7\u00e3o, enquanto ambas dormiam.\n<\/p>\n<p>Al\u00e9m do menino de quatro anos e da beb\u00ea de seis meses, a mulher tem outros tr\u00eas filhos, com idades de nove, oito e um ano, que foram encaminhados a um abrigo pelo Conselho Tutelar.\n<\/p>\n<p>Falta de acompanhamento<br \/>Questionada pelo Metr\u00f3poles sobre o acompanhamento prestado \u00e0 fam\u00edlia, a Prefeitura de Sete Lagoas afirmou que n\u00e3o poderia esclarecer o hist\u00f3rico de assist\u00eancia sem informa\u00e7\u00f5es espec\u00edficas sobre as unidades de sa\u00fade envolvidas e os registros de atendimento.\n<\/p>\n<p>O caso segue em investiga\u00e7\u00e3o.\n<\/p>\n<p>Fonte: Metr\u00f3poles              <\/p>\n<\/div>\n<p><br \/>\n<br \/><a href=\"https:\/\/diariodobrasilnoticias.com.br\/noticia\/casal-e-detido-apos-crianca-com-paralisia-cerebral-ser-encontrada-morta-673bbf8cd07d8\">Source link <\/a><\/p>","protected":false},"excerpt":{"rendered":"<p>Uma crian\u00e7a de quatro anos com paralisia cerebral foi encontrada morta em sua casa, em Sete Lagoas (MG), no \u00faltimo domingo (17\/11), apresentando sinais de viol\u00eancia, desnutri\u00e7\u00e3o e maus-tratos. Os&hellip;<\/p>","protected":false},"author":1,"featured_media":61840,"comment_status":"closed","ping_status":"open","sticky":false,"template":"","format":"standard","meta":{"content-type":"","footnotes":""},"categories":[16],"tags":[123,2448,5313,1267],"class_list":["post-61839","post","type-post","status-publish","format-standard","has-post-thumbnail","hentry","category-noticias","tag-brasil","tag-diario","tag-noticia","tag-noticias"],"_links":{"self":[{"href":"https:\/\/tvbrazilusa.com\/pt\/wp-json\/wp\/v2\/posts\/61839","targetHints":{"allow":["GET"]}}],"collection":[{"href":"https:\/\/tvbrazilusa.com\/pt\/wp-json\/wp\/v2\/posts"}],"about":[{"href":"https:\/\/tvbrazilusa.com\/pt\/wp-json\/wp\/v2\/types\/post"}],"author":[{"embeddable":true,"href":"https:\/\/tvbrazilusa.com\/pt\/wp-json\/wp\/v2\/users\/1"}],"replies":[{"embeddable":true,"href":"https:\/\/tvbrazilusa.com\/pt\/wp-json\/wp\/v2\/comments?post=61839"}],"version-history":[{"count":1,"href":"https:\/\/tvbrazilusa.com\/pt\/wp-json\/wp\/v2\/posts\/61839\/revisions"}],"predecessor-version":[{"id":61841,"href":"https:\/\/tvbrazilusa.com\/pt\/wp-json\/wp\/v2\/posts\/61839\/revisions\/61841"}],"wp:featuredmedia":[{"embeddable":true,"href":"https:\/\/tvbrazilusa.com\/pt\/wp-json\/wp\/v2\/media\/61840"}],"wp:attachment":[{"href":"https:\/\/tvbrazilusa.com\/pt\/wp-json\/wp\/v2\/media?parent=61839"}],"wp:term":[{"taxonomy":"category","embeddable":true,"href":"https:\/\/tvbrazilusa.com\/pt\/wp-json\/wp\/v2\/categories?post=61839"},{"taxonomy":"post_tag","embeddable":true,"href":"https:\/\/tvbrazilusa.com\/pt\/wp-json\/wp\/v2\/tags?post=61839"}],"curies":[{"name":"wp","href":"https:\/\/api.w.org\/{rel}","templated":true}]}}