{"id":61847,"date":"2024-11-19T03:35:11","date_gmt":"2024-11-19T03:35:11","guid":{"rendered":"https:\/\/tvbrazilusa.com\/2024\/11\/19\/gilmar-mendes-revela-detalhes-sobre-a-abertura-do-inquerito-das-fake-news-no-stf\/"},"modified":"2024-11-19T03:35:12","modified_gmt":"2024-11-19T03:35:12","slug":"gilmar-mendes-revela-detalhes-sobre-a-abertura-do-inquerito-das-fake-news-no-stf","status":"publish","type":"post","link":"https:\/\/tvbrazilusa.com\/pt\/2024\/11\/19\/gilmar-mendes-revela-detalhes-sobre-a-abertura-do-inquerito-das-fake-news-no-stf\/","title":{"rendered":"Gilmar Mendes revela detalhes sobre a abertura do inqu\u00e9rito das fake news no STF"},"content":{"rendered":"<p> <script async src=\"https:\/\/pagead2.googlesyndication.com\/pagead\/js\/adsbygoogle.js?client=ca-pub-8864793242727901\"\r\n     crossorigin=\"anonymous\"><\/script><br \/>\n<\/p>\n<div id=\"taboola-read-more\" style=\"display:block; width:100%\">\n<p>Nesta segunda-feira, 18, o decano do Supremo Tribunal Federal (STF), Gilmar Mendes, afirmou que o Brasil seria outro, caso o inqu\u00e9rito das fake news n\u00e3o existisse. Mendes revelou ainda bastidores do processo.\n<\/p>\n<p>Conforme Mendes, o relator da investiga\u00e7\u00e3o, Alexandre de Moraes, tomou posse no STF em um momento \u201cextremamente desafiador\u201d.<\/p>\n<p>\u201cDiscut\u00edamos o que seria do Brasil a partir de 2018\u201d, revelou Mendes, durante uma sess\u00e3o plen\u00e1ria na Assembleia Legislativa de Mato Grosso (MT), onde recebeu a comenda Marechal C\u00e2ndido Rondon. \u201cMoraes, eu e Dias Toffoli conversamos muito sobre o quadro ent\u00e3o desenhado e eventualmente existente.\u201d Naquele ano, Bolsonaro virou presidente.\n<\/p>\n<p>De acordo com Mendes, ele, Moraes e Toffoli discutiram a necessidade de se abrir um inqu\u00e9rito. Por isso, Toffoli assumiu o \u201c\u00f4nus\u201d de instaurar o procedimento e designou Moraes como relator. \u201c\u00c9 muito f\u00e1cil ser profeta de obra acabada, o engenheiro de obra pronta, como se diz, mas posso dizer que certamente o Brasil seria outro e pior n\u00e3o fora esta instaura\u00e7\u00e3o, n\u00e3o fora essa designa\u00e7\u00e3o do ministro Alexandre, n\u00e3o fora a sua a\u00e7\u00e3o \u00e0 frente desse inqu\u00e9rito.\u201d\n<\/p>\n<p><strong>Gilmar Mendes \u00e9 homenageado pela Assembleia de MT<\/strong>\n<\/p>\n<p>No evento em que comentou o inqu\u00e9rito, Mendes recebeu a comenda Marechal C\u00e2ndido Rondon.\n<\/p>\n<p>Uma das mais importantes de MT, a honraria \u00e9 dada a personalidades civis ou militares que prestaram \u201crelevantes servi\u00e7os\u201d ao Estado. A Assembleia Legislativa concedeu a medalha ao juiz do STF.\n<\/p>\n<p>Mendes, contudo, n\u00e3o foi o \u00fanico homenageado. O Parlamento tamb\u00e9m prestigiou os ministros Alexandre de Moraes e Fl\u00e1vio Dino com o t\u00edtulo de cidad\u00e3o mato-grossense.\n<\/p>\n<p>Fonte: Revista Oeste              <\/p>\n<\/div>\n<p><br \/>\n<br \/><a href=\"https:\/\/diariodobrasilnoticias.com.br\/noticia\/gilmar-mendes-revela-detalhes-sobre-a-abertura-do-inquerito-das-fake-news-no-stf-673bcf47808cc\">Source link <\/a><\/p>","protected":false},"excerpt":{"rendered":"<p>Nesta segunda-feira, 18, o decano do Supremo Tribunal Federal (STF), Gilmar Mendes, afirmou que o Brasil seria outro, caso o inqu\u00e9rito das fake news n\u00e3o existisse. Mendes revelou ainda bastidores&hellip;<\/p>","protected":false},"author":1,"featured_media":61848,"comment_status":"closed","ping_status":"open","sticky":false,"template":"","format":"standard","meta":{"content-type":"","footnotes":""},"categories":[16],"tags":[123,2448,5313,1267],"class_list":["post-61847","post","type-post","status-publish","format-standard","has-post-thumbnail","hentry","category-noticias","tag-brasil","tag-diario","tag-noticia","tag-noticias"],"_links":{"self":[{"href":"https:\/\/tvbrazilusa.com\/pt\/wp-json\/wp\/v2\/posts\/61847","targetHints":{"allow":["GET"]}}],"collection":[{"href":"https:\/\/tvbrazilusa.com\/pt\/wp-json\/wp\/v2\/posts"}],"about":[{"href":"https:\/\/tvbrazilusa.com\/pt\/wp-json\/wp\/v2\/types\/post"}],"author":[{"embeddable":true,"href":"https:\/\/tvbrazilusa.com\/pt\/wp-json\/wp\/v2\/users\/1"}],"replies":[{"embeddable":true,"href":"https:\/\/tvbrazilusa.com\/pt\/wp-json\/wp\/v2\/comments?post=61847"}],"version-history":[{"count":1,"href":"https:\/\/tvbrazilusa.com\/pt\/wp-json\/wp\/v2\/posts\/61847\/revisions"}],"predecessor-version":[{"id":61849,"href":"https:\/\/tvbrazilusa.com\/pt\/wp-json\/wp\/v2\/posts\/61847\/revisions\/61849"}],"wp:featuredmedia":[{"embeddable":true,"href":"https:\/\/tvbrazilusa.com\/pt\/wp-json\/wp\/v2\/media\/61848"}],"wp:attachment":[{"href":"https:\/\/tvbrazilusa.com\/pt\/wp-json\/wp\/v2\/media?parent=61847"}],"wp:term":[{"taxonomy":"category","embeddable":true,"href":"https:\/\/tvbrazilusa.com\/pt\/wp-json\/wp\/v2\/categories?post=61847"},{"taxonomy":"post_tag","embeddable":true,"href":"https:\/\/tvbrazilusa.com\/pt\/wp-json\/wp\/v2\/tags?post=61847"}],"curies":[{"name":"wp","href":"https:\/\/api.w.org\/{rel}","templated":true}]}}