{"id":62037,"date":"2024-11-19T14:55:36","date_gmt":"2024-11-19T14:55:36","guid":{"rendered":"https:\/\/tvbrazilusa.com\/2024\/11\/19\/advogado-diz-que-sua-cliente-testemunhou-que-viu-gaetz-fazendo-sexo-com-uma-menor-de-idade\/"},"modified":"2024-11-19T14:56:40","modified_gmt":"2024-11-19T14:56:40","slug":"advogado-diz-que-sua-cliente-testemunhou-que-viu-gaetz-fazendo-sexo-com-uma-menor-de-idade","status":"publish","type":"post","link":"https:\/\/tvbrazilusa.com\/pt\/2024\/11\/19\/advogado-diz-que-sua-cliente-testemunhou-que-viu-gaetz-fazendo-sexo-com-uma-menor-de-idade\/","title":{"rendered":"Advogado diz que sua cliente testemunhou que viu Gaetz fazendo sexo com uma menor de idade"},"content":{"rendered":"<p> <script async src=\"https:\/\/pagead2.googlesyndication.com\/pagead\/js\/adsbygoogle.js?client=ca-pub-8864793242727901\"\r\n     crossorigin=\"anonymous\"><\/script><br \/>\n<\/p>\n<div id=\"\">\n<header class=\"m-article-header m-article-header--standard\">\n\t\t\t\t\t\t\t\t\t\t\t\t<span id=\"article-header-primary-term\"><br \/>\n\t\t\t\t\t\t\t\t<a class=\"a-term a-term--primary\" href=\"https:\/\/www.boston.com\/tag\/politics\/\"><\/p>\n<p>\t\t\t\t\t\t\t\tPol\u00edtica\t\t\t\t\t\t\t\t<\/a><br \/>\n\t\t\t\t\t\t\t<\/span><\/p>\n<h2 class=\"m-article-header__sub-headline\">O advogado, Joel Leppard, contou \u00e0 CBS News, ABC News e CNN sobre o depoimento de seus clientes ao Comit\u00ea de \u00c9tica da C\u00e2mara, que investigava alega\u00e7\u00f5es sobre Gaetz e mulheres jovens, bem como acusa\u00e7\u00f5es de uso de drogas.<\/h2>\n<figure class=\"a-photo m-article-header__photo\"><figcaption class=\"a-photo__caption\">\n<p>\tMatt Gaetz, que acaba de renunciar \u00e0 sua cadeira no Congresso e \u00e9 a escolha do presidente eleito Donald Trump para procurador-geral, em uma gala do America First Policy Institute em Mar-a-Lago, resid\u00eancia e clube privado de Trump em Palm Beach, Fl\u00f3rida, 14 de novembro , 2024. <em> Haiyun Jiang\/The New York Times<\/em>\t<\/figcaption><\/figure>\n<div class=\"m-article-header__meta\">\n<div class=\"m-article-header__byline\">\n<p class=\"m-article-header__author\">\n<p>\t\t\t\t\t\t\t\tPor Maggie Haberman, servi\u00e7o do New York Times\t\t\t\t\t\t\t<\/p>\n<p>\t\t\t\t\t\t\t\t\t\t\t\t\t\t\t<time class=\"m-article-header__date\"><\/p>\n<p>\t\t\t\t\t\t\t\t\t19 de novembro de 2024 | 9h55\t\t\t\t\t\t\t\t<\/time><\/p><\/div>\n<\/p><\/div>\n<\/header>\n<p>Um advogado que representa duas mulheres que testemunhou que o ex-deputado Matt Gaetz lhes pagou por sexo disse a v\u00e1rios meios de comunica\u00e7\u00e3o na segunda-feira que uma das mulheres descreveu ter testemunhado Gaetz fazendo sexo com uma menina menor de idade em uma festa em 2017.<\/p>\n<p>O advogado, Joel Leppard, contou \u00e0 CBS News, ABC News e CNN sobre o depoimento de seus clientes ao Comit\u00ea de \u00c9tica da C\u00e2mara, que investigava alega\u00e7\u00f5es sobre Gaetz e mulheres jovens, bem como acusa\u00e7\u00f5es de uso de drogas.<\/p>\n<div class=\"m-block t-amp__list-container m-article-list-container m-article-list-container--frame-border a-border-frame  a-list-header__headline--red m-article-list--alternative--default  m-article-list--floated\">\n<ul class=\"t-amp__list a-list--no-style m-article-list m-article-list--recirculation m-article-list--has-images\">\n<li class=\"m-article-list__item m-article-list__item--featured\">\n\t\t\t<a class=\"m-article-list__link-wrapper\" href=\"https:\/\/www.boston.com\/news\/politics\/2024\/11\/14\/house-ethics-committee-was-set-to-vote-to-release-critical-report-on-matt-gaetz\/?p1=article_recirc_inline_feature\" data-p1=\"article_recirc_inline_feature\"><br \/>\n\t\t\t\t<img fetchpriority=\"high\" decoding=\"async\" width=\"768\" height=\"432\" src=\"https:\/\/bdc2020.o0bc.com\/wp-content\/uploads\/2024\/11\/https___nytapi.wieck_.com_feed-photos_OOTDb9Az-6736021e17eee-768x432.jpg\" class=\"t-amp__list-image m-article-list__image m-article-list__image--full wp-post-image\" alt=\"\" aria-hidden=\"true\" srcset=\"https:\/\/bdc2020.o0bc.com\/wp-content\/uploads\/2024\/11\/https___nytapi.wieck_.com_feed-photos_OOTDb9Az-6736021e17eee-768x432.jpg?width=200 200w, https:\/\/bdc2020.o0bc.com\/wp-content\/uploads\/2024\/11\/https___nytapi.wieck_.com_feed-photos_OOTDb9Az-6736021e17eee-768x432.jpg?width=300 300w, https:\/\/bdc2020.o0bc.com\/wp-content\/uploads\/2024\/11\/https___nytapi.wieck_.com_feed-photos_OOTDb9Az-6736021e17eee-768x432.jpg?width=400 400w, https:\/\/bdc2020.o0bc.com\/wp-content\/uploads\/2024\/11\/https___nytapi.wieck_.com_feed-photos_OOTDb9Az-6736021e17eee-768x432.jpg?width=500 500w, https:\/\/bdc2020.o0bc.com\/wp-content\/uploads\/2024\/11\/https___nytapi.wieck_.com_feed-photos_OOTDb9Az-6736021e17eee-768x432.jpg?width=600 600w, https:\/\/bdc2020.o0bc.com\/wp-content\/uploads\/2024\/11\/https___nytapi.wieck_.com_feed-photos_OOTDb9Az-6736021e17eee-768x432.jpg?width=700 700w, https:\/\/bdc2020.o0bc.com\/wp-content\/uploads\/2024\/11\/https___nytapi.wieck_.com_feed-photos_OOTDb9Az-6736021e17eee-768x432.jpg?width=800 800w, https:\/\/bdc2020.o0bc.com\/wp-content\/uploads\/2024\/11\/https___nytapi.wieck_.com_feed-photos_OOTDb9Az-6736021e17eee-768x432.jpg?width=900 900w\" sizes=\"(max-width: 768px) 100vw, 768px\"\/>\t\t\t\t\t<\/p>\n<p><h4 class=\"m-article-list__headline t-amp__list-headline\">\n\t\t\t\t\t\t\t<span class=\"m-article-list__link a-link a-link--inline a-link--text-link a-link--text-link-dark\"><\/p>\n<p>\t\t\t\t\t\t\tO Comit\u00ea de \u00c9tica da C\u00e2mara deveria votar para divulgar um relat\u00f3rio cr\u00edtico sobre Matt Gaetz\t\t\t\t\t\t\t<\/span><br \/>\n\t\t\t\t\t\t<\/h4>\n<\/p>\n<p>\t\t\t\t<\/a>\n\t\t\t<\/li>\n<li class=\"m-article-list__item\">\n\t\t\t\t\t<a class=\"m-article-list__link-wrapper\" href=\"https:\/\/www.boston.com\/news\/politics\/2024\/11\/13\/trump-says-he-will-nominate-rep-matt-gaetz-of-florida-to-be-attorney-general\/?p1=article_recirc_inline_feed\" data-p1=\"article_recirc_inline_feed\"><\/p>\n<p><h4 class=\"m-article-list__headline\">\n\t\t\t\t\t\t\t\t\t<span class=\"m-article-list__link a-link a-link--inline a-link--text-link a-link--text-link-dark\"><\/p>\n<p>\t\t\t\t\t\t\t\t\tTrump diz que nomear\u00e1 o deputado Matt Gaetz, da Fl\u00f3rida, para procurador-geral\t\t\t\t\t\t\t\t\t<\/span><br \/>\n\t\t\t\t\t\t\t\t<\/h4>\n<\/p>\n<p>\t\t\t\t\t\t<\/a>\n\t\t\t\t\t<\/li>\n<\/ul>\n<\/div>\n<p>Gaetz renunciou na semana passada, logo depois que o presidente eleito Donald Trump anunciou que planejava nomear o legislador da Fl\u00f3rida para ser seu procurador-geral, apesar de ter sido investigado anteriormente pelo Departamento de Justi\u00e7a.<\/p>\n<p>Ap\u00f3s a ren\u00fancia, o presidente da C\u00e2mara, Mike Johnson, anunciou que n\u00e3o tornaria p\u00fablico o relat\u00f3rio do comit\u00ea porque Gaetz n\u00e3o estava mais no cargo.<\/p>\n<p>Leppard, em declara\u00e7\u00f5es \u00e0 ABC News, disse que uma das mulheres testemunhou que \u201cem julho de 2017, nesta festa em casa, ela estava caminhando para a \u00e1rea da piscina, olhou para a direita e viu\u201d Gaetz \u201cfazendo sexo com sua amiga, que tinha 17 anos.\u201d<\/p>\n<p>Ele disse \u00e0 CNN que Gaetz descobriu mais tarde que a menina era menor de idade.<\/p>\n<p>Ambas as mulheres tamb\u00e9m disseram ao comit\u00ea que foram pagas para fazer sexo usando Venmo, disse Leppard.<\/p>\n<p>Gaetz j\u00e1 negou as acusa\u00e7\u00f5es.<\/p>\n<p>Alex Pfeiffer, porta-voz da transi\u00e7\u00e3o de Trump, disse: \u201cMatt Gaetz ser\u00e1 o pr\u00f3ximo procurador-geral. Ele \u00e9 o homem certo para o trabalho e acabar\u00e1 com a armamento do nosso sistema de justi\u00e7a. Estas s\u00e3o alega\u00e7\u00f5es infundadas destinadas a inviabilizar a segunda administra\u00e7\u00e3o Trump\u201d.<\/p>\n<p>Gaetz \u00e9 um dos v\u00e1rios nomeados controversos que Trump anunciou que submeter\u00e1 \u00e0 confirma\u00e7\u00e3o do Senado. Mas foi ele quem provocou as rea\u00e7\u00f5es mais negativas dos senadores republicanos.<\/p>\n<p><em>Este artigo apareceu originalmente em <a href=\"https:\/\/www.nytimes.com\/2024\/11\/18\/us\/politics\/matt-gaetz-sex-allegations-house-ethics.html\">O jornal New York Times<\/a>.<\/em><\/p>\n<div class=\"m-block m-generic-cta\t m-generic-cta--post-content\t m-generic-cta--dark\t m-generic-cta--homepage\t m-generic-cta--email-signup\t\t m-generic-cta-block-style--default \tt-amp__generic-cta\"><\/p>\n<div class=\"m-generic-cta__wrap\">\n<div class=\"m-generic-cta__content\">\n<h3 class=\"m-generic-cta__title\">Alertas extras de not\u00edcias<\/h3>\n<p class=\"m-generic-cta__subtitle\">Receba as \u00faltimas atualiza\u00e7\u00f5es conforme elas acontecem.<\/p>\n<\/p><\/div>\n<\/p><\/div>\n<\/div><\/div>\n<p><script>\n\t\tvar consent=\"grant\";\n\t\t\/* The above code is parsing the JSON data from the local storage and storing it in a variable. *\/\n\t\t\t\t\tconst onetrustStorageConsent = JSON.parse(localStorage.getItem( 'consent_one_trust_bdc' ) );\n\t\t\tif ( ( onetrustStorageConsent !== null ) ) {\n\t\t\t\t\/* Checking to see if the user has consented to the use of cookies.\n\t\t\t\t* If they have not, it is deleting the cookie.\n\t\t\t\t* This will comment for now, until further notice.\n\t\t\t\t*\/\n\t\t\t\t\/\/if ( onetrustStorageConsent.C0002 === false ) {\n\t\t\t\t\/\/\tdocument.cookie=\"_fbp=;expires=Thu, 01 Jan 2010 00:00:00 UTC; path=\/; domain=.boston.com\";\n\t\t\t\t\/\/}\n\t\t\t\t\/* Checking if the user has given consent for the cookie C0002.\n\t\t\t\t* If the user has given consent, the variable consent will be set to 'grant'.\n\t\t\t\t* If the user has not given consent,the variable consent will be set to 'revoke'.\n\t\t\t\t* Documentation https:\/\/developers.facebook.com\/docs\/meta-pixel\/implementation\/gdpr\n\t\t\t\t*\/\n\t\t\t\tif ( onetrustStorageConsent.C0002 !== true ) {\n\t\t\t\t\tconsent=\"revoke\";\n\t\t\t\t}\n\t\t\t}\n\t\t\t\t!function(f,b,e,v,n,t,s)\n\t\t{if(f.fbq)return;n=f.fbq=function(){n.callMethod?\n\t\tn.callMethod.apply(n,arguments):n.queue.push(arguments)};\n\t\tif(!f._fbq)f._fbq=n;n.push=n;n.loaded=!0;n.version='2.0';\n\t\tn.queue=[];t=b.createElement(e);t.async=!0;\n\t\tt.src=v;s=b.getElementsByTagName(e)[0];\n\t\ts.parentNode.insertBefore(t,s)}(window, document,'script',\n\t\t'https:\/\/connect.facebook.net\/en_US\/fbevents.js');\n\t\tfbq('consent', consent);\n\t\tfbq('init', '989222871864976');\n\t\tfbq('track', 'PageView');\n\t<\/script><script type=\"module\">\n\t\tvar consent=\"grant\";\n\t\t\/* The above code is parsing the JSON data from the local storage and storing it in a variable. *\/\n\t\t\tconst onetrustStorageConsent = JSON.parse(localStorage.getItem( 'consent_one_trust_bdc' ) );\n\t\t\t\/* Checking to see if the user has consented to the use of cookies.\n\t\t\t* If they have not, it is deleting the cookie.\n\t\t\t* This will comment for now, until further notice.\n\t\t\t*\/\n\t\t\t\/\/if ( onetrustStorageConsent.C0002 === false ) {\n\t\t\t\/\/\tdocument.cookie=\"_fbp=;expires=Thu, 01 Jan 2010 00:00:00 UTC; path=\/; domain=.boston.com\";\n\t\t\t\/\/}\n\t\t\t\/* Checking if the user has given consent for the cookie C0002.\n\t\t\t* If the user has given consent, the variable consent will be set to 'grant'.\n\t\t\t* If the user has not given consent,the variable consent will be set to 'revoke'.\n\t\t\t* Documentation https:\/\/developers.facebook.com\/docs\/meta-pixel\/implementation\/gdpr\n\t\t\t*\/\n\t\t\tif ( ( onetrustStorageConsent !== null ) && (onetrustStorageConsent.C0002 !== true ) ) {\n\t\t\t\tconsent=\"revoke\";\n\t\t\t}\n\t\t\t\t!function(f,b,e,v,n,t,s){if(f.fbq)return;n=f.fbq=function()\n\t\t{n.callMethod? n.callMethod.apply(n,arguments):n.queue.push(arguments)}\n\t\t;if(!f._fbq)f._fbq=n;\n\t\tn.push=n;n.loaded=!0;n.version='2.0';n.queue=[];t=b.createElement(e);t.async=!0;\n\t\tt.src=v;s=b.getElementsByTagName(e)[0];s.parentNode.insertBefore(t,s)}(window,\n\t\tdocument,'script','https:\/\/connect.facebook.net\/en_US\/fbevents.js');\n\t\tfbq('consent', consent);\n\t\tfbq('init', '813236348753005');\n\t\tfbq('track', \"PageView\");\n\t<\/script><br \/>\n<br \/><br \/>\n<br \/><a href=\"https:\/\/www.boston.com\/news\/politics\/2024\/11\/19\/lawyer-says-client-testified-she-saw-gaetz-sex-underage-girl\/\">Source link <\/a><\/p>","protected":false},"excerpt":{"rendered":"<p>Pol\u00edtica O advogado, Joel Leppard, contou \u00e0 CBS News, ABC News e CNN sobre o depoimento de seus clientes ao Comit\u00ea de \u00c9tica da C\u00e2mara, que investigava alega\u00e7\u00f5es sobre Gaetz&hellip;<\/p>","protected":false},"author":1,"featured_media":62038,"comment_status":"closed","ping_status":"open","sticky":false,"template":"","format":"standard","meta":{"content-type":"","footnotes":""},"categories":[1],"tags":[],"class_list":["post-62037","post","type-post","status-publish","format-standard","has-post-thumbnail","hentry","category-uncategorized"],"_links":{"self":[{"href":"https:\/\/tvbrazilusa.com\/pt\/wp-json\/wp\/v2\/posts\/62037","targetHints":{"allow":["GET"]}}],"collection":[{"href":"https:\/\/tvbrazilusa.com\/pt\/wp-json\/wp\/v2\/posts"}],"about":[{"href":"https:\/\/tvbrazilusa.com\/pt\/wp-json\/wp\/v2\/types\/post"}],"author":[{"embeddable":true,"href":"https:\/\/tvbrazilusa.com\/pt\/wp-json\/wp\/v2\/users\/1"}],"replies":[{"embeddable":true,"href":"https:\/\/tvbrazilusa.com\/pt\/wp-json\/wp\/v2\/comments?post=62037"}],"version-history":[{"count":1,"href":"https:\/\/tvbrazilusa.com\/pt\/wp-json\/wp\/v2\/posts\/62037\/revisions"}],"predecessor-version":[{"id":62039,"href":"https:\/\/tvbrazilusa.com\/pt\/wp-json\/wp\/v2\/posts\/62037\/revisions\/62039"}],"wp:featuredmedia":[{"embeddable":true,"href":"https:\/\/tvbrazilusa.com\/pt\/wp-json\/wp\/v2\/media\/62038"}],"wp:attachment":[{"href":"https:\/\/tvbrazilusa.com\/pt\/wp-json\/wp\/v2\/media?parent=62037"}],"wp:term":[{"taxonomy":"category","embeddable":true,"href":"https:\/\/tvbrazilusa.com\/pt\/wp-json\/wp\/v2\/categories?post=62037"},{"taxonomy":"post_tag","embeddable":true,"href":"https:\/\/tvbrazilusa.com\/pt\/wp-json\/wp\/v2\/tags?post=62037"}],"curies":[{"name":"wp","href":"https:\/\/api.w.org\/{rel}","templated":true}]}}