{"id":62058,"date":"2024-11-19T14:43:41","date_gmt":"2024-11-19T14:43:41","guid":{"rendered":"https:\/\/tvbrazilusa.com\/2024\/11\/19\/5-maneiras-pelas-quais-rfk-jr-poderia-minar-vacinas-infantis-que-salvam-vidas\/"},"modified":"2024-11-19T15:20:55","modified_gmt":"2024-11-19T15:20:55","slug":"5-maneiras-pelas-quais-rfk-jr-poderia-minar-vacinas-infantis-que-salvam-vidas","status":"publish","type":"post","link":"https:\/\/tvbrazilusa.com\/pt\/2024\/11\/19\/5-maneiras-pelas-quais-rfk-jr-poderia-minar-vacinas-infantis-que-salvam-vidas\/","title":{"rendered":"5 maneiras pelas quais RFK Jr. poderia minar vacinas infantis que salvam vidas"},"content":{"rendered":"<p> <script async src=\"https:\/\/pagead2.googlesyndication.com\/pagead\/js\/adsbygoogle.js?client=ca-pub-8864793242727901\"\r\n     crossorigin=\"anonymous\"><\/script><br \/>\n<\/p>\n<div id=\"\">\n<header class=\"m-article-header m-article-header--standard\">\n\t\t\t\t\t\t\t\t\t\t\t\t<span id=\"article-header-primary-term\"><br \/>\n\t\t\t\t\t\t\t\t<a class=\"a-term a-term--primary\" href=\"https:\/\/www.boston.com\/tag\/health\/\"><\/p>\n<p>\t\t\t\t\t\t\t\tSa\u00fade\t\t\t\t\t\t\t\t<\/a><br \/>\n\t\t\t\t\t\t\t<\/span><\/p>\n<h2 class=\"m-article-header__sub-headline\">S\u00f3 nas \u00faltimas tr\u00eas d\u00e9cadas, as vacinas infantis preveniram mais de 500 milh\u00f5es de casos de doen\u00e7as, 32 milh\u00f5es de hospitaliza\u00e7\u00f5es e mais de 1 milh\u00e3o de mortes nos Estados Unidos, segundo o CDC.<\/h2>\n<figure class=\"a-photo m-article-header__photo\"><figcaption class=\"a-photo__caption\">\n<p>\tUm frasco de vacina contra sarampo, caxumba e rub\u00e9ola est\u00e1 em uma bancada de uma cl\u00ednica pedi\u00e1trica em Greenbrae, Calif\u00f3rnia, em 6 de fevereiro de 2015. <em> AP Foto\/Eric Risberg, Arquivo<\/em>\t<\/figcaption><\/figure>\n<div class=\"m-article-header__meta\">\n<div class=\"m-article-header__byline\">\n<p class=\"m-article-header__author\">\n<p>\t\t\t\t\t\t\t\tPor Emily Anthes e Emily Baumgaertner, servi\u00e7o do New York Times\t\t\t\t\t\t\t<\/p>\n<p>\t\t\t\t\t\t\t\t\t\t\t\t\t\t\t<time class=\"m-article-header__date\"><\/p>\n<p>\t\t\t\t\t\t\t\t\t19 de novembro de 2024 | 9h43\t\t\t\t\t\t\t\t<\/time><\/p><\/div>\n<\/p><\/div>\n<\/header>\n<p>Durante anos, Robert F. Kennedy Jr. aproveitou o seu nome famoso, as suas liga\u00e7\u00f5es com celebridades e a sua organiza\u00e7\u00e3o sem fins lucrativos, Children&#8217;s Health Defense, para espalhar desinforma\u00e7\u00e3o sobre vacinas e p\u00f4r em causa a sua seguran\u00e7a e efic\u00e1cia. Em breve, ele poder\u00e1 ter o poder de ir muito mais longe.<\/p>\n<p>Se Kennedy for confirmado pelo Senado como secret\u00e1rio da Sa\u00fade e dos Servi\u00e7os Humanos, ele ficar\u00e1 respons\u00e1vel pelas mais proeminentes ag\u00eancias cient\u00edficas e de sa\u00fade p\u00fablica do pa\u00eds, incluindo as respons\u00e1veis \u200b\u200bpela regulamenta\u00e7\u00e3o das vacinas e pela defini\u00e7\u00e3o da pol\u00edtica nacional de vacinas.<\/p>\n<p>Especialistas jur\u00eddicos e de sa\u00fade p\u00fablica concordam que ele n\u00e3o teria autoridade para tomar algumas das a\u00e7\u00f5es mais severas, como a proibi\u00e7\u00e3o unilateral de vacinas, o que Kennedy disse n\u00e3o ter inten\u00e7\u00e3o de fazer.<\/p>\n<p>\u201cN\u00e3o vou tirar deles as vacinas de ningu\u00e9m\u201d, <a href=\"https:\/\/x.com\/RobertKennedyJr\/status\/1845995741833011374\">ele escreveu nas redes sociais<\/a> m\u00eas passado. \u201cS\u00f3 quero ter certeza de que todos os americanos conhe\u00e7am o perfil de seguran\u00e7a, o perfil de risco e a efic\u00e1cia de cada vacina.\u201d<\/p>\n<p>Mas Kennedy, que disse querer que os investigadores federais deixem de estudar doen\u00e7as infecciosas, poderia exercer a sua influ\u00eancia de muitas outras maneiras. As suas a\u00e7\u00f5es poder\u00e3o reduzir as taxas de vacina\u00e7\u00e3o, atrasar o desenvolvimento de novas vacinas e minar a confian\u00e7a do p\u00fablico num instrumento cr\u00edtico de sa\u00fade p\u00fablica.<\/p>\n<p>S\u00f3 nas \u00faltimas tr\u00eas d\u00e9cadas, as vacinas infantis preveniram mais de 500 milh\u00f5es de casos de doen\u00e7as, 32 milh\u00f5es de hospitaliza\u00e7\u00f5es e mais de 1 milh\u00e3o de mortes nos Estados Unidos, de acordo com <a href=\"https:\/\/www.cdc.gov\/mmwr\/volumes\/73\/wr\/mm7331a2.htm\">um relat\u00f3rio recente <\/a>dos Centros de Controle e Preven\u00e7\u00e3o de Doen\u00e7as. Mas as taxas de vacina\u00e7\u00e3o t\u00eam ca\u00eddo nos \u00faltimos anos e Kennedy poder\u00e1 acelerar a tend\u00eancia, disseram especialistas em sa\u00fade p\u00fablica.<\/p>\n<p>\u201cMuitos danos s\u00e3o poss\u00edveis\u201d, disse o Dr. Tom Frieden, ex-diretor do CDC que agora lidera a Resolve to Save Lives, uma organiza\u00e7\u00e3o sem fins lucrativos de sa\u00fade p\u00fablica. \u201cO secret\u00e1rio de sa\u00fade tem uma responsabilidade de vida ou morte. E se forem tomadas declara\u00e7\u00f5es e decis\u00f5es n\u00e3o cient\u00edficas, se as ag\u00eancias forem prejudicadas, se a confian\u00e7a do p\u00fablico for minada, ent\u00e3o pode haver propaga\u00e7\u00e3o de doen\u00e7as.\u201d<\/p>\n<figure class=\"wp-block-image size-full\"><img loading=\"lazy\" decoding=\"async\" width=\"2560\" height=\"1709\" src=\"https:\/\/bdc2020.o0bc.com\/wp-content\/uploads\/2024\/11\/Election_2024_Trump_61186-673c9bdb1d07c-scaled.jpg\" alt=\"Robert F. Kennedy Jr., fala.\" class=\"wp-image-32371297\" srcset=\"https:\/\/bdc2020.o0bc.com\/wp-content\/uploads\/2024\/11\/Election_2024_Trump_61186-673c9bdb1d07c-scaled.jpg?width=200 200w, https:\/\/bdc2020.o0bc.com\/wp-content\/uploads\/2024\/11\/Election_2024_Trump_61186-673c9bdb1d07c-scaled.jpg?width=300 300w, https:\/\/bdc2020.o0bc.com\/wp-content\/uploads\/2024\/11\/Election_2024_Trump_61186-673c9bdb1d07c-scaled.jpg?width=400 400w, https:\/\/bdc2020.o0bc.com\/wp-content\/uploads\/2024\/11\/Election_2024_Trump_61186-673c9bdb1d07c-scaled.jpg?width=500 500w, https:\/\/bdc2020.o0bc.com\/wp-content\/uploads\/2024\/11\/Election_2024_Trump_61186-673c9bdb1d07c-scaled.jpg?width=600 600w, https:\/\/bdc2020.o0bc.com\/wp-content\/uploads\/2024\/11\/Election_2024_Trump_61186-673c9bdb1d07c-scaled.jpg?width=700 700w, https:\/\/bdc2020.o0bc.com\/wp-content\/uploads\/2024\/11\/Election_2024_Trump_61186-673c9bdb1d07c-scaled.jpg?width=800 800w, https:\/\/bdc2020.o0bc.com\/wp-content\/uploads\/2024\/11\/Election_2024_Trump_61186-673c9bdb1d07c-scaled.jpg?width=900 900w\" sizes=\"auto, (max-width: 2560px) 100vw, 2560px\"\/><figcaption class=\"wp-element-caption\">Robert F. Kennedy Jr. fala diante do ex-presidente Donald Trump, candidato presidencial republicano, em um com\u00edcio de campanha no Macomb Community College na sexta-feira, 1\u00ba de novembro de 2024, em Warren, Michigan. <i> \u2013 Foto AP\/Paul Sancya<\/i><\/figcaption><\/figure>\n<p>Aqui est\u00e3o cinco coisas que Kennedy poderia fazer.<\/p>\n<h3 class=\"wp-block-heading\" id=\"h-he-could-revise-the-government-s-vaccine-recommendations\"><b>Ele poderia revisar as recomenda\u00e7\u00f5es de vacinas do governo. <\/b><\/h3>\n<p>Como secret\u00e1rio federal de sa\u00fade, Kennedy supervisionaria o CDC, a ag\u00eancia que emite orienta\u00e7\u00f5es sobre quais imuniza\u00e7\u00f5es os americanos devem receber e quando.<\/p>\n<p>As seguradoras de sa\u00fade consideram essas recomenda\u00e7\u00f5es para determinar quais vacinas cobrir e os departamentos estaduais de sa\u00fade as utilizam para informar suas pr\u00f3prias pol\u00edticas de vacinas.<\/p>\n<div class=\"m-block t-amp__list-container m-article-list-container m-article-list-container--frame-border a-border-frame  a-list-header__headline--red m-article-list--alternative--default  m-article-list--floated\">\n<ul class=\"t-amp__list a-list--no-style m-article-list m-article-list--recirculation m-article-list--has-images\">\n<li class=\"m-article-list__item m-article-list__item--featured\">\n\t\t\t<a class=\"m-article-list__link-wrapper\" href=\"https:\/\/www.boston.com\/news\/health\/2024\/11\/18\/omnivore-intermittent-faster-reformed-twinkie-lover-rfk-jr-diet\/?p1=article_recirc_inline_feature\" data-p1=\"article_recirc_inline_feature\"><br \/>\n\t\t\t\t<img loading=\"lazy\" decoding=\"async\" width=\"768\" height=\"432\" src=\"https:\/\/bdc2020.o0bc.com\/wp-content\/uploads\/2024\/11\/https___nytapi.wieck_.com_feed-photos_MlTd0Owk-673b4ec345d8b-768x432.jpg\" class=\"t-amp__list-image m-article-list__image m-article-list__image--full\" alt=\"Robert F. Kennedy Jr. em sua casa em Los Angeles\" aria-hidden=\"true\" srcset=\"https:\/\/bdc2020.o0bc.com\/wp-content\/uploads\/2024\/11\/https___nytapi.wieck_.com_feed-photos_MlTd0Owk-673b4ec345d8b-768x432.jpg?width=200 200w, https:\/\/bdc2020.o0bc.com\/wp-content\/uploads\/2024\/11\/https___nytapi.wieck_.com_feed-photos_MlTd0Owk-673b4ec345d8b-768x432.jpg?width=300 300w, https:\/\/bdc2020.o0bc.com\/wp-content\/uploads\/2024\/11\/https___nytapi.wieck_.com_feed-photos_MlTd0Owk-673b4ec345d8b-768x432.jpg?width=400 400w, https:\/\/bdc2020.o0bc.com\/wp-content\/uploads\/2024\/11\/https___nytapi.wieck_.com_feed-photos_MlTd0Owk-673b4ec345d8b-768x432.jpg?width=500 500w, https:\/\/bdc2020.o0bc.com\/wp-content\/uploads\/2024\/11\/https___nytapi.wieck_.com_feed-photos_MlTd0Owk-673b4ec345d8b-768x432.jpg?width=600 600w, https:\/\/bdc2020.o0bc.com\/wp-content\/uploads\/2024\/11\/https___nytapi.wieck_.com_feed-photos_MlTd0Owk-673b4ec345d8b-768x432.jpg?width=700 700w, https:\/\/bdc2020.o0bc.com\/wp-content\/uploads\/2024\/11\/https___nytapi.wieck_.com_feed-photos_MlTd0Owk-673b4ec345d8b-768x432.jpg?width=800 800w, https:\/\/bdc2020.o0bc.com\/wp-content\/uploads\/2024\/11\/https___nytapi.wieck_.com_feed-photos_MlTd0Owk-673b4ec345d8b-768x432.jpg?width=900 900w\" sizes=\"auto, (max-width: 768px) 100vw, 768px\"\/>\t\t\t\t\t<\/p>\n<p><h4 class=\"m-article-list__headline t-amp__list-headline\">\n\t\t\t\t\t\t\t<span class=\"m-article-list__link a-link a-link--inline a-link--text-link a-link--text-link-dark\"><\/p>\n<p>\t\t\t\t\t\t\tAmante on\u00edvoro, intermitente mais r\u00e1pido e reformado de Twinkie: a dieta RFK Jr.\t\t\t\t\t\t\t<\/span><br \/>\n\t\t\t\t\t\t<\/h4>\n<\/p>\n<p>\t\t\t\t<\/a>\n\t\t\t<\/li>\n<li class=\"m-article-list__item\">\n\t\t\t\t\t<a class=\"m-article-list__link-wrapper\" href=\"https:\/\/www.boston.com\/news\/politics\/2024\/11\/14\/trump-expected-to-choose-vaccine-skeptic-robert-f-kennedy-jr-as-health-secretary-ap-sources-say\/?p1=article_recirc_inline_feed\" data-p1=\"article_recirc_inline_feed\"><\/p>\n<p><h4 class=\"m-article-list__headline\">\n\t\t\t\t\t\t\t\t\t<span class=\"m-article-list__link a-link a-link--inline a-link--text-link a-link--text-link-dark\"><\/p>\n<p>\t\t\t\t\t\t\t\t\tTrump escolhe o ativista antivacina Robert F. Kennedy Jr. como secret\u00e1rio de sa\u00fade\t\t\t\t\t\t\t\t\t<\/span><br \/>\n\t\t\t\t\t\t\t\t<\/h4>\n<\/p>\n<p>\t\t\t\t\t\t<\/a>\n\t\t\t\t\t<\/li>\n<\/ul>\n<\/div>\n<p>Kennedy teria a palavra final sobre quais especialistas fazem parte do comit\u00ea externo que assessora o CDC sobre vacinas, e ele seria o chefe do diretor do CDC, que decidiria se adotaria essa orienta\u00e7\u00e3o. \u201cIsso \u00e9, na minha opini\u00e3o, uma receita para o desastre\u201d, disse Lawrence O. Gostin, especialista em direito de sa\u00fade p\u00fablica da Universidade de Georgetown.<\/p>\n<p>Um diretor ou comit\u00e9 consultivo do CDC que esteja hesitante em rela\u00e7\u00e3o \u00e0s vacinas poder\u00e1 introduzir mudan\u00e7as no calend\u00e1rio de vacinas infantis, tais como remover as vacinas da lista de imuniza\u00e7\u00f5es recomendadas ou alterar as idades em que s\u00e3o aconselhadas.<\/p>\n<p>\u201cSe a quest\u00e3o for puramente, o secret\u00e1rio do HHS poderia remover unilateralmente as vacinas de um cronograma ou alterar o cronograma, acho que a resposta seria n\u00e3o\u201d, disse o Dr. Michael Mina, epidemiologista e ex-professor da Universidade de Harvard. \u201cMas com um pouco de planejamento, por meio de nomea\u00e7\u00f5es com ideias semelhantes e press\u00e3o de cima para baixo, a resposta a isso come\u00e7a a mover a agulha em dire\u00e7\u00e3o ao sim.\u201d<\/p>\n<p>Uma coisa que ele n\u00e3o poderia fazer \u00e9 abolir a obrigatoriedade de vacinas, tais como a exig\u00eancia de que as crian\u00e7as recebam certas imuniza\u00e7\u00f5es antes de frequentarem a escola. Eles s\u00e3o definidos pelos governos estaduais e locais. O secret\u00e1rio federal de sa\u00fade n\u00e3o tem autoridade para substitu\u00ed-los.<\/p>\n<p>Mas alguns especialistas em sa\u00fade p\u00fablica temem que algumas autoridades de sa\u00fade estaduais, especialmente em estados liderados pelos republicanos, possam seguir um CDC que \u00e9 c\u00e9ptico em rela\u00e7\u00e3o \u00e0s vacinas. Um resultado pode ser taxas de vacina\u00e7\u00e3o mais baixas \u2013 e piores resultados de sa\u00fade p\u00fablica \u2013 nos estados vermelhos do que nos azuis, disse Gostin, semelhante ao padr\u00e3o que ocorreu com as vacinas COVID-19.<\/p>\n<h3 class=\"wp-block-heading\" id=\"h-he-could-slow-vaccine-development-and-approval\"><b>Ele poderia retardar o desenvolvimento e a aprova\u00e7\u00e3o da vacina. <\/b><\/h3>\n<p>Kennedy tamb\u00e9m ficaria encarregado da Food and Drug Administration, ag\u00eancia respons\u00e1vel pela aprova\u00e7\u00e3o de novas vacinas.<\/p>\n<p>Ele criticou repetidamente a ag\u00eancia, que acelerou a autoriza\u00e7\u00e3o das vacinas COVID-19, bem como das pr\u00f3prias vacinas. Como secret\u00e1rio de sa\u00fade, ele n\u00e3o seria capaz de retir\u00e1-las ou quaisquer outras vacinas j\u00e1 autorizadas do mercado sem fortes evid\u00eancias cient\u00edficas, disse Gostin. Se tentasse, os fabricantes de vacinas poderiam processar tal decis\u00e3o e os tribunais provavelmente decidiriam a seu favor, disse ele.<\/p>\n<p>Mas ele poderia trazer pessoas que compartilham de seus pontos de vista para o FDA. Juntos, poderiam tornar o processo de aprova\u00e7\u00e3o de novas vacinas mais oneroso e demorado, exigindo inclusive mais dados.<\/p>\n<p>\u201cEle poderia dizer: &#8216;N\u00e3o acho que isso tenha sido estudado da maneira correta&#8217;\u201d, disse o Dr. Paul Offit, diretor do Centro de Educa\u00e7\u00e3o sobre Vacinas do Hospital Infantil da Filad\u00e9lfia e consultor do FDA.<\/p>\n<figure class=\"wp-block-image size-full\"><img loading=\"lazy\" decoding=\"async\" width=\"2560\" height=\"1707\" src=\"https:\/\/bdc2020.o0bc.com\/wp-content\/uploads\/2024\/11\/https___nytapi.wieck_.com_feed-photos_dET7wM0W-673c9be512920-scaled.jpg\" alt=\"Vacas em uma fazenda leiteira em Whitewater, Kansas.\" class=\"wp-image-32371299\" srcset=\"https:\/\/bdc2020.o0bc.com\/wp-content\/uploads\/2024\/11\/https___nytapi.wieck_.com_feed-photos_dET7wM0W-673c9be512920-scaled.jpg?width=200 200w, https:\/\/bdc2020.o0bc.com\/wp-content\/uploads\/2024\/11\/https___nytapi.wieck_.com_feed-photos_dET7wM0W-673c9be512920-scaled.jpg?width=300 300w, https:\/\/bdc2020.o0bc.com\/wp-content\/uploads\/2024\/11\/https___nytapi.wieck_.com_feed-photos_dET7wM0W-673c9be512920-scaled.jpg?width=400 400w, https:\/\/bdc2020.o0bc.com\/wp-content\/uploads\/2024\/11\/https___nytapi.wieck_.com_feed-photos_dET7wM0W-673c9be512920-scaled.jpg?width=500 500w, https:\/\/bdc2020.o0bc.com\/wp-content\/uploads\/2024\/11\/https___nytapi.wieck_.com_feed-photos_dET7wM0W-673c9be512920-scaled.jpg?width=600 600w, https:\/\/bdc2020.o0bc.com\/wp-content\/uploads\/2024\/11\/https___nytapi.wieck_.com_feed-photos_dET7wM0W-673c9be512920-scaled.jpg?width=700 700w, https:\/\/bdc2020.o0bc.com\/wp-content\/uploads\/2024\/11\/https___nytapi.wieck_.com_feed-photos_dET7wM0W-673c9be512920-scaled.jpg?width=800 800w, https:\/\/bdc2020.o0bc.com\/wp-content\/uploads\/2024\/11\/https___nytapi.wieck_.com_feed-photos_dET7wM0W-673c9be512920-scaled.jpg?width=900 900w\" sizes=\"auto, (max-width: 2560px) 100vw, 2560px\"\/><figcaption class=\"wp-element-caption\">Vacas em uma fazenda leiteira em Whitewater, Kansas, em 6 de maio de 2024. Especialistas dizem que o desenvolvimento de uma vacina contra a gripe avi\u00e1ria para vacas limitaria o risco de infec\u00e7\u00e3o para trabalhadores rurais e outros animais. <i> -Arin Yoon\/The New York Times<\/i><\/figcaption><\/figure>\n<p>Ele tamb\u00e9m poderia interromper ou retardar a pesquisa de desenvolvimento de vacinas conduzida ou financiada pelos Institutos Nacionais de Sa\u00fade, a principal ag\u00eancia de pesquisa m\u00e9dica do governo federal, que tamb\u00e9m estaria sob sua al\u00e7ada. Ele tem sido claro sobre os seus planos de esvaziar algumas divis\u00f5es que se concentram no avan\u00e7o da investiga\u00e7\u00e3o e desenvolvimento de vacinas. Ele disse que, em vez disso, combateria a pr\u00f3xima pandemia \u201cconstruindo o sistema imunol\u00f3gico das pessoas\u201d.<\/p>\n<p>\u201cVou dizer aos cientistas do NIH: &#8216;Deus aben\u00e7oe a todos&#8217;\u201d, disse Kennedy como candidato presidencial em novembro de 2023. \u201c&#8217;Obrigado pelo servi\u00e7o p\u00fablico.&#8217; Vamos dar uma pausa \u00e0s doen\u00e7as infecciosas por cerca de oito anos.\u201d<\/p>\n<p>No entanto, as doen\u00e7as infecciosas ainda est\u00e3o \u00e0 espreita. E um abrandamento na investiga\u00e7\u00e3o, desenvolvimento ou aprova\u00e7\u00e3o de vacinas poder\u00e1 ter consequ\u00eancias particularmente terr\u00edveis no caso de outra emerg\u00eancia de sa\u00fade p\u00fablica como a COVID-19.<\/p>\n<p>A gripe avi\u00e1ria, por exemplo, continua a infectar os trabalhadores agr\u00edcolas americanos, e os especialistas temem que o v\u00edrus possa evoluir para se espalhar mais facilmente entre os humanos. Se isso acontecesse, \u201cestar\u00edamos numa nova pandemia\u201d, disse Jennifer Nuzzo, diretora do Pandemic Center da Brown University. \u201cE essa pandemia avan\u00e7aria muito rapidamente. Qualquer tentativa de n\u00e3o agir com urg\u00eancia seria mortal.\u201d<\/p>\n<h3 class=\"wp-block-heading\" id=\"h-he-could-emphasize-vaccine-side-effects\"><b>Ele poderia enfatizar os efeitos colaterais da vacina. <\/b><\/h3>\n<p>D\u00e9cadas de estudos cient\u00edficos confirmam que os benef\u00edcios das vacinas superam em muito os riscos, mas, como todos os medicamentos, apresentam a possibilidade de efeitos secund\u00e1rios, incluindo alguns raros mas graves. Kennedy \u2013 que disse querer mais visibilidade p\u00fablica dos dados de seguran\u00e7a \u2013 est\u00e1 preparado para chamar a aten\u00e7\u00e3o descomunal para resultados adversos.<\/p>\n<p>Sua organiza\u00e7\u00e3o sem fins lucrativos promove um banco de dados de pesquisas que inclui centenas de interpreta\u00e7\u00f5es enganosas de dados de vacinas. Em setembro, o grupo lan\u00e7ou \u201cVaxxed 3: Authorized to Kill\u201d, um filme que afirma que as vacinas COVID levaram a \u201cresultados tr\u00e1gicos de morte ou ferimentos graves\u201d.<\/p>\n<p>Sob Kennedy, ag\u00eancias federais como a FDA poderiam destacar potenciais efeitos secund\u00e1rios, exigindo que os fabricantes de vacinas listassem mesmo os muito raros no r\u00f3tulo da embalagem.<\/p>\n<p>Kennedy tamb\u00e9m poderia chamar a aten\u00e7\u00e3o para relatos n\u00e3o verificados de eventos adversos coletados por ag\u00eancias federais. \u201cO que me preocupa \u00e9 o abuso dos dados\u201d, disse o Dr. Peter Lurie, presidente do Centro para a Ci\u00eancia de Interesse P\u00fablico e ex-comiss\u00e1rio associado da FDA.<\/p>\n<p>Kennedy tamb\u00e9m poderia pressionar as ag\u00eancias federais a realizarem mais pesquisas sobre a seguran\u00e7a das vacinas. Isso n\u00e3o seria algo ruim por si s\u00f3, disse o Dr. Ofer Levy, diretor do programa de vacinas de precis\u00e3o do Hospital Infantil de Boston e consultor do FDA. \u201cH\u00e1 mais pesquisas que podem ser feitas, especialmente sobre algumas das vacinas mais recentes\u201d, disse ele.<\/p>\n<p>Mas a investiga\u00e7\u00e3o deve ser cientificamente rigorosa, acrescentou, e basear-se em d\u00e9cadas de provas cient\u00edficas relacionadas com a seguran\u00e7a das vacinas. \u201cSe voc\u00ea sinalizar isso ao p\u00fablico como: &#8216;Bem, temos que come\u00e7ar do zero, todas essas vacinas s\u00e3o suspeitas&#8217;, eu discordaria dessa abordagem\u201d, disse Levy. \u201cPorque muitas dessas vacinas foram muito, muito bem estudadas e s\u00e3o uma grande vit\u00f3ria para as crian\u00e7as.\u201d<\/p>\n<h3 class=\"wp-block-heading\" id=\"h-he-could-weaken-legal-protections-for-vaccine-makers\"><b>Ele poderia enfraquecer as prote\u00e7\u00f5es legais para os fabricantes de vacinas. <\/b><\/h3>\n<p>De acordo com uma lei federal de longa data, as pessoas que apresentam efeitos colaterais graves ap\u00f3s receberem certas vacinas de rotina t\u00eam capacidade limitada de processar as empresas farmac\u00eauticas. Em vez disso, podem procurar compensa\u00e7\u00e3o atrav\u00e9s de <a href=\"https:\/\/www.hrsa.gov\/vaccine-compensation\/about\">um programa administrado pelo governo<\/a>. A lei pretende incentivar as empresas farmac\u00eauticas a investir no desenvolvimento de vacinas.<\/p>\n<p>Kennedy n\u00e3o poderia fazer grandes mudan\u00e7as na lei sem a aprova\u00e7\u00e3o do Congresso, mas poderia remover vacinas espec\u00edficas do programa. \u00c9 \u201cdif\u00edcil dizer se ele conseguiria retirar todas as vacinas da lista, porque s\u00e3o \u00e1guas desconhecidas, legalmente falando\u201d, disse Ana Santos Rutschman, especialista em legisla\u00e7\u00e3o e pol\u00edtica de sa\u00fade da Universidade Villanova.<\/p>\n<p>Se as vacinas forem retiradas do programa, algumas empresas podem decidir parar de fabric\u00e1-las. \u201cE isso ter\u00e1 dois efeitos: aumentar os custos das vacinas e reduzir a disponibilidade para aqueles que as desejam\u201d, disse Dorit Reiss, especialista em pol\u00edtica e legisla\u00e7\u00e3o de vacinas da Faculdade de Direito da Universidade da Calif\u00f3rnia, em S\u00e3o Francisco.<\/p>\n<p>(E como o programa \u00e9 mais favor\u00e1vel aos demandantes do que os tribunais, reduzir a lista poderia, na verdade, tornar mais dif\u00edcil a compensa\u00e7\u00e3o das pessoas com les\u00f5es causadas pela vacina, acrescentou Reiss.)<\/p>\n<p>Uma lei mais recente tamb\u00e9m prev\u00ea protec\u00e7\u00f5es de responsabilidade \u00e0s empresas que fabricam vacinas para emerg\u00eancias de sa\u00fade p\u00fablica, como a pandemia da COVID-19. Estas prote\u00e7\u00f5es s\u00e3o <a href=\"https:\/\/www.federalregister.gov\/documents\/2020\/03\/17\/2020-05484\/declaration-under-the-public-readiness-and-emergency-preparedness-act-for-medical-countermeasures\">implementado por uma declara\u00e7\u00e3o<\/a> da secretaria de sa\u00fade; no caso de outra pandemia, Kennedy poderia simplesmente abster-se de criar uma.<\/p>\n<p>A longo prazo, dizem os especialistas, o enfraquecimento das protec\u00e7\u00f5es de responsabilidade provavelmente levaria algumas empresas farmac\u00eauticas a abandonar o desenvolvimento de vacinas. \u201cO que, do ponto de vista da sa\u00fade p\u00fablica, pode significar menos vacinas no futuro\u201d, disse Rutschman.<\/p>\n<h3 class=\"wp-block-heading\" id=\"h-he-could-speak-out-against-vaccines\"><b>Ele poderia falar contra as vacinas. <\/b><\/h3>\n<p>Muitos especialistas dizem que se preocupam mais com o p\u00falpito agressivo de Kennedy. Se confirmado, Kennedy teria uma nova plataforma para espalhar desinforma\u00e7\u00e3o sobre vacinas e amplificar os receios sobre a sua seguran\u00e7a.<\/p>\n<p>\u201c\u00c9 muito dif\u00edcil recuperar ideias ultrajantes quando algoritmos de m\u00eddia social as impulsionam\u201d, disse Nuzzo.<\/p>\n<p>A hesita\u00e7\u00e3o em vacinar cresceu durante o primeiro mandato de Trump como presidente e persistiu depois que ele deixou o cargo.<\/p>\n<p>Especialistas em vacinas disseram que Kennedy \u00e9 particularmente h\u00e1bil em pegar ci\u00eancia de boa qualidade e revisada por pares e distorcer as descobertas.<\/p>\n<p>Mina disse esperar que Kennedy \u201cfa\u00e7a exatamente o que vem fazendo h\u00e1 anos: falsificar a forma como os dados devem ser interpretados, usando t\u00e1ticas muito manipuladoras para transmitir uma mensagem que faz as vacinas parecerem perigosas. Ele \u00e9 um mestre nisso \u2013 verdadeiramente um mestre.\u201d<\/p>\n<p>Durante um surto de sarampo em Samoa em 2019, Kennedy alimentou o ceticismo que impulsionou a propaga\u00e7\u00e3o. Ele escreveu ao primeiro-ministro do pa\u00eds sobre o <a href=\"https:\/\/www.respectfulinsolence.com\/wp-content\/uploads\/2019\/12\/RFKletterSamoanPM.pdf\">Papel timbrado de defesa da sa\u00fade infantil<\/a>sugerindo que o fracasso das vacinas administradas a mulheres gr\u00e1vidas e crian\u00e7as foi o verdadeiro culpado. Mais de 50 crian\u00e7as morreram no surto.<\/p>\n<p><em>Este artigo apareceu originalmente em <a href=\"https:\/\/www.nytimes.com\/2024\/11\/19\/health\/rfk-jr-vaccines-hhs.html\">O jornal New York Times<\/a>.<\/em><\/p>\n<div class=\"m-block m-generic-cta\t m-generic-cta--post-content\t m-generic-cta--dark\t m-generic-cta--homepage\t m-generic-cta--email-signup\t\t m-generic-cta-block-style--default \tt-amp__generic-cta\"><\/p>\n<div class=\"m-generic-cta__wrap\">\n<div class=\"m-generic-cta__content\">\n<h3 class=\"m-generic-cta__title\">Alertas extras de not\u00edcias<\/h3>\n<p class=\"m-generic-cta__subtitle\">Receba as \u00faltimas atualiza\u00e7\u00f5es conforme elas acontecem.<\/p>\n<\/p><\/div>\n<\/p><\/div>\n<\/div><\/div>\n<p><script>\n\t\tvar consent=\"grant\";\n\t\t\/* The above code is parsing the JSON data from the local storage and storing it in a variable. *\/\n\t\t\t\t\tconst onetrustStorageConsent = JSON.parse(localStorage.getItem( 'consent_one_trust_bdc' ) );\n\t\t\tif ( ( onetrustStorageConsent !== null ) ) {\n\t\t\t\t\/* Checking to see if the user has consented to the use of cookies.\n\t\t\t\t* If they have not, it is deleting the cookie.\n\t\t\t\t* This will comment for now, until further notice.\n\t\t\t\t*\/\n\t\t\t\t\/\/if ( onetrustStorageConsent.C0002 === false ) {\n\t\t\t\t\/\/\tdocument.cookie=\"_fbp=;expires=Thu, 01 Jan 2010 00:00:00 UTC; path=\/; domain=.boston.com\";\n\t\t\t\t\/\/}\n\t\t\t\t\/* Checking if the user has given consent for the cookie C0002.\n\t\t\t\t* If the user has given consent, the variable consent will be set to 'grant'.\n\t\t\t\t* If the user has not given consent,the variable consent will be set to 'revoke'.\n\t\t\t\t* Documentation https:\/\/developers.facebook.com\/docs\/meta-pixel\/implementation\/gdpr\n\t\t\t\t*\/\n\t\t\t\tif ( onetrustStorageConsent.C0002 !== true ) {\n\t\t\t\t\tconsent=\"revoke\";\n\t\t\t\t}\n\t\t\t}\n\t\t\t\t!function(f,b,e,v,n,t,s)\n\t\t{if(f.fbq)return;n=f.fbq=function(){n.callMethod?\n\t\tn.callMethod.apply(n,arguments):n.queue.push(arguments)};\n\t\tif(!f._fbq)f._fbq=n;n.push=n;n.loaded=!0;n.version='2.0';\n\t\tn.queue=[];t=b.createElement(e);t.async=!0;\n\t\tt.src=v;s=b.getElementsByTagName(e)[0];\n\t\ts.parentNode.insertBefore(t,s)}(window, document,'script',\n\t\t'https:\/\/connect.facebook.net\/en_US\/fbevents.js');\n\t\tfbq('consent', consent);\n\t\tfbq('init', '989222871864976');\n\t\tfbq('track', 'PageView');\n\t<\/script><script type=\"module\">\n\t\tvar consent=\"grant\";\n\t\t\/* The above code is parsing the JSON data from the local storage and storing it in a variable. *\/\n\t\t\tconst onetrustStorageConsent = JSON.parse(localStorage.getItem( 'consent_one_trust_bdc' ) );\n\t\t\t\/* Checking to see if the user has consented to the use of cookies.\n\t\t\t* If they have not, it is deleting the cookie.\n\t\t\t* This will comment for now, until further notice.\n\t\t\t*\/\n\t\t\t\/\/if ( onetrustStorageConsent.C0002 === false ) {\n\t\t\t\/\/\tdocument.cookie=\"_fbp=;expires=Thu, 01 Jan 2010 00:00:00 UTC; path=\/; domain=.boston.com\";\n\t\t\t\/\/}\n\t\t\t\/* Checking if the user has given consent for the cookie C0002.\n\t\t\t* If the user has given consent, the variable consent will be set to 'grant'.\n\t\t\t* If the user has not given consent,the variable consent will be set to 'revoke'.\n\t\t\t* Documentation https:\/\/developers.facebook.com\/docs\/meta-pixel\/implementation\/gdpr\n\t\t\t*\/\n\t\t\tif ( ( onetrustStorageConsent !== null ) && (onetrustStorageConsent.C0002 !== true ) ) {\n\t\t\t\tconsent=\"revoke\";\n\t\t\t}\n\t\t\t\t!function(f,b,e,v,n,t,s){if(f.fbq)return;n=f.fbq=function()\n\t\t{n.callMethod? n.callMethod.apply(n,arguments):n.queue.push(arguments)}\n\t\t;if(!f._fbq)f._fbq=n;\n\t\tn.push=n;n.loaded=!0;n.version='2.0';n.queue=[];t=b.createElement(e);t.async=!0;\n\t\tt.src=v;s=b.getElementsByTagName(e)[0];s.parentNode.insertBefore(t,s)}(window,\n\t\tdocument,'script','https:\/\/connect.facebook.net\/en_US\/fbevents.js');\n\t\tfbq('consent', consent);\n\t\tfbq('init', '813236348753005');\n\t\tfbq('track', \"PageView\");\n\t<\/script><br \/>\n<br \/><br \/>\n<br \/><a href=\"https:\/\/www.boston.com\/news\/health\/2024\/11\/19\/5-ways-rfk-jr-could-undermine-lifesaving-childhood-vaccines\/\">Source link <\/a><\/p>","protected":false},"excerpt":{"rendered":"<p>Sa\u00fade S\u00f3 nas \u00faltimas tr\u00eas d\u00e9cadas, as vacinas infantis preveniram mais de 500 milh\u00f5es de casos de doen\u00e7as, 32 milh\u00f5es de hospitaliza\u00e7\u00f5es e mais de 1 milh\u00e3o de mortes nos&hellip;<\/p>","protected":false},"author":1,"featured_media":62059,"comment_status":"closed","ping_status":"open","sticky":false,"template":"","format":"standard","meta":{"content-type":"","footnotes":""},"categories":[1],"tags":[],"class_list":["post-62058","post","type-post","status-publish","format-standard","has-post-thumbnail","hentry","category-uncategorized"],"_links":{"self":[{"href":"https:\/\/tvbrazilusa.com\/pt\/wp-json\/wp\/v2\/posts\/62058","targetHints":{"allow":["GET"]}}],"collection":[{"href":"https:\/\/tvbrazilusa.com\/pt\/wp-json\/wp\/v2\/posts"}],"about":[{"href":"https:\/\/tvbrazilusa.com\/pt\/wp-json\/wp\/v2\/types\/post"}],"author":[{"embeddable":true,"href":"https:\/\/tvbrazilusa.com\/pt\/wp-json\/wp\/v2\/users\/1"}],"replies":[{"embeddable":true,"href":"https:\/\/tvbrazilusa.com\/pt\/wp-json\/wp\/v2\/comments?post=62058"}],"version-history":[{"count":1,"href":"https:\/\/tvbrazilusa.com\/pt\/wp-json\/wp\/v2\/posts\/62058\/revisions"}],"predecessor-version":[{"id":62060,"href":"https:\/\/tvbrazilusa.com\/pt\/wp-json\/wp\/v2\/posts\/62058\/revisions\/62060"}],"wp:featuredmedia":[{"embeddable":true,"href":"https:\/\/tvbrazilusa.com\/pt\/wp-json\/wp\/v2\/media\/62059"}],"wp:attachment":[{"href":"https:\/\/tvbrazilusa.com\/pt\/wp-json\/wp\/v2\/media?parent=62058"}],"wp:term":[{"taxonomy":"category","embeddable":true,"href":"https:\/\/tvbrazilusa.com\/pt\/wp-json\/wp\/v2\/categories?post=62058"},{"taxonomy":"post_tag","embeddable":true,"href":"https:\/\/tvbrazilusa.com\/pt\/wp-json\/wp\/v2\/tags?post=62058"}],"curies":[{"name":"wp","href":"https:\/\/api.w.org\/{rel}","templated":true}]}}