{"id":62080,"date":"2024-11-19T15:58:58","date_gmt":"2024-11-19T15:58:58","guid":{"rendered":"https:\/\/tvbrazilusa.com\/2024\/11\/19\/pf-revelou-que-um-plano-considerava-o-uso-de-veneno-para-assassinar-o-presidente-lula\/"},"modified":"2024-11-19T15:58:59","modified_gmt":"2024-11-19T15:58:59","slug":"pf-revelou-que-um-plano-considerava-o-uso-de-veneno-para-assassinar-o-presidente-lula","status":"publish","type":"post","link":"https:\/\/tvbrazilusa.com\/pt\/2024\/11\/19\/pf-revelou-que-um-plano-considerava-o-uso-de-veneno-para-assassinar-o-presidente-lula\/","title":{"rendered":"PF revelou que um plano considerava o uso de veneno para assassinar o presidente Lula"},"content":{"rendered":"<p> <script async src=\"https:\/\/pagead2.googlesyndication.com\/pagead\/js\/adsbygoogle.js?client=ca-pub-8864793242727901\"\r\n     crossorigin=\"anonymous\"><\/script><br \/>\n<\/p>\n<p>A Pol\u00edcia Federal (PF), deflagrou nesta ter\u00e7a-feira (19), uma opera\u00e7\u00e3o contra uma organiza\u00e7\u00e3o criminosa que teria sido respons\u00e1vel por planejar os assassinatos do presidente da Rep\u00fablica, Luiz In\u00e1cio Lula da Silva (PT), do vice-presidente da Rep\u00fablica, Geraldo Alckmin (PSB) e do ministro do Supremo Tribunal Federal Alexandre de Moraes.\n<\/p>\n<div id=\"mid2\" data-google-query-id=\"CP6bwPPD6IkDFXxI3QIdiAIHiQ\">\n<p>A decis\u00e3o de Moraes que embasou a opera\u00e7\u00e3o cita que a investiga\u00e7\u00e3o descobriu um plano de envenenar o presidente eleito Luiz In\u00e1cio Lula da Silva (PT), ap\u00f3s as elei\u00e7\u00f5es de 2022.<\/p>\n<p>\u201cPara execu\u00e7\u00e3o do presidente Lula, o documento descreve, considerando sua vulnerabilidade de sa\u00fade e ida frequente a hospitais, a possibilidade de utiliza\u00e7\u00e3o de envenenamento ou uso de qu\u00edmicos para causar um colapso org\u00e2nico\u201d, diz o documento.\n<\/p>\n<p>O planejamento, que aconteceu em dezembro de 2022, segundo o documento obtido pela CNN, revela que o vice-presidente Geraldo Alckmin tamb\u00e9m era alvo do grupo de militares das For\u00e7as Especiais (FE), conhecidos como \u201ckids pretos\u201d e visava um golpe de estado para impedir a posse do governo eleito em 2022.\n<\/p>\n<p>O documento elaborado pelo ex-assessor Mario Fernandes, general da reserva e ex-assessor da Presid\u00eancia de Jair Bolsonaro e integrante dos \u201ckids pretos\u201d, contendo o plano para executar Lula, Alckmin e Moraes, indica que o petista era chamado de \u201cJeca\u201d pelos investigados.\n<\/p>\n<p>J\u00e1 Geraldo Alckmin tinha o codinome de \u201cJoca\u201d. Alexandre de Moraes era chamado de \u201cprofessora\u201d.\n<\/p>\n<h2>A opera\u00e7\u00e3o<\/h2>\n<p>Os agentes da PF cumpriram cinco mandados de pris\u00e3o preventiva, tr\u00eas de busca e apreens\u00e3o e 15 medidas cautelares.\n<\/p>\n<p>O Ex\u00e9rcito acompanhou o cumprimento dos mandados no Rio de Janeiro, Goi\u00e1s, Amazonas e Distrito Federal.\n<\/p>\n<p>O planejamento operacional da organiza\u00e7\u00e3o era denominado como \u201cPunhal Verde e Amarelo\u201d. Os assassinatos de Lula, Alckmin e Moraes deveriam ocorrer em 15 de dezembro de 2022, tr\u00eas dias ap\u00f3s a diploma\u00e7\u00e3o do petista no Tribunal Superior Eleitoral (TSE).\n<\/p>\n<p>A PF tamb\u00e9m informou que Moraes era monitorado continuamente.\n<\/p>\n<p>A organiza\u00e7\u00e3o previa ainda a institui\u00e7\u00e3o de um \u201cGabinete Institucional de Gest\u00e3o de Crise\u201d para lidar com as consequ\u00eancias das a\u00e7\u00f5es.\n<\/p>\n<h2>Quem s\u00e3o os alvos de mandado de pris\u00e3o preventiva<\/h2>\n<ul>\n<li>Mario Fernandes, general da reserva e ex-assessor da Presid\u00eancia de Jair Bolsonaro e integrante dos \u201ckids pretos\u201d<\/li>\n<li>H\u00e9lio Ferreira Lima, natural do Rio de Janeiro (RJ), tenente-coronel do Ex\u00e9rcito Brasileiro e integrante dos \u201ckids pretos\u201d;<\/li>\n<li>Rafael Martins de Oliveira, major do Ex\u00e9rcito Brasileiro, conhecido como JOE, com forma\u00e7\u00e3o em for\u00e7as especiais e integrante dos \u201ckids pretos\u201d;<\/li>\n<li>Rodrigo Bezerra de Azevedo, major Ex\u00e9rcito Brasileiro, mestre em Ci\u00eancias Militares pela Escola de Aperfei\u00e7oamento de Oficiais do Ex\u00e9rcito Brasileiro e integrante dos \u201ckids pretos\u201d;<\/li>\n<li>Wladimir Matos Soares, policial federal<\/li>\n<\/ul>\n<p>Fonte: CNN Brasil\n<\/p>\n<\/div>\n<p><br \/>\n<br \/><a href=\"https:\/\/diariodobrasilnoticias.com.br\/noticia\/pf-revelou-que-um-plano-considerava-o-uso-de-veneno-para-assassinar-o-presidente-lula-673c96d161e13\">Source link <\/a><\/p>","protected":false},"excerpt":{"rendered":"<p>A Pol\u00edcia Federal (PF), deflagrou nesta ter\u00e7a-feira (19), uma opera\u00e7\u00e3o contra uma organiza\u00e7\u00e3o criminosa que teria sido respons\u00e1vel por planejar os assassinatos do presidente da Rep\u00fablica, Luiz In\u00e1cio Lula da&hellip;<\/p>","protected":false},"author":1,"featured_media":62081,"comment_status":"closed","ping_status":"open","sticky":false,"template":"","format":"standard","meta":{"content-type":"","footnotes":""},"categories":[16],"tags":[123,2448,5313,1267],"class_list":["post-62080","post","type-post","status-publish","format-standard","has-post-thumbnail","hentry","category-noticias","tag-brasil","tag-diario","tag-noticia","tag-noticias"],"_links":{"self":[{"href":"https:\/\/tvbrazilusa.com\/pt\/wp-json\/wp\/v2\/posts\/62080","targetHints":{"allow":["GET"]}}],"collection":[{"href":"https:\/\/tvbrazilusa.com\/pt\/wp-json\/wp\/v2\/posts"}],"about":[{"href":"https:\/\/tvbrazilusa.com\/pt\/wp-json\/wp\/v2\/types\/post"}],"author":[{"embeddable":true,"href":"https:\/\/tvbrazilusa.com\/pt\/wp-json\/wp\/v2\/users\/1"}],"replies":[{"embeddable":true,"href":"https:\/\/tvbrazilusa.com\/pt\/wp-json\/wp\/v2\/comments?post=62080"}],"version-history":[{"count":1,"href":"https:\/\/tvbrazilusa.com\/pt\/wp-json\/wp\/v2\/posts\/62080\/revisions"}],"predecessor-version":[{"id":62082,"href":"https:\/\/tvbrazilusa.com\/pt\/wp-json\/wp\/v2\/posts\/62080\/revisions\/62082"}],"wp:featuredmedia":[{"embeddable":true,"href":"https:\/\/tvbrazilusa.com\/pt\/wp-json\/wp\/v2\/media\/62081"}],"wp:attachment":[{"href":"https:\/\/tvbrazilusa.com\/pt\/wp-json\/wp\/v2\/media?parent=62080"}],"wp:term":[{"taxonomy":"category","embeddable":true,"href":"https:\/\/tvbrazilusa.com\/pt\/wp-json\/wp\/v2\/categories?post=62080"},{"taxonomy":"post_tag","embeddable":true,"href":"https:\/\/tvbrazilusa.com\/pt\/wp-json\/wp\/v2\/tags?post=62080"}],"curies":[{"name":"wp","href":"https:\/\/api.w.org\/{rel}","templated":true}]}}