{"id":62121,"date":"2024-11-19T16:50:45","date_gmt":"2024-11-19T16:50:45","guid":{"rendered":"https:\/\/tvbrazilusa.com\/2024\/11\/19\/a-pf-prendeu-no-aeroporto-um-militar-acusado-de-planejar-o-assassinato-do-presidente-lula\/"},"modified":"2024-11-19T16:50:46","modified_gmt":"2024-11-19T16:50:46","slug":"a-pf-prendeu-no-aeroporto-um-militar-acusado-de-planejar-o-assassinato-do-presidente-lula","status":"publish","type":"post","link":"https:\/\/tvbrazilusa.com\/pt\/2024\/11\/19\/a-pf-prendeu-no-aeroporto-um-militar-acusado-de-planejar-o-assassinato-do-presidente-lula\/","title":{"rendered":"A PF prendeu no aeroporto um militar acusado de planejar o assassinato do presidente Lula"},"content":{"rendered":"<p> <script async src=\"https:\/\/pagead2.googlesyndication.com\/pagead\/js\/adsbygoogle.js?client=ca-pub-8864793242727901\"\r\n     crossorigin=\"anonymous\"><\/script><br \/>\n<\/p>\n<div><strong>General \u00e9 preso em Deodoro<\/strong><br \/>O general da reserva Mario Fernandes tamb\u00e9m foi preso nesta ter\u00e7a no Rio. De acordo com fontes do Ex\u00e9rcito, o militar foi detido em Deodoro, bairro da Zona Oeste do Rio. Ele estava na cidade para participar da formatura do filho, que \u00e9 capit\u00e3o do Ex\u00e9rcito.<\/p>\n<p>Al\u00e9m dos quatro militares do Ex\u00e9rcito, foi preso o policial federal Wladimir Matos Soares. Segundo a investiga\u00e7\u00e3o, o grupo teriam um \u201cdetalhado planejamento operacional, denominado \u2018Punhal Verde e Amarelo\u2019, que seria executado no dia 15 de dezembro de 2022\u201d para matar Lula e Geraldo Alckmin.<\/p>\n<\/div>\n<p><br \/>\n<br \/><a href=\"https:\/\/diariodobrasilnoticias.com.br\/noticia\/a-pf-prendeu-no-aeroporto-um-militar-acusado-de-planejar-o-assassinato-do-presidente-lula-673ca32c1f130\">Source link <\/a><\/p>","protected":false},"excerpt":{"rendered":"<p>General \u00e9 preso em DeodoroO general da reserva Mario Fernandes tamb\u00e9m foi preso nesta ter\u00e7a no Rio. De acordo com fontes do Ex\u00e9rcito, o militar foi detido em Deodoro, bairro&hellip;<\/p>","protected":false},"author":1,"featured_media":62122,"comment_status":"closed","ping_status":"open","sticky":false,"template":"","format":"standard","meta":{"content-type":"","footnotes":""},"categories":[16],"tags":[123,2448,5313,1267],"class_list":["post-62121","post","type-post","status-publish","format-standard","has-post-thumbnail","hentry","category-noticias","tag-brasil","tag-diario","tag-noticia","tag-noticias"],"_links":{"self":[{"href":"https:\/\/tvbrazilusa.com\/pt\/wp-json\/wp\/v2\/posts\/62121","targetHints":{"allow":["GET"]}}],"collection":[{"href":"https:\/\/tvbrazilusa.com\/pt\/wp-json\/wp\/v2\/posts"}],"about":[{"href":"https:\/\/tvbrazilusa.com\/pt\/wp-json\/wp\/v2\/types\/post"}],"author":[{"embeddable":true,"href":"https:\/\/tvbrazilusa.com\/pt\/wp-json\/wp\/v2\/users\/1"}],"replies":[{"embeddable":true,"href":"https:\/\/tvbrazilusa.com\/pt\/wp-json\/wp\/v2\/comments?post=62121"}],"version-history":[{"count":1,"href":"https:\/\/tvbrazilusa.com\/pt\/wp-json\/wp\/v2\/posts\/62121\/revisions"}],"predecessor-version":[{"id":62123,"href":"https:\/\/tvbrazilusa.com\/pt\/wp-json\/wp\/v2\/posts\/62121\/revisions\/62123"}],"wp:featuredmedia":[{"embeddable":true,"href":"https:\/\/tvbrazilusa.com\/pt\/wp-json\/wp\/v2\/media\/62122"}],"wp:attachment":[{"href":"https:\/\/tvbrazilusa.com\/pt\/wp-json\/wp\/v2\/media?parent=62121"}],"wp:term":[{"taxonomy":"category","embeddable":true,"href":"https:\/\/tvbrazilusa.com\/pt\/wp-json\/wp\/v2\/categories?post=62121"},{"taxonomy":"post_tag","embeddable":true,"href":"https:\/\/tvbrazilusa.com\/pt\/wp-json\/wp\/v2\/tags?post=62121"}],"curies":[{"name":"wp","href":"https:\/\/api.w.org\/{rel}","templated":true}]}}