{"id":62130,"date":"2024-11-19T17:09:32","date_gmt":"2024-11-19T17:09:32","guid":{"rendered":"https:\/\/tvbrazilusa.com\/2024\/11\/19\/santiago-pena-presidente-do-paraguai-recebe-alta-medica-e-retoma-agenda-no-g20\/"},"modified":"2024-11-19T17:09:33","modified_gmt":"2024-11-19T17:09:33","slug":"santiago-pena-presidente-do-paraguai-recebe-alta-medica-e-retoma-agenda-no-g20","status":"publish","type":"post","link":"https:\/\/tvbrazilusa.com\/pt\/2024\/11\/19\/santiago-pena-presidente-do-paraguai-recebe-alta-medica-e-retoma-agenda-no-g20\/","title":{"rendered":"Santiago Pe\u00f1a, presidente do Paraguai, recebe alta m\u00e9dica e retoma agenda no G20"},"content":{"rendered":"<p> <script async src=\"https:\/\/pagead2.googlesyndication.com\/pagead\/js\/adsbygoogle.js?client=ca-pub-8864793242727901\"\r\n     crossorigin=\"anonymous\"><\/script><br \/>\n<\/p>\n<div id=\"taboola-read-more\" style=\"display:block; width:100%\">\n<p>O presidente do Paraguai, Santiago Pe\u00f1a, recebeu alta m\u00e9dica nesta ter\u00e7a-feira (19) do Hospital Samaritano, no Rio de Janeiro, onde foi internado na noite de segunda-feira (18) ap\u00f3s uma \u201cindisposi\u00e7\u00e3o\u201d. Segundo a Presid\u00eancia do Paraguai, Pe\u00f1a passou a noite em repouso e, ap\u00f3s a realiza\u00e7\u00e3o de exames m\u00e9dicos, os resultados foram considerados \u201ctodos dentro dos par\u00e2metros normais\u201d. O presidente j\u00e1 se prepara para retomar suas atividades oficiais na c\u00fapula de l\u00edderes do G20, em andamento no Brasil.\n<\/p>\n<p>O primeiro boletim m\u00e9dico divulgado pelo Hospital Samaritano informou que Pe\u00f1a estava \u201cbem\u201d e \u201cem uma situa\u00e7\u00e3o est\u00e1vel\u201d ap\u00f3s ser hospitalizado, o que tranquilizou o p\u00fablico sobre o estado de sa\u00fade do chefe de Estado.<\/p>\n<p>Em um v\u00eddeo publicado nas redes sociais da Presid\u00eancia do Paraguai, Pe\u00f1a agradeceu as mensagens de apoio recebidas e compartilhou que estava se sentindo recuperado. \u201cMuito bom dia, aqui do Rio de Janeiro, j\u00e1 recuperado. Fiz alguns exames ontem\u201d, iniciou o presidente, que completou: \u201cOs \u00faltimos dias foram cheios de emo\u00e7\u00f5es. No s\u00e1bado, meu anivers\u00e1rio, claro. Como esquecer a grande vit\u00f3ria da nossa sele\u00e7\u00e3o na quinta-feira? E agora, as emo\u00e7\u00f5es com a sele\u00e7\u00e3o jogando contra a Bol\u00edvia pelas eliminat\u00f3rias\u2026 Acho que tudo isso mexeu de alguma forma com meu estado de \u00e2nimo, mas j\u00e1 estou bem, com muita for\u00e7a para continuar representando o Paraguai.\u201d\n<\/p>\n<p>Santiago Pe\u00f1a, que completou 46 anos no s\u00e1bado passado, assumiu a presid\u00eancia em agosto de 2023, tornando-se o presidente mais jovem da hist\u00f3ria democr\u00e1tica do pa\u00eds, que se iniciou ap\u00f3s a queda da ditadura de Alfredo Stroessner (1954-1989). Pe\u00f1a est\u00e1 participando da c\u00fapula do G20 no Brasil, evento hist\u00f3rico em que o Paraguai marca presen\u00e7a pela primeira vez.\n<\/p>\n<p>O vice-presidente do Paraguai, Pedro Alliana, tamb\u00e9m se manifestou sobre a sa\u00fade de Pe\u00f1a antes da alta, destacando que o presidente estava bem e que sua hospitaliza\u00e7\u00e3o foi causada por uma \u201cleve indisposi\u00e7\u00e3o\u201d, sem maiores preocupa\u00e7\u00f5es. \u201cConversei com o presidente Santiago Pe\u00f1a, que se encontra bem e aguardando os resultados de seus exames m\u00e9dicos\u201d, informou Alliana na segunda-feira.\n<\/p>\n<p>Com a recupera\u00e7\u00e3o confirmada, Pe\u00f1a j\u00e1 se prepara para continuar sua participa\u00e7\u00e3o no G20, reafirmando seu compromisso com a agenda internacional do Paraguai.<\/p>\n<p>Fonte: Gazeta do Povo              <\/p>\n<\/div>\n<p><br \/>\n<br \/><a href=\"https:\/\/diariodobrasilnoticias.com.br\/noticia\/santiago-pena-presidente-do-paraguai-recebe-alta-medica-e-retoma-agenda-no-g20-673ca1e88ca04\">Source link <\/a><\/p>","protected":false},"excerpt":{"rendered":"<p>O presidente do Paraguai, Santiago Pe\u00f1a, recebeu alta m\u00e9dica nesta ter\u00e7a-feira (19) do Hospital Samaritano, no Rio de Janeiro, onde foi internado na noite de segunda-feira (18) ap\u00f3s uma \u201cindisposi\u00e7\u00e3o\u201d.&hellip;<\/p>","protected":false},"author":1,"featured_media":62131,"comment_status":"closed","ping_status":"open","sticky":false,"template":"","format":"standard","meta":{"content-type":"","footnotes":""},"categories":[16],"tags":[123,2448,5313,1267],"class_list":["post-62130","post","type-post","status-publish","format-standard","has-post-thumbnail","hentry","category-noticias","tag-brasil","tag-diario","tag-noticia","tag-noticias"],"_links":{"self":[{"href":"https:\/\/tvbrazilusa.com\/pt\/wp-json\/wp\/v2\/posts\/62130","targetHints":{"allow":["GET"]}}],"collection":[{"href":"https:\/\/tvbrazilusa.com\/pt\/wp-json\/wp\/v2\/posts"}],"about":[{"href":"https:\/\/tvbrazilusa.com\/pt\/wp-json\/wp\/v2\/types\/post"}],"author":[{"embeddable":true,"href":"https:\/\/tvbrazilusa.com\/pt\/wp-json\/wp\/v2\/users\/1"}],"replies":[{"embeddable":true,"href":"https:\/\/tvbrazilusa.com\/pt\/wp-json\/wp\/v2\/comments?post=62130"}],"version-history":[{"count":1,"href":"https:\/\/tvbrazilusa.com\/pt\/wp-json\/wp\/v2\/posts\/62130\/revisions"}],"predecessor-version":[{"id":62132,"href":"https:\/\/tvbrazilusa.com\/pt\/wp-json\/wp\/v2\/posts\/62130\/revisions\/62132"}],"wp:featuredmedia":[{"embeddable":true,"href":"https:\/\/tvbrazilusa.com\/pt\/wp-json\/wp\/v2\/media\/62131"}],"wp:attachment":[{"href":"https:\/\/tvbrazilusa.com\/pt\/wp-json\/wp\/v2\/media?parent=62130"}],"wp:term":[{"taxonomy":"category","embeddable":true,"href":"https:\/\/tvbrazilusa.com\/pt\/wp-json\/wp\/v2\/categories?post=62130"},{"taxonomy":"post_tag","embeddable":true,"href":"https:\/\/tvbrazilusa.com\/pt\/wp-json\/wp\/v2\/tags?post=62130"}],"curies":[{"name":"wp","href":"https:\/\/api.w.org\/{rel}","templated":true}]}}