{"id":62139,"date":"2024-11-19T17:21:58","date_gmt":"2024-11-19T17:21:58","guid":{"rendered":"https:\/\/tvbrazilusa.com\/2024\/11\/19\/milei-compartilha-meme-comparando-encontro-com-lula-e-com-trump\/"},"modified":"2024-11-19T17:21:59","modified_gmt":"2024-11-19T17:21:59","slug":"milei-compartilha-meme-comparando-encontro-com-lula-e-com-trump","status":"publish","type":"post","link":"https:\/\/tvbrazilusa.com\/pt\/2024\/11\/19\/milei-compartilha-meme-comparando-encontro-com-lula-e-com-trump\/","title":{"rendered":"Milei compartilha meme comparando encontro com Lula e com Trump"},"content":{"rendered":"<p> <script async src=\"https:\/\/pagead2.googlesyndication.com\/pagead\/js\/adsbygoogle.js?client=ca-pub-8864793242727901\"\r\n     crossorigin=\"anonymous\"><\/script><br \/>\n<\/p>\n<div id=\"taboola-read-more\" style=\"display:block; width:100%\">\n<p>O presidente argentino, Javier Milei, compartilhou uma postagem no Instagram em que compara o encontro com o presidente Luiz In\u00e1cio Lula da Silva (PT) ao encontro com o presidente dos Estados Unidos, Donald Trump.\n<\/p>\n<p>A publica\u00e7\u00e3o mostra o l\u00edder argentino sorridente ao lado de Trump em um encontro na quinta-feira (14), enquanto aparece com express\u00e3o s\u00e9ria ao lado de Lula nesta segunda-feira (18), antes da primeira sess\u00e3o da C\u00fapula do G20, no Rio de Janeiro.<\/p>\n<p>A legenda da foto diz: \u201cCom a direita \/\/ com a esquerda\u201d.\n<\/p>\n<p>No X, a conta de Milei tamb\u00e9m compartilhou um post relembrando o encontro com o ex-presidente Jair Bolsonaro (PL) e o deputado federal Eduardo Bolsonaro (PL) durante a cerim\u00f4nia de posse do presidente argentino. A postagem descrevia o encontro como \u201cperfeito\u201d.\n<\/p>\n<p>O l\u00edder argentino ainda compartilhou uma mensagem que diz: \u201cMilei demonstra quem manda na regi\u00e3o. Enquanto Lula promove sua agenda globalista do G20, nosso presidente @JMilei marca terreno: n\u00e3o ao imposto aos \u2018super-ricos\u2019, n\u00e3o ao consenso clim\u00e1tico imposto, n\u00e3o \u00e0 Agenda 2030. Argentina, farol que ilumina o mundo\u201d.\n<\/p>\n<p>Outra publica\u00e7\u00e3o compartilhada pela conta de Milei no X mostrava a primeira-ministra da It\u00e1lia, Giorgia Meloni, ao lado de Lula e de Milei, em diferentes ocasi\u00f5es. A legenda dizia: \u201cMeloni entende muito bem que \u00e9 o verdadeiro aliado\u201d.\n<\/p>\n<p>Por fim, o presidente argentino tamb\u00e9m repostou uma foto dele na C\u00fapula do G20. A descri\u00e7\u00e3o da imagem dizia que Milei est\u00e1 atento para domar os \u201cesquerdistas com suas agendas sinistras\u201d.\n<\/p>\n<p>Fonte: CNN Brasil              <\/p>\n<\/div>\n<p><br \/>\n<br \/><a href=\"https:\/\/diariodobrasilnoticias.com.br\/noticia\/milei-compartilha-meme-comparando-encontro-com-lula-e-com-trump-673ca67a2a958\">Source link <\/a><\/p>","protected":false},"excerpt":{"rendered":"<p>O presidente argentino, Javier Milei, compartilhou uma postagem no Instagram em que compara o encontro com o presidente Luiz In\u00e1cio Lula da Silva (PT) ao encontro com o presidente dos&hellip;<\/p>","protected":false},"author":1,"featured_media":62140,"comment_status":"closed","ping_status":"open","sticky":false,"template":"","format":"standard","meta":{"content-type":"","footnotes":""},"categories":[16],"tags":[123,2448,5313,1267],"class_list":["post-62139","post","type-post","status-publish","format-standard","has-post-thumbnail","hentry","category-noticias","tag-brasil","tag-diario","tag-noticia","tag-noticias"],"_links":{"self":[{"href":"https:\/\/tvbrazilusa.com\/pt\/wp-json\/wp\/v2\/posts\/62139","targetHints":{"allow":["GET"]}}],"collection":[{"href":"https:\/\/tvbrazilusa.com\/pt\/wp-json\/wp\/v2\/posts"}],"about":[{"href":"https:\/\/tvbrazilusa.com\/pt\/wp-json\/wp\/v2\/types\/post"}],"author":[{"embeddable":true,"href":"https:\/\/tvbrazilusa.com\/pt\/wp-json\/wp\/v2\/users\/1"}],"replies":[{"embeddable":true,"href":"https:\/\/tvbrazilusa.com\/pt\/wp-json\/wp\/v2\/comments?post=62139"}],"version-history":[{"count":1,"href":"https:\/\/tvbrazilusa.com\/pt\/wp-json\/wp\/v2\/posts\/62139\/revisions"}],"predecessor-version":[{"id":62141,"href":"https:\/\/tvbrazilusa.com\/pt\/wp-json\/wp\/v2\/posts\/62139\/revisions\/62141"}],"wp:featuredmedia":[{"embeddable":true,"href":"https:\/\/tvbrazilusa.com\/pt\/wp-json\/wp\/v2\/media\/62140"}],"wp:attachment":[{"href":"https:\/\/tvbrazilusa.com\/pt\/wp-json\/wp\/v2\/media?parent=62139"}],"wp:term":[{"taxonomy":"category","embeddable":true,"href":"https:\/\/tvbrazilusa.com\/pt\/wp-json\/wp\/v2\/categories?post=62139"},{"taxonomy":"post_tag","embeddable":true,"href":"https:\/\/tvbrazilusa.com\/pt\/wp-json\/wp\/v2\/tags?post=62139"}],"curies":[{"name":"wp","href":"https:\/\/api.w.org\/{rel}","templated":true}]}}