{"id":62255,"date":"2024-11-19T20:03:39","date_gmt":"2024-11-19T20:03:39","guid":{"rendered":"https:\/\/tvbrazilusa.com\/2024\/11\/19\/maduro-anuncia-que-a-venezuela-vai-se-juntar-ao-pacto-contra-a-fome-proposto-por-lula\/"},"modified":"2024-11-19T20:03:41","modified_gmt":"2024-11-19T20:03:41","slug":"maduro-anuncia-que-a-venezuela-vai-se-juntar-ao-pacto-contra-a-fome-proposto-por-lula","status":"publish","type":"post","link":"https:\/\/tvbrazilusa.com\/pt\/2024\/11\/19\/maduro-anuncia-que-a-venezuela-vai-se-juntar-ao-pacto-contra-a-fome-proposto-por-lula\/","title":{"rendered":"Maduro anuncia que a Venezuela vai se juntar ao pacto contra a fome proposto por Lula"},"content":{"rendered":"<p> <script async src=\"https:\/\/pagead2.googlesyndication.com\/pagead\/js\/adsbygoogle.js?client=ca-pub-8864793242727901\"\r\n     crossorigin=\"anonymous\"><\/script><br \/>\n<\/p>\n<div id=\"taboola-read-more\" style=\"display:block; width:100%\">\n<p>O ditador Nicol\u00e1s Maduro disse que a Venezuela vai aderir \u00e0 Alian\u00e7a Global contra a Fome e a Pobreza anunciada pelo presidente Luiz In\u00e1cio Lula da Silva (PT) nesta segunda-feira (18), no evento de abertura da c\u00fapula de chefes de Estado do G20, no Rio de Janeiro.\n<\/p>\n<p>Maduro tamb\u00e9m elogiou o discurso feito pelo petista, que chamou de &#8220;uma pe\u00e7a para a hist\u00f3ria&#8221; e &#8220;balan\u00e7o extraordin\u00e1rio&#8221; das c\u00fapulas do G20 desde 2008, durante entrevista \u00e0 rede Telesur tamb\u00e9m na segunda.<\/p>\n<p>&#8220;Ele chamou a aten\u00e7\u00e3o: como pode haver mais fome, mais desigualdade, mais pobreza? Quanto se gasta em guerra? Como pode haver mais guerras agora, mais amea\u00e7as? At\u00e9 quando? A grande alian\u00e7a que tem que fazer agora n\u00e3o \u00e9 pela guerra, \u00e9 a alian\u00e7a contra a fome e a pobreza&#8221;, disse o venezuelano.\n<\/p>\n<p>Maduro afirmou que pediu que o chanceler Yv\u00e1n Gil telefonasse ao chanceler brasileiro, Mauro Vieira, e dissesse que a Venezuela &#8220;est\u00e1 de acordo com a abordagem do presidente Lula, e estamos preparados modestamente com a nossa experi\u00eancia dos Clap [Comit\u00eas Locais de Abastecimento e Produ\u00e7\u00e3o], do PAE [Programa Alimentar Escolar], dos programas alimentares da revolu\u00e7\u00e3o criados pelo comandante [Hugo] Ch\u00e1vez e por mim, para nos incorporar modestamente \u00e0 grande alian\u00e7a contra a fome e a pobreza convocada pelo presidente Lula&#8221;, completou.\n<\/p>\n<p>Maduro ainda disse que h\u00e1 &#8220;bons ares&#8221; no Rio Janeiro em rela\u00e7\u00e3o \u00e0 situa\u00e7\u00e3o geopol\u00edtica mundial e que concorda com cada palavra do discurso do presidente brasileiro.\n<\/p>\n<p>A manifesta\u00e7\u00e3o de Maduro acontece ap\u00f3s uma s\u00e9rie de rusgas entre as administra\u00e7\u00f5es brasileira e venezuelana.\n<\/p>\n<p>A rela\u00e7\u00e3o se desgastou ap\u00f3s a elei\u00e7\u00e3o presidencial venezuelana, ocorrida em julho e na qual Maduro foi declarado vencedor em meio a den\u00fancias de fraude e rejei\u00e7\u00e3o da comunidade internacional. E degringolou ap\u00f3s o veto brasileiro ao ingresso de Caracas como parceira do Brics.\n<\/p>\n<p>Fonte: Folha de S.Paulo              <\/p>\n<\/div>\n<p><br \/>\n<br \/><a href=\"https:\/\/diariodobrasilnoticias.com.br\/noticia\/maduro-anuncia-que-a-venezuela-vai-se-juntar-ao-pacto-contra-a-fome-proposto-por-lula-673cd40d6e102\">Source link <\/a><\/p>","protected":false},"excerpt":{"rendered":"<p>O ditador Nicol\u00e1s Maduro disse que a Venezuela vai aderir \u00e0 Alian\u00e7a Global contra a Fome e a Pobreza anunciada pelo presidente Luiz In\u00e1cio Lula da Silva (PT) nesta segunda-feira&hellip;<\/p>","protected":false},"author":1,"featured_media":62256,"comment_status":"closed","ping_status":"open","sticky":false,"template":"","format":"standard","meta":{"content-type":"","footnotes":""},"categories":[16],"tags":[123,2448,5313,1267],"class_list":["post-62255","post","type-post","status-publish","format-standard","has-post-thumbnail","hentry","category-noticias","tag-brasil","tag-diario","tag-noticia","tag-noticias"],"_links":{"self":[{"href":"https:\/\/tvbrazilusa.com\/pt\/wp-json\/wp\/v2\/posts\/62255","targetHints":{"allow":["GET"]}}],"collection":[{"href":"https:\/\/tvbrazilusa.com\/pt\/wp-json\/wp\/v2\/posts"}],"about":[{"href":"https:\/\/tvbrazilusa.com\/pt\/wp-json\/wp\/v2\/types\/post"}],"author":[{"embeddable":true,"href":"https:\/\/tvbrazilusa.com\/pt\/wp-json\/wp\/v2\/users\/1"}],"replies":[{"embeddable":true,"href":"https:\/\/tvbrazilusa.com\/pt\/wp-json\/wp\/v2\/comments?post=62255"}],"version-history":[{"count":1,"href":"https:\/\/tvbrazilusa.com\/pt\/wp-json\/wp\/v2\/posts\/62255\/revisions"}],"predecessor-version":[{"id":62257,"href":"https:\/\/tvbrazilusa.com\/pt\/wp-json\/wp\/v2\/posts\/62255\/revisions\/62257"}],"wp:featuredmedia":[{"embeddable":true,"href":"https:\/\/tvbrazilusa.com\/pt\/wp-json\/wp\/v2\/media\/62256"}],"wp:attachment":[{"href":"https:\/\/tvbrazilusa.com\/pt\/wp-json\/wp\/v2\/media?parent=62255"}],"wp:term":[{"taxonomy":"category","embeddable":true,"href":"https:\/\/tvbrazilusa.com\/pt\/wp-json\/wp\/v2\/categories?post=62255"},{"taxonomy":"post_tag","embeddable":true,"href":"https:\/\/tvbrazilusa.com\/pt\/wp-json\/wp\/v2\/tags?post=62255"}],"curies":[{"name":"wp","href":"https:\/\/api.w.org\/{rel}","templated":true}]}}