{"id":62320,"date":"2024-11-19T21:49:21","date_gmt":"2024-11-19T21:49:21","guid":{"rendered":"https:\/\/tvbrazilusa.com\/2024\/11\/19\/congressista-busca-fechamento-do-centro-ice-do-condado-de-baker-jacksonville-hoje\/"},"modified":"2024-11-19T22:01:02","modified_gmt":"2024-11-19T22:01:02","slug":"congressista-busca-fechamento-do-centro-ice-do-condado-de-baker-jacksonville-hoje","status":"publish","type":"post","link":"https:\/\/tvbrazilusa.com\/pt\/2024\/11\/19\/congressista-busca-fechamento-do-centro-ice-do-condado-de-baker-jacksonville-hoje\/","title":{"rendered":"Congressista busca fechamento do centro ICE do Condado de Baker | Jacksonville hoje"},"content":{"rendered":"<p> <script async src=\"https:\/\/pagead2.googlesyndication.com\/pagead\/js\/adsbygoogle.js?client=ca-pub-8864793242727901\"\r\n     crossorigin=\"anonymous\"><\/script><br \/>\n<\/p>\n<div>\n<p>Um legislador da Fl\u00f3rida Central est\u00e1 exigindo que uma instala\u00e7\u00e3o federal de imigra\u00e7\u00e3o no Centro de Deten\u00e7\u00e3o do Condado de Baker seja fechada devido ao que ele chamou de condi\u00e7\u00f5es horr\u00edveis \u201cnas quais nenhum ser humano deveria viver\u201d.<\/p>\n<p>Com o presidente eleito Donald Trump prometendo ordenar deporta\u00e7\u00f5es em massa de migrantes que vivem nos EUA sem permiss\u00e3o legal, o deputado Maxwell Frost, D-Orlando, disse que o que viu durante uma visita surpresa \u00e0s instala\u00e7\u00f5es de Imigra\u00e7\u00e3o e Alf\u00e2ndega dos EUA em Macclenny \u201cmostra o que provavelmente acontecer\u00e1\u201d se essas pessoas forem mantidas em locais semelhantes antes da deporta\u00e7\u00e3o.<\/p>\n<p>Democrata representando o 10\u00ba Distrito na Fl\u00f3rida Central e membro do Comit\u00ea de Supervis\u00e3o da C\u00e2mara, Frost fez a exig\u00eancia <a href=\"https:\/\/www.instagram.com\/reel\/DChtqEoRbbB\/?utm_source=ig_embed&#038;ig_rid=e0264d66-1ddb-4df2-a35e-cb3073d1d6ee\" rel=\"nofollow noopener\" target=\"_blank\">durante uma videochamada do Instagram<\/a> na segunda-feira com a ACLU da Fl\u00f3rida. Ele disse que as pessoas \u201cdeveriam estar muito preocupadas\u201d com o que est\u00e1 acontecendo nas instala\u00e7\u00f5es do condado de Baker com os detidos que n\u00e3o est\u00e3o \u201ccumprindo pena\u201d, mas aguardam que as quest\u00f5es de imigra\u00e7\u00e3o sejam resolvidas.<\/p>\n<p>\u201cO que eu vi foi horr\u00edvel. Vi condi\u00e7\u00f5es nas quais nenhum ser humano deveria viver\u201d, disse Frost. \u201cEstamos falando da unidade m\u00e9dica. O problema aqui tamb\u00e9m \u00e9 que grande parte daquela unidade m\u00e9dica est\u00e1 sendo usada para abrigar pessoas ou como confinamento solit\u00e1rio. \u2026 Fa\u00e7a o que \u00e9 certo \u2013 feche esta instala\u00e7\u00e3o.\u201d<\/p>\n<p>Em uma postagem no Facebook publicada na segunda-feira, o xerife do condado de Baker, Scotty Rhoden, defendeu suas instala\u00e7\u00f5es, acrescentando que n\u00e3o podia dizer mais nada.<\/p>\n<p>\u201cH\u00e1 um caso civil em andamento que n\u00e3o posso discutir neste momento, como \u00e9 pr\u00e1tica padr\u00e3o e sob orienta\u00e7\u00e3o de meus advogados. Darei uma resposta assim que o caso civil for resolvido, pois esse ser\u00e1 o momento apropriado para faz\u00ea-lo\u201d, disse Rhoden. \u201cGostaria de aproveitar esta oportunidade para expressar minha sincera gratid\u00e3o \u00e0 nossa dedicada equipe de deten\u00e7\u00e3o. Eles fazem um excelente trabalho.\u201d<\/p>\n<p>Imigrantes ilegais presos pelas autoridades federais ou locais no Nordeste da Fl\u00f3rida s\u00e3o alojados na pris\u00e3o do condado de Macclenny durante investiga\u00e7\u00f5es e procedimentos de deporta\u00e7\u00e3o. A instala\u00e7\u00e3o \u00e9 uma das dezenas que o ICE opera em todo o pa\u00eds em pris\u00f5es municipais e distritais. Outros existem em Miami, Pompano Beach e Moore Haven.<\/p>\n<p>O centro do condado de Baker \u00e9 composto por dois edif\u00edcios, um para alojamento dos detidos e outro para escrit\u00f3rios e servi\u00e7os de apoio, afirma o site do ICE. O complexo \u00e9 cercado por uma cerca de 3,6 metros de altura encimada por uma fita navalha. Policiais desarmados patrulham a \u00e1rea.<\/p>\n<p>O site da ag\u00eancia afirma que cada centro de deten\u00e7\u00e3o opera sob um dos v\u00e1rios conjuntos de padr\u00f5es nacionais de deten\u00e7\u00e3o do ICE, quer esse centro seja de propriedade e operado pela ag\u00eancia, por uma entidade estadual ou local ou por um contratante.<\/p>\n<p>O site afirma que o ICE tem \u201cum ambiente robusto e multin\u00edvel <a href=\"https:\/\/www.ice.gov\/detain\/facility-inspections\" rel=\"nofollow noopener\" target=\"_blank\">programa de supervis\u00e3o e conformidade<\/a>\u201dIsso inclui inspe\u00e7\u00f5es no local. A \u00faltima inspe\u00e7\u00e3o das instala\u00e7\u00f5es do Condado de Baker, inauguradas em 2009 sob um contrato federal, \u00e9 datada de 5 de maio de 2022 e afirma que \u201catende aos padr\u00f5es\u201d.<\/p>\n<figure class=\"wp-block-image size-full\"><figcaption class=\"wp-element-caption\">O deputado Maxwell Frost fala com autoridades da ACLU da Fl\u00f3rida durante uma videoconfer\u00eancia no Instagram na segunda-feira, 19 de novembro de 2024. | Representante Maxwell Frost Instagram<\/figcaption><\/figure>\n<p>Frost foi acompanhado em seu v\u00eddeo pela advogada de direitos civis da ACLU da Fl\u00f3rida, Amy Godshall, e Meredith Al-Rekabi, cujo marido foi detido em Baker por 16 meses.<\/p>\n<p>Godshall disse que a ACLU da Fl\u00f3rida tem trabalhado com outras organiza\u00e7\u00f5es de defesa nos \u00faltimos dois anos. As atividades incluem uma linha direta para pessoas que tenham reclama\u00e7\u00f5es sobre as instala\u00e7\u00f5es do condado de Baker, incluindo aquelas que foram encarceradas l\u00e1.<\/p>\n<p>\u201cRecebemos centenas de reclama\u00e7\u00f5es de pessoas da Baker, reclama\u00e7\u00f5es flagrantes\u201d, disse Godshall. \u201cRecebi v\u00e1rias liga\u00e7\u00f5es diretas e voc\u00ea pode ouvir o desespero em suas vozes sobre o que est\u00e3o vivenciando. \u00c9 mais do que desumano \u2013 eles s\u00e3o tratados como animais ou pior em algumas situa\u00e7\u00f5es. Sup\u00f5e-se que seja uma pris\u00e3o civil. \u2026 Eles n\u00e3o est\u00e3o l\u00e1 para cumprir uma senten\u00e7a criminal.\u201d<\/p>\n<p>Frost disse que viu toalhas esfarrapadas, po\u00e7as de \u00e1gua \u201crealmente nojentas\u201d nas celas e peda\u00e7os finos de espuma usados \u200b\u200bcomo roupa de cama que ele \u201cnem consegue chamar de colch\u00e3o\u201d. Era apenas uma \u201cmaneira horr\u00edvel, horr\u00edvel\u201d de algu\u00e9m viver, disse Frost.<\/p>\n<p>Algumas das pessoas com quem ele conversou disseram que sentiriam que estariam melhor em outra instala\u00e7\u00e3o do ICE ou at\u00e9 mesmo mandados de volta ao seu pa\u00eds de origem, disse ele.<\/p>\n<p>\u201cEles sentem que podem se sair melhor nas ruas do Haiti agora, sendo deixados nas ruas sem dinheiro do que em Baker\u201d, disse Frost. \u201cEsta n\u00e3o \u00e9 a maneira correta para os presos, para os detidos, para os humanos. Ningu\u00e9m deveria ter que viver assim.\u201d<\/p>\n<p>Se ocorrerem deporta\u00e7\u00f5es em massa em 2025, como promete a nova administra\u00e7\u00e3o, essas pessoas poder\u00e3o acabar em instala\u00e7\u00f5es como a do condado de Baker.<\/p>\n<p>\u201cEssa \u00e9 parte da raz\u00e3o pela qual sou apaixonado por garantir que rescindiremos este contrato porque o pessoal de l\u00e1 n\u00e3o est\u00e1 fazendo o trabalho prescrito; n\u00e3o est\u00e1 se tornando uma instala\u00e7\u00e3o federal\u201d, disse Frost. \u201cS\u00f3 precisamos desligar Baker.\u201d<\/p>\n<p>O apelo do congressista \u00e9 o mais recente de uma s\u00e9rie de preocupa\u00e7\u00f5es emitidas pela ACLU e outros grupos de direitos civis sobre as condi\u00e7\u00f5es nas instala\u00e7\u00f5es de imigra\u00e7\u00e3o da pris\u00e3o do Condado de Baker.<\/p>\n<p>H\u00e1 apenas uma semana, advogados representando um m\u00e9dico e uma mulher <a href=\"https:\/\/www.aclufl.org\/en\/press-releases\/new-whistleblower-disclosure-and-civil-rights-complaint-reveal-abuse-sexual\" rel=\"nofollow noopener\" target=\"_blank\">apresentou uma den\u00fancia de den\u00fancia e uma reclama\u00e7\u00e3o de direitos civis<\/a> alegando viola\u00e7\u00f5es dos direitos humanos no Centro de Deten\u00e7\u00e3o do Condado de Baker. O denunciante, que j\u00e1 trabalhou na Baker, documentou o que \u00e9 chamado de neglig\u00eancia sist\u00eamica, que inclu\u00eda funcion\u00e1rios que negavam cuidados m\u00e9dicos b\u00e1sicos, falsificavam registros e submetiam os detidos a ass\u00e9dio racial e sexual.<\/p>\n<p> \u201cEstes n\u00e3o s\u00e3o incidentes isolados\u201d, disse a advogada Andrea Meza em um comunicado \u00e0 imprensa. \u201cS\u00e3o caracter\u00edsticas de um sistema que prioriza o lucro sobre a dignidade humana.\u201d<\/p>\n<p>A ACLU da Fl\u00f3rida tamb\u00e9m apresentou <a href=\"https:\/\/u7061146.ct.sendgrid.net\/ls\/click?upn=4tNED-2FM8iDZJQyQ53jATUbUAEZd1jQ9ck8TOaosAbNscFIdfyOk8zSij0cM2r6gWNoyJIa981h5pjZNVNek06j3g63W1y8NY8rDM6OQVcq7WpE8CfipBt7YDk-2FAzzouoLQuCGTT89ciTLpeOSJ4YJg-3D-3DsDp8_N3-2BJ6AjwP5Hj1vR5MqO9jzp5S7mF6NusTEgSRCUBCwKC2X2mHkoOHobylLtkw52rX1dIyRZMA9dfIRZ0eSt5HXDW70xv9k2H7mti4gKtfzCL6AcCZOjbjuOLXJDkOdB-2BKlpmS7YRfnP8K9U-2FGGQIPv-2BEcredY-2Fx-2FkEiB2xxE8oP8n4avG1UEq6hXS3R7GK1flOjU65VPhtU3ZrVK07feJqYKTkZ-2BwCmBVfPKqvFlRh5zD80DvqyebMgTLyNfcHTAvJKvaayVhyWt2APuAnKBE2uxbIrzhj4cDB3A-2FHzml87IcuTbHjwc4XoxwYhSpYP0yajPvoLG1F7VHOHZmcovew-3D-3D\" rel=\"nofollow noopener\" target=\"_blank\">uma reclama\u00e7\u00e3o administrativa<\/a> contra o Departamento de Seguran\u00e7a Interna, o ICE Health Services Corps e o Gabinete do Xerife do Condado de Baker em setembro de 2023. Afirmou que homens e mulheres detidos nas instala\u00e7\u00f5es do Condado de Baker s\u00e3o v\u00edtimas de \u201cneglig\u00eancia m\u00e9dica sist\u00e9mica e cont\u00ednua\u201d e deveriam ser libertados.<\/p>\n<p>Essa queixa de um ano tamb\u00e9m instou o Departamento de Seguran\u00e7a Interna dos EUA a <a href=\"https:\/\/jaxtoday.org\/2023\/09\/01\/armor-health-assailed-over-immigrant-care-at-baker-jail\/\">recomendar \u201crescis\u00e3o imediata e permanente\u201d<\/a> do acordo governamental que permite que o condado de Baker opere como uma instala\u00e7\u00e3o de imigra\u00e7\u00e3o e fiscaliza\u00e7\u00e3o alfandeg\u00e1ria dos EUA.<\/p>\n<p>Em 2022, 16 grupos de direitos civis apresentaram uma queixa federal contra a Seguran\u00e7a Interna e o ICE, alegando \u201ccondi\u00e7\u00f5es abomin\u00e1veis\u201d, abuso, neglig\u00eancia m\u00e9dica e ass\u00e9dio racial. A ACLU tamb\u00e9m entrou com uma a\u00e7\u00e3o judicial em dezembro de 2022, dizendo que o ICE e o condado de Baker violaram os direitos de liberdade de express\u00e3o dos detidos ao negar-lhes acesso a um advogado.<\/p>\n<\/div>\n<p><script async src=\"\/\/www.instagram.com\/embed.js\"><\/script><br \/>\n<br \/><br \/>\n<br \/><a href=\"https:\/\/jaxtoday.org\/2024\/11\/19\/ice-shutdown-baker-county\/\">Source link <\/a><\/p>","protected":false},"excerpt":{"rendered":"<p>Um legislador da Fl\u00f3rida Central est\u00e1 exigindo que uma instala\u00e7\u00e3o federal de imigra\u00e7\u00e3o no Centro de Deten\u00e7\u00e3o do Condado de Baker seja fechada devido ao que ele chamou de condi\u00e7\u00f5es&hellip;<\/p>","protected":false},"author":1,"featured_media":62321,"comment_status":"closed","ping_status":"open","sticky":false,"template":"","format":"standard","meta":{"content-type":"","footnotes":""},"categories":[1],"tags":[],"class_list":["post-62320","post","type-post","status-publish","format-standard","has-post-thumbnail","hentry","category-uncategorized"],"_links":{"self":[{"href":"https:\/\/tvbrazilusa.com\/pt\/wp-json\/wp\/v2\/posts\/62320","targetHints":{"allow":["GET"]}}],"collection":[{"href":"https:\/\/tvbrazilusa.com\/pt\/wp-json\/wp\/v2\/posts"}],"about":[{"href":"https:\/\/tvbrazilusa.com\/pt\/wp-json\/wp\/v2\/types\/post"}],"author":[{"embeddable":true,"href":"https:\/\/tvbrazilusa.com\/pt\/wp-json\/wp\/v2\/users\/1"}],"replies":[{"embeddable":true,"href":"https:\/\/tvbrazilusa.com\/pt\/wp-json\/wp\/v2\/comments?post=62320"}],"version-history":[{"count":1,"href":"https:\/\/tvbrazilusa.com\/pt\/wp-json\/wp\/v2\/posts\/62320\/revisions"}],"predecessor-version":[{"id":62322,"href":"https:\/\/tvbrazilusa.com\/pt\/wp-json\/wp\/v2\/posts\/62320\/revisions\/62322"}],"wp:featuredmedia":[{"embeddable":true,"href":"https:\/\/tvbrazilusa.com\/pt\/wp-json\/wp\/v2\/media\/62321"}],"wp:attachment":[{"href":"https:\/\/tvbrazilusa.com\/pt\/wp-json\/wp\/v2\/media?parent=62320"}],"wp:term":[{"taxonomy":"category","embeddable":true,"href":"https:\/\/tvbrazilusa.com\/pt\/wp-json\/wp\/v2\/categories?post=62320"},{"taxonomy":"post_tag","embeddable":true,"href":"https:\/\/tvbrazilusa.com\/pt\/wp-json\/wp\/v2\/tags?post=62320"}],"curies":[{"name":"wp","href":"https:\/\/api.w.org\/{rel}","templated":true}]}}