{"id":62323,"date":"2024-11-19T21:51:33","date_gmt":"2024-11-19T21:51:33","guid":{"rendered":"https:\/\/tvbrazilusa.com\/2024\/11\/19\/o-comissario-de-miami-joe-carollo-pede-aos-proprietarios-que-limpem-os-grafites-dos-edificios-antes-da-celebracao-do-ano-novo-em-miami-wsvn-7news-noticias-de-miami-clima-esportes-fort-lauder\/"},"modified":"2024-11-19T22:02:00","modified_gmt":"2024-11-19T22:02:00","slug":"o-comissario-de-miami-joe-carollo-pede-aos-proprietarios-que-limpem-os-grafites-dos-edificios-antes-da-celebracao-do-ano-novo-em-miami-wsvn-7news-noticias-de-miami-clima-esportes-fort-lauder","status":"publish","type":"post","link":"https:\/\/tvbrazilusa.com\/pt\/2024\/11\/19\/o-comissario-de-miami-joe-carollo-pede-aos-proprietarios-que-limpem-os-grafites-dos-edificios-antes-da-celebracao-do-ano-novo-em-miami-wsvn-7news-noticias-de-miami-clima-esportes-fort-lauder\/","title":{"rendered":"O comiss\u00e1rio de Miami, Joe Carollo, pede aos propriet\u00e1rios que limpem os grafites dos edif\u00edcios antes da celebra\u00e7\u00e3o do Ano Novo em Miami &#8211; WSVN 7News | Not\u00edcias de Miami, clima, esportes | Fort Lauderdale"},"content":{"rendered":"<p> <script async src=\"https:\/\/pagead2.googlesyndication.com\/pagead\/js\/adsbygoogle.js?client=ca-pub-8864793242727901\"\r\n     crossorigin=\"anonymous\"><\/script><br \/>\n<\/p>\n<div itemprop=\"articleBody\">\n<p>MIAMI (WSVN) &#8211; Um comiss\u00e1rio da cidade de Miami disse que a batalha cont\u00ednua entre a cidade e os propriet\u00e1rios em rela\u00e7\u00e3o \u00e0 limpeza do graffiti precisa acabar.<\/p>\n<p>O comiss\u00e1rio Joe Carollo deu uma entrevista coletiva na ter\u00e7a-feira e disse que era hora de o graffiti no antigo pr\u00e9dio do VITAS desaparecer.<\/p>\n<p>\u201cQuero dizer, voc\u00ea adoraria ter isso perto de voc\u00ea onde voc\u00ea morava? Eu n\u00e3o acho!&#8221; ele disse.<\/p>\n<p>A pol\u00eamica decorre do pr\u00e9dio localizado no quarteir\u00e3o 300 da Southeast Second Street. Era um edif\u00edcio de sa\u00fade VITAS antes de ser abandonado e preparado para demoli\u00e7\u00e3o com todas as devidas autoriza\u00e7\u00f5es.<\/p>\n<p>Mas James Torres, presidente da Miami Downtown Neighbours Alliance, disse que os propriet\u00e1rios do edif\u00edcio, Florida East Coast Realty, mudaram de ideia.<\/p>\n<p>\u201c(Eles) mudaram a maneira como desejam que suas licen\u00e7as sejam feitas, seja por uma quest\u00e3o de custo ou de prazo\u201d, disse ele.<\/p>\n<p>Carollo disse que os propriet\u00e1rios paralisaram o processo de demoli\u00e7\u00e3o de prop\u00f3sito.<\/p>\n<p>O 7News entrou em contato com os propriet\u00e1rios, mas eles n\u00e3o responderam ao pedido de coment\u00e1rios.<\/p>\n<p>Mas a mudan\u00e7a de planos deixou o edif\u00edcio ali parado durante meses.<\/p>\n<p>Assim, durante a Art Basel 2023, no meio da noite, artistas de todo o mundo convergiram para o Bayfront Plaza e come\u00e7aram a desenhar grafites no pr\u00e9dio.<\/p>\n<p>Desde ent\u00e3o, a cidade de Miami tem lutado com o dono da cidade para pint\u00e1-la.<\/p>\n<p>\u201cIsso foi feito apenas para torn\u00e1-lo o mais feio poss\u00edvel. Como voc\u00eas podem ver, isso \u00e9 uma piada\u201d, disse Carollo.<\/p>\n<p>\u201cEste n\u00e3o \u00e9 o centro de Detroit\u201d, disse Torres.<\/p>\n<p>No in\u00edcio deste ano, a cidade de Miami amea\u00e7ou a empresa com multas pesadas para que limpassem os grafites. O Conselho de Execu\u00e7\u00e3o do C\u00f3digo da Cidade de Miami ordenou que os propriet\u00e1rios encobrissem o grafite dentro de um m\u00eas ou enfrentariam multas de at\u00e9 US$ 500 por dia.<\/p>\n<p>A aplica\u00e7\u00e3o dessas amea\u00e7as foi adiada v\u00e1rias vezes nos meses que se seguiram.<\/p>\n<p>Agora, Carollo e outros atores poderosos da cidade querem que o pr\u00e9dio seja pintado antes da celebra\u00e7\u00e3o anual da v\u00e9spera de Ano Novo no Bayfront Park.<\/p>\n<p>Para os turistas que visitam a \u00e1rea de Miami, alguns veem o grafite como uma dor nos olhos, enquanto outros o veem como um col\u00edrio para os olhos.<\/p>\n<p>\u201cQual \u00e9 o seu primeiro pensamento?\u201d O rep\u00f3rter do 7News Michael Hudak perguntou.<\/p>\n<p>&#8220;Crime. Fique longe. Parece terr\u00edvel\u201d, disse o Dr. Dan Edelman, que est\u00e1 de visita do Texas.<\/p>\n<p>\u201cEu acho que voc\u00ea deveria deixar isso. \u00c9 mais uma obra de arte\u201d, disse Lou Price, vindo de Chicago.  <\/p>\n<p>\u201cO graffiti \u00e9 arte em si. Eu gosto disso\u201d, disse Lydia Price. \u201cAcho que na \u00e1rea certa seria mais adequado. Mas nesta \u00e1rea talvez nem tanto.\u201d<\/p>\n<p>Carollo n\u00e3o \u00e9 o comiss\u00e1rio respons\u00e1vel pelo bairro que abriga o pr\u00e9dio, mas o comiss\u00e1rio municipal Damian Pardo.<\/p>\n<p>Pardo n\u00e3o respondeu imediatamente ao pedido do 7News para comentar o grafite no pr\u00e9dio.<\/p>\n<p><em>Copyright 2024 Sunbeam Television Corp. Todos os direitos reservados. Este material n\u00e3o pode ser publicado, transmitido, reescrito ou redistribu\u00eddo.<\/em><\/p>\n<div class=\"wp-block-newsletter\">\n\t<strong class=\"wp-block-newsletter__title\">Cadastre-se em nosso boletim informativo para receber as \u00faltimas not\u00edcias diretamente em sua caixa de entrada<\/strong><\/p>\n<\/div><\/div>\n<p><br \/>\n<br \/><a href=\"https:\/\/wsvn.com\/news\/local\/miami-dade\/miami-commissioner-joe-carollo-calls-on-property-owners-to-clean-up-building-graffiti-before-new-years-eve-celebration-in-miami\/\">Source link <\/a><\/p>","protected":false},"excerpt":{"rendered":"<p>MIAMI (WSVN) &#8211; Um comiss\u00e1rio da cidade de Miami disse que a batalha cont\u00ednua entre a cidade e os propriet\u00e1rios em rela\u00e7\u00e3o \u00e0 limpeza do graffiti precisa acabar. O comiss\u00e1rio&hellip;<\/p>","protected":false},"author":1,"featured_media":62324,"comment_status":"closed","ping_status":"open","sticky":false,"template":"","format":"standard","meta":{"content-type":"","footnotes":""},"categories":[1],"tags":[],"class_list":["post-62323","post","type-post","status-publish","format-standard","has-post-thumbnail","hentry","category-uncategorized"],"_links":{"self":[{"href":"https:\/\/tvbrazilusa.com\/pt\/wp-json\/wp\/v2\/posts\/62323","targetHints":{"allow":["GET"]}}],"collection":[{"href":"https:\/\/tvbrazilusa.com\/pt\/wp-json\/wp\/v2\/posts"}],"about":[{"href":"https:\/\/tvbrazilusa.com\/pt\/wp-json\/wp\/v2\/types\/post"}],"author":[{"embeddable":true,"href":"https:\/\/tvbrazilusa.com\/pt\/wp-json\/wp\/v2\/users\/1"}],"replies":[{"embeddable":true,"href":"https:\/\/tvbrazilusa.com\/pt\/wp-json\/wp\/v2\/comments?post=62323"}],"version-history":[{"count":1,"href":"https:\/\/tvbrazilusa.com\/pt\/wp-json\/wp\/v2\/posts\/62323\/revisions"}],"predecessor-version":[{"id":62325,"href":"https:\/\/tvbrazilusa.com\/pt\/wp-json\/wp\/v2\/posts\/62323\/revisions\/62325"}],"wp:featuredmedia":[{"embeddable":true,"href":"https:\/\/tvbrazilusa.com\/pt\/wp-json\/wp\/v2\/media\/62324"}],"wp:attachment":[{"href":"https:\/\/tvbrazilusa.com\/pt\/wp-json\/wp\/v2\/media?parent=62323"}],"wp:term":[{"taxonomy":"category","embeddable":true,"href":"https:\/\/tvbrazilusa.com\/pt\/wp-json\/wp\/v2\/categories?post=62323"},{"taxonomy":"post_tag","embeddable":true,"href":"https:\/\/tvbrazilusa.com\/pt\/wp-json\/wp\/v2\/tags?post=62323"}],"curies":[{"name":"wp","href":"https:\/\/api.w.org\/{rel}","templated":true}]}}