{"id":6237,"date":"2024-07-23T14:10:37","date_gmt":"2024-07-23T14:10:37","guid":{"rendered":"https:\/\/tvbrazilusa.com\/2024\/07\/23\/desliga-a-globo-torna-se-assunto-mais-comentado-apos-fantastico-perder-quase-1-milhao-de-telespectadores-paulo-figueiredo\/"},"modified":"2024-07-23T14:12:13","modified_gmt":"2024-07-23T14:12:13","slug":"desliga-a-globo-torna-se-assunto-mais-comentado-apos-fantastico-perder-quase-1-milhao-de-telespectadores-paulo-figueiredo","status":"publish","type":"post","link":"https:\/\/tvbrazilusa.com\/pt\/2024\/07\/23\/desliga-a-globo-torna-se-assunto-mais-comentado-apos-fantastico-perder-quase-1-milhao-de-telespectadores-paulo-figueiredo\/","title":{"rendered":"\u2018Desliga a Globo\u2019 torna-se assunto mais comentado ap\u00f3s Fant\u00e1stico perder quase 1 milh\u00e3o de telespectadores &#8211; Paulo Figueiredo"},"content":{"rendered":"<p> <script async src=\"https:\/\/pagead2.googlesyndication.com\/pagead\/js\/adsbygoogle.js?client=ca-pub-8864793242727901\"\r\n     crossorigin=\"anonymous\"><\/script><br \/>\n<\/p>\n<div id=\"wtr-content\" data-bg=\"#FFFFFF\" data-fg=\"#006d91\" data-width=\"25\" data-mute=\"1\" data-fgopacity=\"1.00\" data-mutedopacity=\"0.5\" data-placement=\"bottom\" data-placement-offset=\"0\" data-content-offset=\"262\" data-placement-touch=\"bottom\" data-placement-offset-touch=\"0\" data-transparent=\"\" data-shadow=\"0\" data-touch=\"1\" data-non-touch=\"1\" data-comments=\"0\" data-commentsbg=\"transparent\" data-location=\"page\" data-mutedfg=\"#006d91\" data-endfg=\"#006d91\" data-rtl=\"\">\n<h3 class=\"wp-block-heading\">Com milhares de men\u00e7\u00f5es, t\u00f3pico liderou na rede social X\/Twitter, do bilion\u00e1rio de Elon Musk.<\/h3>\n<p>Nesta segunda-feira (22), a hashtag \u2018Desliga A Globo\u2019 tornou-se o assunto mais comentado na rede social X\/Twitter, alcan\u00e7ando a lideran\u00e7a dos \u2018Top Trending\u2019 com milhares de men\u00e7\u00f5es. O movimento nas redes sociais foi impulsionado pela queda de audi\u00eancia do Fant\u00e1stico, programa dominical da Globo, que sofreu uma das maiores baixas de sua hist\u00f3ria no \u00faltimo domingo (21).<\/p>\n<p>Em apenas uma semana, o Fant\u00e1stico perdeu quase 1 milh\u00e3o de telespectadores na Grande S\u00e3o Paulo, caindo de seu melhor desempenho em 2024 para a segunda pior audi\u00eancia do ano. Os dados consolidados, obtidos pelo portal TV\u00a0Pop, mostram que o programa, apresentado por Maju Coutinho e Poliana Abritta, despencou de 19,3 pontos de m\u00e9dia no dia 14 de julho para 15,5 pontos no dia 21 de julho.<\/p>\n<p>A queda representa uma redu\u00e7\u00e3o de 727.624 telespectadores, ou 20%, em apenas sete dias. A crise de audi\u00eancia coincidiu com o retorno da programa\u00e7\u00e3o habitual da Globo, ap\u00f3s uma semana em que o Fant\u00e1stico foi exibido mais cedo e se beneficiou das finais da Eurocopa e da Copa Am\u00e9rica.<\/p>\n<p>No dia 21, o programa atingiu um pico de 18,1 pontos, n\u00famero ainda menor que a m\u00e9dia da semana anterior. Al\u00e9m da queda significativa no p\u00fablico, o Fant\u00e1stico n\u00e3o conseguiu ser o programa com a maior audi\u00eancia do dia. A partida entre Bahia e Corinthians, exibida entre 15h42 e 18h05, liderou com 18,0 pontos, mesmo com o Fant\u00e1stico sendo transmitido em um hor\u00e1rio com mais televisores ligados \u2014 entre 20h30 e 23h33, 55,6% dos lares da Grande S\u00e3o Paulo estavam sintonizados na TV, contra 51,2% no hor\u00e1rio do jogo do Brasileir\u00e3o.<\/p>\n<p>Os \u00edndices deste domingo est\u00e3o entre os mais baixos da hist\u00f3ria do Fant\u00e1stico. Em 2024, o programa teve desempenho inferior apenas no dia 7 de julho, quando marcou 14,4 pontos de m\u00e9dia, sem a presen\u00e7a das apresentadoras titulares. Os n\u00fameros atuais s\u00e3o compar\u00e1veis apenas aos obtidos durante feriados, quando o consumo televisivo cai drasticamente, semelhantes aos \u00edndices de 24 e 31 de dezembro do ano passado.<\/p>\n<p><strong><a href=\"https:\/\/www.conexaopolitica.com.br\/ultimas\/desliga-a-globo-torna-se-assunto-mais-comentado-apos-fantastico-perder-quase-1-milhao-de-telespectadores\/\">Source link<\/a><\/strong><\/p>\n<\/div>\n<p><br \/>\n<br \/><a href=\"https:\/\/paulofigueiredoshow.com\/desliga-a-globo-torna-se-assunto-mais-comentado-apos-fantastico-perder-quase-1-milhao-de-telespectadores\/\">Source link <\/a><\/p>","protected":false},"excerpt":{"rendered":"<p>Com milhares de men\u00e7\u00f5es, t\u00f3pico liderou na rede social X\/Twitter, do bilion\u00e1rio de Elon Musk. Nesta segunda-feira (22), a hashtag \u2018Desliga A Globo\u2019 tornou-se o assunto mais comentado na rede&hellip;<\/p>","protected":false},"author":1,"featured_media":6238,"comment_status":"closed","ping_status":"open","sticky":false,"template":"","format":"standard","meta":{"content-type":"","footnotes":""},"categories":[16],"tags":[],"class_list":["post-6237","post","type-post","status-publish","format-standard","has-post-thumbnail","hentry","category-noticias"],"_links":{"self":[{"href":"https:\/\/tvbrazilusa.com\/pt\/wp-json\/wp\/v2\/posts\/6237","targetHints":{"allow":["GET"]}}],"collection":[{"href":"https:\/\/tvbrazilusa.com\/pt\/wp-json\/wp\/v2\/posts"}],"about":[{"href":"https:\/\/tvbrazilusa.com\/pt\/wp-json\/wp\/v2\/types\/post"}],"author":[{"embeddable":true,"href":"https:\/\/tvbrazilusa.com\/pt\/wp-json\/wp\/v2\/users\/1"}],"replies":[{"embeddable":true,"href":"https:\/\/tvbrazilusa.com\/pt\/wp-json\/wp\/v2\/comments?post=6237"}],"version-history":[{"count":1,"href":"https:\/\/tvbrazilusa.com\/pt\/wp-json\/wp\/v2\/posts\/6237\/revisions"}],"predecessor-version":[{"id":6239,"href":"https:\/\/tvbrazilusa.com\/pt\/wp-json\/wp\/v2\/posts\/6237\/revisions\/6239"}],"wp:featuredmedia":[{"embeddable":true,"href":"https:\/\/tvbrazilusa.com\/pt\/wp-json\/wp\/v2\/media\/6238"}],"wp:attachment":[{"href":"https:\/\/tvbrazilusa.com\/pt\/wp-json\/wp\/v2\/media?parent=6237"}],"wp:term":[{"taxonomy":"category","embeddable":true,"href":"https:\/\/tvbrazilusa.com\/pt\/wp-json\/wp\/v2\/categories?post=6237"},{"taxonomy":"post_tag","embeddable":true,"href":"https:\/\/tvbrazilusa.com\/pt\/wp-json\/wp\/v2\/tags?post=6237"}],"curies":[{"name":"wp","href":"https:\/\/api.w.org\/{rel}","templated":true}]}}