{"id":62517,"date":"2024-11-20T06:10:32","date_gmt":"2024-11-20T06:10:32","guid":{"rendered":"https:\/\/tvbrazilusa.com\/2024\/11\/20\/o-que-os-celtics-estao-dizendo-sobre-sua-proxima-viagem-a-casa-branca\/"},"modified":"2024-11-20T06:24:11","modified_gmt":"2024-11-20T06:24:11","slug":"o-que-os-celtics-estao-dizendo-sobre-sua-proxima-viagem-a-casa-branca","status":"publish","type":"post","link":"https:\/\/tvbrazilusa.com\/pt\/2024\/11\/20\/o-que-os-celtics-estao-dizendo-sobre-sua-proxima-viagem-a-casa-branca\/","title":{"rendered":"O que os Celtics est\u00e3o dizendo sobre sua pr\u00f3xima viagem \u00e0 Casa Branca"},"content":{"rendered":"<p> <script async src=\"https:\/\/pagead2.googlesyndication.com\/pagead\/js\/adsbygoogle.js?client=ca-pub-8864793242727901\"\r\n     crossorigin=\"anonymous\"><\/script><br \/>\n<\/p>\n<div id=\"\">\n<header class=\"m-article-header m-article-header--standard\">\n\t\t\t\t\t\t\t\t\t\t\t\t<span id=\"article-header-primary-term\"><br \/>\n\t\t\t\t\t\t\t\t<a class=\"a-term a-term--primary\" href=\"https:\/\/www.boston.com\/tag\/boston-celtics\/\"><\/p>\n<p>\t\t\t\t\t\t\t\tCeltas\t\t\t\t\t\t\t\t<\/a><br \/>\n\t\t\t\t\t\t\t<\/span><\/p>\n<h2 class=\"m-article-header__sub-headline\">\u201cTeremos esse momento e tiraremos fotos e v\u00eddeos e \u00e9 algo que durar\u00e1 a vida toda.\u201d<\/h2>\n<figure class=\"a-photo m-article-header__photo\"><figcaption class=\"a-photo__caption\">\n<p>\tJayson Tatum e Al Horford. <em> AP Foto\/Mark Stockwell<\/em>\t<\/figcaption><\/figure>\n<\/header>\n<div class=\"m-block t-amp__list-container m-article-list-container m-article-list-container--frame-border a-border-frame  a-list-header__headline--red m-article-list--alternative--default  m-article-list--floated\">\n<ul class=\"t-amp__list a-list--no-style m-article-list m-article-list--recirculation m-article-list--has-images\">\n<li class=\"m-article-list__item m-article-list__item--featured\">\n\t\t\t<a class=\"m-article-list__link-wrapper\" href=\"https:\/\/www.boston.com\/sports\/boston-celtics\/2024\/11\/20\/derrick-white-ale-samuel-adams-beer-comments-celtics\/?p1=article_recirc_inline_feature\" data-p1=\"article_recirc_inline_feature\"><br \/>\n\t\t\t\t<img fetchpriority=\"high\" decoding=\"async\" width=\"768\" height=\"432\" src=\"https:\/\/bdc2020.o0bc.com\/wp-content\/uploads\/2024\/11\/G3VLUX4BKRREH7YW2VMNLDEXBU-673d6e5d94fb5-768x432.jpg\" class=\"t-amp__list-image m-article-list__image m-article-list__image--full\" alt=\"\" aria-hidden=\"true\" srcset=\"https:\/\/bdc2020.o0bc.com\/wp-content\/uploads\/2024\/11\/G3VLUX4BKRREH7YW2VMNLDEXBU-673d6e5d94fb5-768x432.jpg?width=200 200w, https:\/\/bdc2020.o0bc.com\/wp-content\/uploads\/2024\/11\/G3VLUX4BKRREH7YW2VMNLDEXBU-673d6e5d94fb5-768x432.jpg?width=300 300w, https:\/\/bdc2020.o0bc.com\/wp-content\/uploads\/2024\/11\/G3VLUX4BKRREH7YW2VMNLDEXBU-673d6e5d94fb5-768x432.jpg?width=400 400w, https:\/\/bdc2020.o0bc.com\/wp-content\/uploads\/2024\/11\/G3VLUX4BKRREH7YW2VMNLDEXBU-673d6e5d94fb5-768x432.jpg?width=500 500w, https:\/\/bdc2020.o0bc.com\/wp-content\/uploads\/2024\/11\/G3VLUX4BKRREH7YW2VMNLDEXBU-673d6e5d94fb5-768x432.jpg?width=600 600w, https:\/\/bdc2020.o0bc.com\/wp-content\/uploads\/2024\/11\/G3VLUX4BKRREH7YW2VMNLDEXBU-673d6e5d94fb5-768x432.jpg?width=700 700w, https:\/\/bdc2020.o0bc.com\/wp-content\/uploads\/2024\/11\/G3VLUX4BKRREH7YW2VMNLDEXBU-673d6e5d94fb5-768x432.jpg?width=800 800w, https:\/\/bdc2020.o0bc.com\/wp-content\/uploads\/2024\/11\/G3VLUX4BKRREH7YW2VMNLDEXBU-673d6e5d94fb5-768x432.jpg?width=900 900w\" sizes=\"(max-width: 768px) 100vw, 768px\"\/>\t\t\t\t\t<\/p>\n<p><h4 class=\"m-article-list__headline t-amp__list-headline\">\n\t\t\t\t\t\t\t<span class=\"m-article-list__link a-link a-link--inline a-link--text-link a-link--text-link-dark\"><\/p>\n<p>\t\t\t\t\t\t\tDerrick White deu uma resposta humor\u00edstica a uma pergunta sobre sua nova cerveja exclusiva\t\t\t\t\t\t\t<\/span><br \/>\n\t\t\t\t\t\t<\/h4>\n<\/p>\n<p>\t\t\t\t<\/a>\n\t\t\t<\/li>\n<li class=\"m-article-list__item\">\n\t\t\t\t\t<a class=\"m-article-list__link-wrapper\" href=\"https:\/\/www.boston.com\/sports\/boston-celtics\/2024\/11\/19\/celtics-cavaliers-jayson-tatum-jaylen-brown-takeaways\/?p1=article_recirc_inline_feed\" data-p1=\"article_recirc_inline_feed\"><\/p>\n<p><h4 class=\"m-article-list__headline\">\n\t\t\t\t\t\t\t\t\t<span class=\"m-article-list__link a-link a-link--inline a-link--text-link a-link--text-link-dark\"><\/p>\n<p>\t\t\t\t\t\t\t\t\tJayson Tatum lidera o Celtics na vit\u00f3ria sobre os invictos Cavaliers: 10 conclus\u00f5es\t\t\t\t\t\t\t\t\t<\/span><br \/>\n\t\t\t\t\t\t\t\t<\/h4>\n<\/p>\n<p>\t\t\t\t\t\t<\/a>\n\t\t\t\t\t<\/li>\n<\/ul>\n<\/div>\n<p>O <a href=\"https:\/\/www.boston.com\/tag\/boston-celtics\/\">Celtas<\/a> est\u00e3o programados para comemorar seu 18\u00ba campeonato, recorde da NBA <a href=\"https:\/\/www.bostonglobe.com\/2024\/11\/17\/sports\/boston-celtics-white-house-visit\/\">na Casa Branca <\/a>na tarde de quinta-feira, antes do confronto de sexta \u00e0 noite com o Washington Wizards. <\/p>\n<p>Avan\u00e7ar <a href=\"https:\/\/www.espn.com\/nba\/player\/_\/id\/3213\/al-horford\">Al Horford<\/a>que visitou a Casa Branca depois de vencer campeonatos nacionais consecutivos com a Fl\u00f3rida durante seus tempos de faculdade, relembrou a visita com boas lembran\u00e7as. <\/p>\n<p>\u201cIsso foi incr\u00edvel\u201d, disse Horford. \u201cFoi uma experi\u00eancia muito legal ir \u00e0 Casa Branca, estar l\u00e1. N\u00f3s nos divertimos muito.\u201d <\/p>\n<p>\u201cEles fizeram aquela coisa no gramado l\u00e1 fora, no p\u00e1tio, e havia outros times universit\u00e1rios l\u00e1 tamb\u00e9m\u201d, acrescentou. \u201cEnt\u00e3o foi legal interagir com alguns deles e fazer essas coisas. \u00c9 uma experi\u00eancia muito boa. \u00c9 uma honra poder ir \u00e0 Casa Branca.\u201d<\/p>\n<p>Horford disse que est\u00e1 emocionado por retornar \u00e0 Casa Branca esta semana, agora que tem um t\u00edtulo da NBA em seu curr\u00edculo.<\/p>\n<p>\u201cVai ser incr\u00edvel\u201d, disse ele. \u201cEstou animado com isso. \u00c9 algo que ao longo dos anos voc\u00ea sempre v\u00ea os campe\u00f5es chegarem l\u00e1. Estando nesta posi\u00e7\u00e3o, vou absorver tudo.\u201d <\/p>\n<p>Jayson Tatum est\u00e1 ansioso para usar seu anel de campeonato durante a cerim\u00f4nia.<\/p>\n<p>\u201cEstou trazendo o meu para as fotos. Voc\u00ea \u00e9 legal demais para us\u00e1-lo? Tatum perguntou a Derrick White. <\/p>\n<p>\u201cVou pensar sobre isso. Eu n\u00e3o sabia que isso era uma coisa. \u00c9 bom saber\u201d, respondeu White.<\/p>\n<p>White est\u00e1 animado para vivenciar a experi\u00eancia com seus companheiros de equipe. <\/p>\n<p>\u201cEsta \u00e9 provavelmente a \u00faltima coisa que faremos em rela\u00e7\u00e3o ao campeonato da temporada passada\u201d, disse White. \u201cMas vai ser uma experi\u00eancia legal e vou aproveitar.\u201d<\/p>\n<p>O t\u00e9cnico do Celtics, Joe Mazzulla, sorriu e disse \u201cn\u00e3o, senhor\u201d quando questionado se ele tinha alguma opini\u00e3o sobre a pr\u00f3xima viagem.<\/p>\n<p>Sam Hauser disse que estava animado porque nunca se sabe quando essa oportunidade surgir\u00e1 novamente. A \u00faltima vez que os Celtics visitaram a Casa Branca foi em 2008, durante o governo George W. Bush. <\/p>\n<p>Tatum disse que a oportunidade de criar lembran\u00e7as duradouras tornar\u00e1 a viagem legal. <\/p>\n<p>\u201cAcho que vai ser legal\u201d, disse Tatum. \u201cUma das vantagens de ser campe\u00e3o \u00e9 ir para a Casa Branca, e voc\u00ea j\u00e1 viu a maioria dos ex-times comparecerem. Ent\u00e3o, teremos aquele momento e tiraremos fotos e v\u00eddeos e \u00e9 algo que vai durar a vida toda.\u201d <\/p>\n<div class=\"o-author-single has-avatar\">\n<header class=\"m-author-card\">\n<div class=\"a-image a-image--square m-author-card__image\">\n\t\t<img decoding=\"async\" class=\"\" src=\"https:\/\/www.boston.com\/wp-content\/uploads\/2024\/10\/cropped-Screen-Shot-2024-01-26-at-4.59.30-PM-6706db53ae1d7-6706dcbabfba0-242x242.png\" alt=\"Imagem do perfil de Khari A. Thompson\"\/>\t<\/div>\n<div class=\"m-author-card__text\">\n<h3 class=\"m-author-card__title\"><a href=\"https:\/\/www.boston.com\/author\/kharia-thompson\">Khari A. Thompson<\/a><\/h3>\n<p><span class=\"m-author-card__subtitle\">Rep\u00f3rter Esportivo<\/span>\t<\/div>\n<\/header>\n<section class=\"author-info\">\n<hr class=\"m-author__section--hr\"\/>\n<div class=\"m-author__section\">\n<p>Khari Thompson cobre esportes profissionais para Boston.com. Antes de ingressar no time em 2022, Khari cobriu futebol universit\u00e1rio para o The Clarion Ledger em Jackson, Mississipi.<\/p>\n<\/div>\n<hr class=\"m-author__section--hr\"\/>\t<\/section>\n<\/div>\n<div class=\"m-block m-generic-cta\t m-generic-cta--post-content\t m-generic-cta--dark\t m-generic-cta--homepage\t m-generic-cta--email-signup\t\t m-generic-cta-block-style--default \tt-amp__generic-cta\"><\/p>\n<div class=\"m-generic-cta__wrap\">\n<div class=\"m-generic-cta__content\">\n<h3 class=\"m-generic-cta__title\">Inscreva-se para receber atualiza\u00e7\u00f5es do Celtics\ud83c\udfc0<\/h3>\n<p class=\"m-generic-cta__subtitle\">Receba as \u00faltimas not\u00edcias e an\u00e1lises em sua caixa de entrada durante a temporada de basquete.<\/p>\n<\/p><\/div>\n<\/p><\/div>\n<\/div><\/div>\n<p><script>\n\t\tvar consent=\"grant\";\n\t\t\/* The above code is parsing the JSON data from the local storage and storing it in a variable. *\/\n\t\t\t\t\tconst onetrustStorageConsent = JSON.parse(localStorage.getItem( 'consent_one_trust_bdc' ) );\n\t\t\tif ( ( onetrustStorageConsent !== null ) ) {\n\t\t\t\t\/* Checking to see if the user has consented to the use of cookies.\n\t\t\t\t* If they have not, it is deleting the cookie.\n\t\t\t\t* This will comment for now, until further notice.\n\t\t\t\t*\/\n\t\t\t\t\/\/if ( onetrustStorageConsent.C0002 === false ) {\n\t\t\t\t\/\/\tdocument.cookie=\"_fbp=;expires=Thu, 01 Jan 2010 00:00:00 UTC; path=\/; domain=.boston.com\";\n\t\t\t\t\/\/}\n\t\t\t\t\/* Checking if the user has given consent for the cookie C0002.\n\t\t\t\t* If the user has given consent, the variable consent will be set to 'grant'.\n\t\t\t\t* If the user has not given consent,the variable consent will be set to 'revoke'.\n\t\t\t\t* Documentation https:\/\/developers.facebook.com\/docs\/meta-pixel\/implementation\/gdpr\n\t\t\t\t*\/\n\t\t\t\tif ( onetrustStorageConsent.C0002 !== true ) {\n\t\t\t\t\tconsent=\"revoke\";\n\t\t\t\t}\n\t\t\t}\n\t\t\t\t!function(f,b,e,v,n,t,s)\n\t\t{if(f.fbq)return;n=f.fbq=function(){n.callMethod?\n\t\tn.callMethod.apply(n,arguments):n.queue.push(arguments)};\n\t\tif(!f._fbq)f._fbq=n;n.push=n;n.loaded=!0;n.version='2.0';\n\t\tn.queue=[];t=b.createElement(e);t.async=!0;\n\t\tt.src=v;s=b.getElementsByTagName(e)[0];\n\t\ts.parentNode.insertBefore(t,s)}(window, document,'script',\n\t\t'https:\/\/connect.facebook.net\/en_US\/fbevents.js');\n\t\tfbq('consent', consent);\n\t\tfbq('init', '989222871864976');\n\t\tfbq('track', 'PageView');\n\t<\/script><script type=\"module\">\n\t\tvar consent=\"grant\";\n\t\t\/* The above code is parsing the JSON data from the local storage and storing it in a variable. *\/\n\t\t\tconst onetrustStorageConsent = JSON.parse(localStorage.getItem( 'consent_one_trust_bdc' ) );\n\t\t\t\/* Checking to see if the user has consented to the use of cookies.\n\t\t\t* If they have not, it is deleting the cookie.\n\t\t\t* This will comment for now, until further notice.\n\t\t\t*\/\n\t\t\t\/\/if ( onetrustStorageConsent.C0002 === false ) {\n\t\t\t\/\/\tdocument.cookie=\"_fbp=;expires=Thu, 01 Jan 2010 00:00:00 UTC; path=\/; domain=.boston.com\";\n\t\t\t\/\/}\n\t\t\t\/* Checking if the user has given consent for the cookie C0002.\n\t\t\t* If the user has given consent, the variable consent will be set to 'grant'.\n\t\t\t* If the user has not given consent,the variable consent will be set to 'revoke'.\n\t\t\t* Documentation https:\/\/developers.facebook.com\/docs\/meta-pixel\/implementation\/gdpr\n\t\t\t*\/\n\t\t\tif ( ( onetrustStorageConsent !== null ) && (onetrustStorageConsent.C0002 !== true ) ) {\n\t\t\t\tconsent=\"revoke\";\n\t\t\t}\n\t\t\t\t!function(f,b,e,v,n,t,s){if(f.fbq)return;n=f.fbq=function()\n\t\t{n.callMethod? n.callMethod.apply(n,arguments):n.queue.push(arguments)}\n\t\t;if(!f._fbq)f._fbq=n;\n\t\tn.push=n;n.loaded=!0;n.version='2.0';n.queue=[];t=b.createElement(e);t.async=!0;\n\t\tt.src=v;s=b.getElementsByTagName(e)[0];s.parentNode.insertBefore(t,s)}(window,\n\t\tdocument,'script','https:\/\/connect.facebook.net\/en_US\/fbevents.js');\n\t\tfbq('consent', consent);\n\t\tfbq('init', '813236348753005');\n\t\tfbq('track', \"PageView\");\n\t<\/script><br \/>\n<br \/><br \/>\n<br \/><a href=\"https:\/\/www.boston.com\/sports\/boston-celtics\/2024\/11\/20\/celtics-white-house-jayson-tatum-joe-mazzulla-comments\/\">Source link <\/a><\/p>","protected":false},"excerpt":{"rendered":"<p>Celtas \u201cTeremos esse momento e tiraremos fotos e v\u00eddeos e \u00e9 algo que durar\u00e1 a vida toda.\u201d Jayson Tatum e Al Horford. AP Foto\/Mark Stockwell Derrick White deu uma resposta&hellip;<\/p>","protected":false},"author":1,"featured_media":62518,"comment_status":"closed","ping_status":"open","sticky":false,"template":"","format":"standard","meta":{"content-type":"","footnotes":""},"categories":[1],"tags":[],"class_list":["post-62517","post","type-post","status-publish","format-standard","has-post-thumbnail","hentry","category-uncategorized"],"_links":{"self":[{"href":"https:\/\/tvbrazilusa.com\/pt\/wp-json\/wp\/v2\/posts\/62517","targetHints":{"allow":["GET"]}}],"collection":[{"href":"https:\/\/tvbrazilusa.com\/pt\/wp-json\/wp\/v2\/posts"}],"about":[{"href":"https:\/\/tvbrazilusa.com\/pt\/wp-json\/wp\/v2\/types\/post"}],"author":[{"embeddable":true,"href":"https:\/\/tvbrazilusa.com\/pt\/wp-json\/wp\/v2\/users\/1"}],"replies":[{"embeddable":true,"href":"https:\/\/tvbrazilusa.com\/pt\/wp-json\/wp\/v2\/comments?post=62517"}],"version-history":[{"count":1,"href":"https:\/\/tvbrazilusa.com\/pt\/wp-json\/wp\/v2\/posts\/62517\/revisions"}],"predecessor-version":[{"id":62519,"href":"https:\/\/tvbrazilusa.com\/pt\/wp-json\/wp\/v2\/posts\/62517\/revisions\/62519"}],"wp:featuredmedia":[{"embeddable":true,"href":"https:\/\/tvbrazilusa.com\/pt\/wp-json\/wp\/v2\/media\/62518"}],"wp:attachment":[{"href":"https:\/\/tvbrazilusa.com\/pt\/wp-json\/wp\/v2\/media?parent=62517"}],"wp:term":[{"taxonomy":"category","embeddable":true,"href":"https:\/\/tvbrazilusa.com\/pt\/wp-json\/wp\/v2\/categories?post=62517"},{"taxonomy":"post_tag","embeddable":true,"href":"https:\/\/tvbrazilusa.com\/pt\/wp-json\/wp\/v2\/tags?post=62517"}],"curies":[{"name":"wp","href":"https:\/\/api.w.org\/{rel}","templated":true}]}}