{"id":62532,"date":"2024-11-20T10:04:08","date_gmt":"2024-11-20T10:04:08","guid":{"rendered":"https:\/\/tvbrazilusa.com\/2024\/11\/20\/aliados-de-bolsonaro-classificam-a-investigacao-da-pf-sobre-a-suposta-tentativa-de-golpe-como-uma-cortina-de-fumaca\/"},"modified":"2024-11-20T10:04:09","modified_gmt":"2024-11-20T10:04:09","slug":"aliados-de-bolsonaro-classificam-a-investigacao-da-pf-sobre-a-suposta-tentativa-de-golpe-como-uma-cortina-de-fumaca","status":"publish","type":"post","link":"https:\/\/tvbrazilusa.com\/pt\/2024\/11\/20\/aliados-de-bolsonaro-classificam-a-investigacao-da-pf-sobre-a-suposta-tentativa-de-golpe-como-uma-cortina-de-fumaca\/","title":{"rendered":"Aliados de Bolsonaro classificam a investiga\u00e7\u00e3o da PF sobre a suposta tentativa de golpe como uma &#8216;cortina de fuma\u00e7a&#8217;"},"content":{"rendered":"<p> <script async src=\"https:\/\/pagead2.googlesyndication.com\/pagead\/js\/adsbygoogle.js?client=ca-pub-8864793242727901\"\r\n     crossorigin=\"anonymous\"><\/script><br \/>\n<\/p>\n<div id=\"taboola-read-more\" style=\"display:block; width:100%\">\n<p>Aliados do ex-presidente Jair Bolsonaro (PL) usaram as redes sociais, na manh\u00e3 desta ter\u00e7a-feira, 19, para criticar a Opera\u00e7\u00e3o Contragolpe, conduzida pela Pol\u00edcia Federal (PF).\n<\/p>\n<p>A a\u00e7\u00e3o resultou na pris\u00e3o de cinco suspeitos ligados a um suposto plano de golpe contra o presidente Luiz In\u00e1cio Lula da Silva (PT). Esses aliados alegam que a opera\u00e7\u00e3o tenta associar Bolsonaro \u00e0 trama e a classificam como uma \u201ccortina de fuma\u00e7a\u201d.<\/p>\n<p>De acordo com as investiga\u00e7\u00f5es, o suposto plano previa o assassinato de Lula, do vice-presidente Geraldo Alckmin (PSB) e do ministro Alexandre de Moraes, do Supremo Tribunal Federal (STF).\n<\/p>\n<p>O senador Fl\u00e1vio Bolsonaro (PL-RJ), filho do ex-presidente, afirmou em seu perfil no Twitter\/X que pensar em matar algu\u00e9m \u00e9 repugnante, mas que isso, por si s\u00f3, n\u00e3o configura crime. Ele mencionou ser autor de um projeto de lei que criminaliza atos preparat\u00f3rios de crimes desse tipo. Fl\u00e1vio tamb\u00e9m criticou decis\u00f5es judiciais que, segundo ele, n\u00e3o t\u00eam respaldo legal.\n<\/p>\n<h2 class=\"wp-block-heading\">Carla Zambelli afirmou que a \u201ccortina de fuma\u00e7a\u201d foi criada para prejudicar Bolsonaro<\/h2>\n<p>A deputada Carla Zambelli (PL-SP) respondeu \u00e0 publica\u00e7\u00e3o e afirmou que a lei n\u00e3o \u00e9 respeitada. Ela classificou a opera\u00e7\u00e3o como uma \u201ccortina de fuma\u00e7a\u201d criada para prejudicar a imagem de Bolsonaro.\n<\/p>\n<p>A deputada Bia Kicis (PL-DF) compartilhou a postagem de Fl\u00e1vio. Ela citou o fil\u00f3sofo Olavo de Carvalho e afirmou que \u00e9 necess\u00e1rio punir os \u201ccomunistas\u201d pelos crimes que cometem para evitar persegui\u00e7\u00f5es injustas.\n<\/p>\n<p>Eduardo Bolsonaro (PL-SP), outro filho do ex-presidente, afirmou que as pris\u00f5es fazem parte de uma \u201cguerra de narrativas\u201d. Ele criticou a explora\u00e7\u00e3o pol\u00edtica de eventos recentes, como o suic\u00eddio de um homem na Pra\u00e7a dos Tr\u00eas Poderes, em Bras\u00edlia, os atos de 8 de janeiro e as investiga\u00e7\u00f5es contra Bolsonaro. Eduardo afirmou que as a\u00e7\u00f5es miram a direita e sugeriu que elei\u00e7\u00f5es futuras trariam respostas.\n<\/p>\n<div id=\"hd80s9wa1h892edh8192\" class=\"entry-content break-word select-none\">\n<p>Entre os presos est\u00e3o um general reformado, ex-assessor de Eduardo Pazuello, e militares do Comando de Opera\u00e7\u00f5es Especiais do Ex\u00e9rcito. As investiga\u00e7\u00f5es revelam que o plano, denominado \u201cPunhal Verde e Amarelo\u201d, inclu\u00eda o uso de recursos b\u00e9licos. O grupo planejava criar um gabinete de crise para gerir o golpe.\n<\/p>\n<\/div>\n<footer class=\"border-t-2 border-gray-100 mt-7 pt-8\"\/>\n<p>Fonte: Revista Oeste              <\/p>\n<\/div>\n<p><br \/>\n<br \/><a href=\"https:\/\/diariodobrasilnoticias.com.br\/noticia\/aliados-de-bolsonaro-classificam-a-investigacao-da-pf-sobre-a-suposta-tentativa-de-golpe-como-uma-cortina-de-fumaca-673db38dd5093\">Source link <\/a><\/p>","protected":false},"excerpt":{"rendered":"<p>Aliados do ex-presidente Jair Bolsonaro (PL) usaram as redes sociais, na manh\u00e3 desta ter\u00e7a-feira, 19, para criticar a Opera\u00e7\u00e3o Contragolpe, conduzida pela Pol\u00edcia Federal (PF). A a\u00e7\u00e3o resultou na pris\u00e3o&hellip;<\/p>","protected":false},"author":1,"featured_media":62533,"comment_status":"closed","ping_status":"open","sticky":false,"template":"","format":"standard","meta":{"content-type":"","footnotes":""},"categories":[16],"tags":[123,2448,5313,1267],"class_list":["post-62532","post","type-post","status-publish","format-standard","has-post-thumbnail","hentry","category-noticias","tag-brasil","tag-diario","tag-noticia","tag-noticias"],"_links":{"self":[{"href":"https:\/\/tvbrazilusa.com\/pt\/wp-json\/wp\/v2\/posts\/62532","targetHints":{"allow":["GET"]}}],"collection":[{"href":"https:\/\/tvbrazilusa.com\/pt\/wp-json\/wp\/v2\/posts"}],"about":[{"href":"https:\/\/tvbrazilusa.com\/pt\/wp-json\/wp\/v2\/types\/post"}],"author":[{"embeddable":true,"href":"https:\/\/tvbrazilusa.com\/pt\/wp-json\/wp\/v2\/users\/1"}],"replies":[{"embeddable":true,"href":"https:\/\/tvbrazilusa.com\/pt\/wp-json\/wp\/v2\/comments?post=62532"}],"version-history":[{"count":1,"href":"https:\/\/tvbrazilusa.com\/pt\/wp-json\/wp\/v2\/posts\/62532\/revisions"}],"predecessor-version":[{"id":62534,"href":"https:\/\/tvbrazilusa.com\/pt\/wp-json\/wp\/v2\/posts\/62532\/revisions\/62534"}],"wp:featuredmedia":[{"embeddable":true,"href":"https:\/\/tvbrazilusa.com\/pt\/wp-json\/wp\/v2\/media\/62533"}],"wp:attachment":[{"href":"https:\/\/tvbrazilusa.com\/pt\/wp-json\/wp\/v2\/media?parent=62532"}],"wp:term":[{"taxonomy":"category","embeddable":true,"href":"https:\/\/tvbrazilusa.com\/pt\/wp-json\/wp\/v2\/categories?post=62532"},{"taxonomy":"post_tag","embeddable":true,"href":"https:\/\/tvbrazilusa.com\/pt\/wp-json\/wp\/v2\/tags?post=62532"}],"curies":[{"name":"wp","href":"https:\/\/api.w.org\/{rel}","templated":true}]}}