{"id":62546,"date":"2024-11-20T10:38:29","date_gmt":"2024-11-20T10:38:29","guid":{"rendered":"https:\/\/tvbrazilusa.com\/2024\/11\/20\/igreja-batista-da-lagoinha-toma-medidas-contra-ana-paula-valadao-apos-polemicas-familiares-e-casos-de-censura\/"},"modified":"2024-11-20T10:38:30","modified_gmt":"2024-11-20T10:38:30","slug":"igreja-batista-da-lagoinha-toma-medidas-contra-ana-paula-valadao-apos-polemicas-familiares-e-casos-de-censura","status":"publish","type":"post","link":"https:\/\/tvbrazilusa.com\/pt\/2024\/11\/20\/igreja-batista-da-lagoinha-toma-medidas-contra-ana-paula-valadao-apos-polemicas-familiares-e-casos-de-censura\/","title":{"rendered":"Igreja Batista da Lagoinha toma medidas contra Ana Paula Valad\u00e3o ap\u00f3s pol\u00eamicas familiares e casos de censura"},"content":{"rendered":"<p> <script async src=\"https:\/\/pagead2.googlesyndication.com\/pagead\/js\/adsbygoogle.js?client=ca-pub-8864793242727901\"\r\n     crossorigin=\"anonymous\"><\/script><br \/>\n<\/p>\n<div id=\"taboola-read-more\" style=\"display:block; width:100%\">\n<p>A briga na fam\u00edlia Valad\u00e3o, da Igreja Batista da Lagoinha, n\u00e3o para de ganhar novos desdobramentos. Ana Paula Valad\u00e3o parece ter recebido uma leve, por\u00e9m, incisiva repres\u00e1lia ap\u00f3s fazer um protesto que mais pareceu uma indireta ao irm\u00e3o, Andr\u00e9 Valad\u00e3o, no p\u00falpito de uma igreja.\n<\/p>\n<p>Segundo a colunista F\u00e1bia Oliveira, do portal Metr\u00f3poles, o perfil da igreja deixou de seguir Ana Paula no Instagram ap\u00f3s o in\u00edcio da briga familiar. A religiosa ainda n\u00e3o retribuiu o unfollow.<\/p>\n<p>Andr\u00e9 processou o cunhado, Felippe, marido de Mariana Valad\u00e3o, para impedi-lo de usar a marca &#8220;Lagoinha&#8221; nas igrejas que comanda em Niter\u00f3i, no Rio de Janeiro. Ana Paula se manifestou publicamente a favor da irm\u00e3, indicando de qual lado est\u00e1 no imbr\u00f3glio.\n<\/p>\n<p>O unfollow em Ana Paula repercutiu nesta ter\u00e7a-feira (19), ap\u00f3s acusa\u00e7\u00f5es de que ela havia sido censurada pela igreja comandada pelo Andr\u00e9. O discurso que a pastora fez em meio a choro e gritos foi retirado do ar sem nenhuma explica\u00e7\u00e3o.\n<\/p>\n<p>&#8220;Eu t\u00f4 muito brava. Mas eu j\u00e1 sou m\u00e3e e eu n\u00e3o sou m\u00e3e de filho pequeno. Eu sou m\u00e3e de voc\u00eas. Eu sou m\u00e3e dessa casa! Eu sou m\u00e3e dessa cidade! Eu sou m\u00e3e dessa na\u00e7\u00e3o! Tem um ba\u00fa de tesouro que eu enterrei aqui, de \u00f3leo caro, de perfume precioso. Tem as minhas cinzas aqui queimadas. E eu desafio qualquer pessoa que me questione porque eu carrego essas marcas. O que \u00e9 que est\u00e3o fazendo?&#8221;, disse Ana Paula diante dos fieis.\n<\/p>\n<p>O marido de Ana Paula, Gustavo Bessa, se manifestou publicamente e insinuou uma tentativa de boicote. &#8220;A mensagem foi poderosa, confrontadora e de sacudir os alicerces. Mas cortaram a transmiss\u00e3o e deletaram a mensagem. Tempos estranhos&#8221;, disparou o pastor.\n<\/p>\n<p>Fundada nos anos 1950, a Lagoinha ganhou popularidade a partir da d\u00e9cada de 1970, depois que M\u00e1rcio Valad\u00e3o assumiu a presid\u00eancia. Pai de tr\u00eas filhos, ele deixou o cargo em 2022 e passou o bast\u00e3o para Andr\u00e9, que acumula uma s\u00e9rie de pol\u00eamicas, inclusive, de cunho homof\u00f3bico.<\/p>\n<p>Fonte: Purepeople              <\/p>\n<\/div>\n<p><br \/>\n<br \/><a href=\"https:\/\/diariodobrasilnoticias.com.br\/noticia\/igreja-batista-da-lagoinha-toma-medidas-contra-ana-paula-valadao-apos-polemicas-familiares-e-casos-de-censura-673db9e6e44f3\">Source link <\/a><\/p>","protected":false},"excerpt":{"rendered":"<p>A briga na fam\u00edlia Valad\u00e3o, da Igreja Batista da Lagoinha, n\u00e3o para de ganhar novos desdobramentos. Ana Paula Valad\u00e3o parece ter recebido uma leve, por\u00e9m, incisiva repres\u00e1lia ap\u00f3s fazer um&hellip;<\/p>","protected":false},"author":1,"featured_media":62547,"comment_status":"closed","ping_status":"open","sticky":false,"template":"","format":"standard","meta":{"content-type":"","footnotes":""},"categories":[16],"tags":[123,2448,5313,1267],"class_list":["post-62546","post","type-post","status-publish","format-standard","has-post-thumbnail","hentry","category-noticias","tag-brasil","tag-diario","tag-noticia","tag-noticias"],"_links":{"self":[{"href":"https:\/\/tvbrazilusa.com\/pt\/wp-json\/wp\/v2\/posts\/62546","targetHints":{"allow":["GET"]}}],"collection":[{"href":"https:\/\/tvbrazilusa.com\/pt\/wp-json\/wp\/v2\/posts"}],"about":[{"href":"https:\/\/tvbrazilusa.com\/pt\/wp-json\/wp\/v2\/types\/post"}],"author":[{"embeddable":true,"href":"https:\/\/tvbrazilusa.com\/pt\/wp-json\/wp\/v2\/users\/1"}],"replies":[{"embeddable":true,"href":"https:\/\/tvbrazilusa.com\/pt\/wp-json\/wp\/v2\/comments?post=62546"}],"version-history":[{"count":1,"href":"https:\/\/tvbrazilusa.com\/pt\/wp-json\/wp\/v2\/posts\/62546\/revisions"}],"predecessor-version":[{"id":62548,"href":"https:\/\/tvbrazilusa.com\/pt\/wp-json\/wp\/v2\/posts\/62546\/revisions\/62548"}],"wp:featuredmedia":[{"embeddable":true,"href":"https:\/\/tvbrazilusa.com\/pt\/wp-json\/wp\/v2\/media\/62547"}],"wp:attachment":[{"href":"https:\/\/tvbrazilusa.com\/pt\/wp-json\/wp\/v2\/media?parent=62546"}],"wp:term":[{"taxonomy":"category","embeddable":true,"href":"https:\/\/tvbrazilusa.com\/pt\/wp-json\/wp\/v2\/categories?post=62546"},{"taxonomy":"post_tag","embeddable":true,"href":"https:\/\/tvbrazilusa.com\/pt\/wp-json\/wp\/v2\/tags?post=62546"}],"curies":[{"name":"wp","href":"https:\/\/api.w.org\/{rel}","templated":true}]}}