{"id":62549,"date":"2024-11-20T10:00:00","date_gmt":"2024-11-20T10:00:00","guid":{"rendered":"https:\/\/tvbrazilusa.com\/2024\/11\/20\/onde-john-f-kennedy-morava-em-boston\/"},"modified":"2024-11-20T10:44:17","modified_gmt":"2024-11-20T10:44:17","slug":"onde-john-f-kennedy-morava-em-boston","status":"publish","type":"post","link":"https:\/\/tvbrazilusa.com\/pt\/2024\/11\/20\/onde-john-f-kennedy-morava-em-boston\/","title":{"rendered":"Onde John F. Kennedy morava em Boston?"},"content":{"rendered":"<p> <script async src=\"https:\/\/pagead2.googlesyndication.com\/pagead\/js\/adsbygoogle.js?client=ca-pub-8864793242727901\"\r\n     crossorigin=\"anonymous\"><\/script><br \/>\n<\/p>\n<div id=\"\">\n<header class=\"m-article-header m-article-header--standard\">\n\t\t\t\t\t\t\t\t\t\t\t\t<span id=\"article-header-primary-term\"><br \/>\n\t\t\t\t\t\t\t\t<a class=\"a-term a-term--primary\" href=\"https:\/\/www.boston.com\/tag\/wickedpedia\/\"><\/p>\n<p>\t\t\t\t\t\t\t\tP\u00e9dia Malvada\t\t\t\t\t\t\t\t<\/a><br \/>\n\t\t\t\t\t\t\t<\/span><\/p>\n<h2 class=\"m-article-header__sub-headline\">Este apartamento em Beacon Hill era seu endere\u00e7o mais antigo em Boston.<\/h2>\n<figure class=\"a-photo m-article-header__photo\"><figcaption class=\"a-photo__caption\">\n<p>\tO senador John F. Kennedy est\u00e1 sentado em seu apartamento na Bowdoin Street, em Boston, em 17 de maio de 1957.<em> Revista LOOK, Biblioteca e Museu Presidencial Douglas Jones\/John F. Kennedy<\/em>\t<\/figcaption><\/figure>\n<\/header>\n<p class=\"has-drop-cap\">Depois de servir na Marinha durante a Segunda Guerra Mundial, John F. Kennedy mudou-se para 122 Bowdoin St. <a href=\"https:\/\/www.boston.com\/tag\/beacon-hill\/\" target=\"_blank\" rel=\"noreferrer noopener\">Colina do Farol<\/a> \u2013 e este foi seu endere\u00e7o oficial registrado at\u00e9 o dia em que morreu. Esta sexta-feira marca 61 anos desde seu assassinato em Dallas.<\/p>\n<p>Ele morava no apartamento 36, uma unidade de dois quartos que fica de frente para o Ashburton Park, na Massachusetts State House, e fica acima do Beacon Hill Instant Shoe Repair. <\/p>\n<p>De acordo com seu contrato de aluguel de 1959, ele pagava US$ 95 por m\u00eas. Em setembro de 2024, o aluguel m\u00e9dio de um apartamento de dois quartos em Beacon Hill era <a href=\"https:\/\/www.boston.com\/real-estate\/renting\/2024\/09\/19\/rental-market-update-september-edition-where-can-you-score-a-bargain\/\">$ 3.800 por m\u00eas<\/a>.<\/p>\n<p>Este apartamento serviu de base para o in\u00edcio de sua carreira pol\u00edtica, especialmente para suas elei\u00e7\u00f5es para a C\u00e2mara dos Representantes em 1946 e para o Senado em 1952. No entanto, mesmo enquanto assumia o cargo em Washington, DC, Kennedy manteve seu discurso em Bowdoin durante esta presid\u00eancia. <\/p>\n<figure class=\"wp-block-image size-full\"><img decoding=\"async\" src=\"https:\/\/bdc2020.o0bc.com\/wp-content\/uploads\/2024\/11\/2188_001-6737613d19b6e.jpg\" alt=\"\" class=\"wp-image-32353701\"\/><figcaption class=\"wp-element-caption\">Uma c\u00f3pia do contrato de arrendamento de John F. Kennedy de 1959 em 122 Bowdoin St. <i> \u2013 Cortesia Leeder Management<\/i><\/figcaption><\/figure>\n<h2 class=\"wp-block-heading\" id=\"h-when-did-jfk-move-to-boston\"><strong>Quando JFK se mudou para Boston?<\/strong><\/h2>\n<p>Dave Powers, que serviu como assessor de Kennedy e ex-curador da Biblioteca JFK, <a href=\"https:\/\/www.jfklibrary.org\/asset-viewer\/archives\/dfppp-018-008#?image_identifier=DFPPP-018-008-p0042\">escreveu em uma carta<\/a> que Kennedy usou o apartamento Bowdoin a partir de 1946.<\/p>\n<p>Mas outros registros da Biblioteca e Museu JFK mostram incerteza sobre quando Kennedy estava oficialmente morando em seu endere\u00e7o na Bowdoin Street, j\u00e1 que ele primeiro teve um quarto no Hotel Bellevue. O hotel Beacon Street, que hoje \u00e9 um <a href=\"https:\/\/www.compass.com\/building\/hotel-bellevue-boston-ma\/797263923454148629\/\">condom\u00ednio residencial<\/a>ficava na esquina do apartamento de Bowdoin e tamb\u00e9m era onde morava seu av\u00f4. <\/p>\n<p>O historiador e professor de Harvard Fredrik Logevall, que est\u00e1 escrevendo um livro em tr\u00eas volumes <a href=\"https:\/\/store.jfklibrary.org\/products\/pb-jfk-coming-of-age\">biografia sobre Kennedy<\/a>disse que o Hotel Bellevue serviu como \u201co centro inicial para esta campanha nascente\u201d. Hirsh Freed, conselheiro de campanha de JFK, at\u00e9 <a href=\"https:\/\/www.jfklibrary.org\/asset-viewer\/archives\/hfpp-001-001#?image_identifier=HFPP-001-001-p0001\">enviou v\u00e1rias cartas<\/a> para Kennedy em seu quarto de hotel em dezembro de 1946. <\/p>\n<p>Na verdade, Kennedy ainda havia enviado <a href=\"https:\/\/www.jfklibrary.org\/asset-viewer\/archives\/usva-017-001#?image_identifier=USVA-017-001-p0049\">pagamentos de seguro de vida<\/a> do hotel para a Administra\u00e7\u00e3o de Veteranos no ano seguinte, e s\u00f3 parece ter entrado com um pedido <a href=\"https:\/\/www.jfklibrary.org\/asset-viewer\/archives\/usva-017-001#?image_identifier=USVA-017-001-p0047\">mudan\u00e7a oficial de endere\u00e7o<\/a> para o endere\u00e7o da Bowdoin Street com a Administra\u00e7\u00e3o de Veteranos em 1949.<\/p>\n<h2 class=\"wp-block-heading\" id=\"h-why-did-jfk-move-to-beacon-hill\"><strong>Por que JFK se mudou para Beacon Hill?<\/strong><\/h2>\n<p>Voltando da guerra, Kennedy decidiu construir sua carreira pol\u00edtica. Ele j\u00e1 procurava entrar na pol\u00edtica h\u00e1 algum tempo, disse Logevall.<\/p>\n<p>Em 1946, ele come\u00e7ou a concorrer \u00e0 indica\u00e7\u00e3o democrata para o <a href=\"https:\/\/www.jfklibrary.org\/learn\/about-jfk\/life-of-john-f-kennedy\/fast-facts-john-f-kennedy\">11\u00ba distrito congressional<\/a>que cobria distritos em Boston, Cambridge e Somerville. Hoje, esta \u00e1rea faz parte <a href=\"https:\/\/www.sec.state.ma.us\/divisions\/cis\/download\/maps\/MA-Congressional-Map-2023.pdf\">Distrito 7<\/a>.<\/p>\n<p>Ao buscar esta vaga no Congresso, ele queria mudar-se para um local central, \u201ca fim de estabelecer sua legitimidade tanto no 11\u00ba distrito, mas tamb\u00e9m no estado\u201d, disse Logevall.<\/p>\n<p>Ent\u00e3o, em 1951, Kennedy concorreu ao Senado contra o atual republicano Henry Cabot Lodge Jr. Particularmente para esta corrida, o apartamento da Bowdoin Street desempenhou um papel fundamental em sua vit\u00f3ria final. <\/p>\n<p>Quase todo fim de semana durante a campanha, Kennedy viajava de Washington, DC para Massachusetts, onde o apartamento servia como sede. Ele e sua equipe marcavam um mapa no apartamento que mostrava quais comunidades haviam visitado, permitindo-lhes tra\u00e7ar estrat\u00e9gias para cobrir outras \u00e1reas do estado, disse Logevall. <\/p>\n<p>Ele acrescentou que n\u00e3o importa onde Kennedy estivesse no estado, mesmo em Berkshires ou em Western Mass., ele sempre preferia dormir em sua pr\u00f3pria cama (que tinha uma t\u00e1bua embaixo para apoio) em vez de em um hotel.<\/p>\n<h2 class=\"wp-block-heading\" id=\"h-why-did-jfk-keep-his-boston-apartment\"><strong>Por que JFK manteve seu apartamento em Boston?<\/strong><\/h2>\n<figure class=\"wp-block-image alignleft size-full is-resized\"><img loading=\"lazy\" decoding=\"async\" width=\"680\" height=\"1000\" src=\"https:\/\/bdc2020.o0bc.com\/wp-content\/uploads\/2024\/11\/LMPC-PX65-105-46-673761d5b46ac.jpg\" alt=\"\" class=\"wp-image-32353711\" style=\"width:341px;height:auto\" srcset=\"https:\/\/bdc2020.o0bc.com\/wp-content\/uploads\/2024\/11\/LMPC-PX65-105-46-673761d5b46ac.jpg?width=200 200w, https:\/\/bdc2020.o0bc.com\/wp-content\/uploads\/2024\/11\/LMPC-PX65-105-46-673761d5b46ac.jpg?width=300 300w, https:\/\/bdc2020.o0bc.com\/wp-content\/uploads\/2024\/11\/LMPC-PX65-105-46-673761d5b46ac.jpg?width=400 400w, https:\/\/bdc2020.o0bc.com\/wp-content\/uploads\/2024\/11\/LMPC-PX65-105-46-673761d5b46ac.jpg?width=500 500w, https:\/\/bdc2020.o0bc.com\/wp-content\/uploads\/2024\/11\/LMPC-PX65-105-46-673761d5b46ac.jpg?width=600 600w, https:\/\/bdc2020.o0bc.com\/wp-content\/uploads\/2024\/11\/LMPC-PX65-105-46-673761d5b46ac.jpg?width=700 700w, https:\/\/bdc2020.o0bc.com\/wp-content\/uploads\/2024\/11\/LMPC-PX65-105-46-673761d5b46ac.jpg?width=800 800w, https:\/\/bdc2020.o0bc.com\/wp-content\/uploads\/2024\/11\/LMPC-PX65-105-46-673761d5b46ac.jpg?width=900 900w\" sizes=\"auto, (max-width: 680px) 100vw, 680px\"\/><figcaption class=\"wp-element-caption\">Senador John F. Kennedy em seu apartamento na Bowdoin Street, em Boston, em 17 de maio de 1957. Digitalizado da impress\u00e3o original.<i> \u2013 Revista LOOK, Biblioteca e Museu Presidencial Douglas Jones\/John F. Kennedy<\/i><\/figcaption><\/figure>\n<p>Pode n\u00e3o ter sido um lugar chique, mas Logevall acredita que Kennedy tinha uma afei\u00e7\u00e3o pessoal pelo apartamento.<\/p>\n<p>\u201cAcho que este teve uma import\u00e2ncia sentimental para ele. \u00c9 onde ele estava quando come\u00e7ou na pol\u00edtica\u201d, disse ele. \u201cFoi o cen\u00e1rio de alguns de seus primeiros triunfos, muitas estrat\u00e9gias foram feitas neste lugar.\u201d<\/p>\n<p>Quando concorreu \u00e0 presid\u00eancia em 1960, ele e sua esposa, Jacqueline Kennedy Onassis, chegaram a votar no <a href=\"https:\/\/www.boston.com\/tag\/west-end\/\">Extremo Oeste<\/a> filial da Biblioteca P\u00fablica de Boston. <\/p>\n<p>\u201cPodemos dizer agora que 24 horas depois ele seria declarado Presidente dos Estados Unidos\u201d, disse Logevall. \u201cEle n\u00e3o sabia disso, mas mesmo neste momento espec\u00edfico, seu endere\u00e7o \u00e9 122 Bowdoin. \u00c9 bastante not\u00e1vel.\u201d<\/p>\n<p>Dele <a href=\"https:\/\/www.jfklibrary.org\/asset-viewer\/archives\/jfkpof-134-010#?image_identifier=JFKPOF-134-010-p0008\">cart\u00e3o de eleitor de 1964<\/a> tamb\u00e9m declarou este endere\u00e7o. Embora, de acordo com <a href=\"https:\/\/www.jfklibrary.org\/asset-viewer\/archives\/jfkpof-012-007#?image_identifier=JFKPOF-012-007-p0166\">uma carta da secret\u00e1ria de Kennedy<\/a>seu irm\u00e3o Ted Kennedy morava l\u00e1 desde a inaugura\u00e7\u00e3o.<\/p>\n<p>David Dorsey, ex-gerente de propriedade que morou no pr\u00e9dio por cerca de 45 anos, at\u00e9 se lembra de Ted uma vez brincando com ele e seu primo quando eram jovens.<\/p>\n<p>\u201cAchei muito legal. Ted est\u00e1 apenas brincando com as crian\u00e7as\u201d, disse Dorsey. \u201cIsso sempre ficou comigo porque ele era um homem muito doce.\u201d<\/p>\n<p>Dorsey chamou os Kennedy de parte da \u201cestrutura do bairro\u201d. Seu av\u00f4, George Washburn, que tamb\u00e9m trabalhou para a empresa de gest\u00e3o por muitos anos antes de falecer, via os Kennedy de vez em quando e at\u00e9 lhes trazia caf\u00e9 da manh\u00e3 de vez em quando.<\/p>\n<p>\u201cSe voc\u00ea acenasse &#8216;oi&#8217;, eles acenariam &#8216;oi&#8217; de volta. Se voc\u00ea quisesse apertar a m\u00e3o deles, eles apertariam a sua. Se eles quisessem falar com voc\u00ea, falariam com voc\u00ea\u201d, disse Dorsey. \u201cEles eram <em>de<\/em> o povo, n\u00e3o <em>acima<\/em> o povo.\u201d<\/p>\n<h2 class=\"wp-block-heading\" id=\"h-is-the-apartment-still-there\"><strong>O apartamento ainda est\u00e1 l\u00e1?<\/strong><\/h2>\n<figure class=\"wp-block-image size-full\"><img loading=\"lazy\" decoding=\"async\" width=\"1170\" height=\"1170\" src=\"https:\/\/bdc2020.o0bc.com\/wp-content\/uploads\/2024\/11\/IMG_3800-673cfda66b297.jpg\" alt=\"\" class=\"wp-image-32374030\" srcset=\"https:\/\/bdc2020.o0bc.com\/wp-content\/uploads\/2024\/11\/IMG_3800-673cfda66b297.jpg?width=200 200w, https:\/\/bdc2020.o0bc.com\/wp-content\/uploads\/2024\/11\/IMG_3800-673cfda66b297.jpg?width=300 300w, https:\/\/bdc2020.o0bc.com\/wp-content\/uploads\/2024\/11\/IMG_3800-673cfda66b297.jpg?width=400 400w, https:\/\/bdc2020.o0bc.com\/wp-content\/uploads\/2024\/11\/IMG_3800-673cfda66b297.jpg?width=500 500w, https:\/\/bdc2020.o0bc.com\/wp-content\/uploads\/2024\/11\/IMG_3800-673cfda66b297.jpg?width=600 600w, https:\/\/bdc2020.o0bc.com\/wp-content\/uploads\/2024\/11\/IMG_3800-673cfda66b297.jpg?width=700 700w, https:\/\/bdc2020.o0bc.com\/wp-content\/uploads\/2024\/11\/IMG_3800-673cfda66b297.jpg?width=800 800w, https:\/\/bdc2020.o0bc.com\/wp-content\/uploads\/2024\/11\/IMG_3800-673cfda66b297.jpg?width=900 900w\" sizes=\"auto, (max-width: 1170px) 100vw, 1170px\"\/><figcaption class=\"wp-element-caption\">Rua Bowdoin, 122, Boston.<i> \u2013Kelly Chan\/Boston.com<\/i><\/figcaption><\/figure>\n<p>Sim, e algu\u00e9m ainda mora l\u00e1. <\/p>\n<p>O edif\u00edcio ainda hoje funciona como um complexo de apartamentos, abrigando 56 apartamentos e quatro espa\u00e7os comerciais no primeiro andar, incluindo Capitol Coffee House e Boston Barber Co. Ele tamb\u00e9m pertence e \u00e9 administrado pela mesma empresa, Leeder Management, desde 1940, disse Walter Laughlin, diretor financeiro. <\/p>\n<p>Mas durante o tempo de Dorsey como administrador de propriedades, ele percebeu que a maioria dos residentes n\u00e3o sabia que Kennedy morava no pr\u00e9dio at\u00e9 depois de se mudarem.<\/p>\n<p>\u201cCerca de um quarto das pessoas queriam morar l\u00e1 porque ele morava l\u00e1\u201d, disse ele. \u201cMas muitas pessoas que moravam l\u00e1 pensavam: &#8216;S\u00e9rio? Uau, isso \u00e9 incr\u00edvel.&#8217;\u201d<\/p>\n<div class=\"wp-block-columns has-2-columns is-layout-flex wp-container-core-columns-is-layout-2 wp-block-columns-is-layout-flex\">\n<div class=\"wp-block-column is-layout-flow wp-block-column-is-layout-flow\">\n<figure class=\"wp-block-image size-full\"><img loading=\"lazy\" decoding=\"async\" width=\"680\" height=\"1000\" src=\"https:\/\/bdc2020.o0bc.com\/wp-content\/uploads\/2024\/11\/LMPC-PX65-105-75-673762d503dc4.jpg\" alt=\"\" class=\"wp-image-32353712\" srcset=\"https:\/\/bdc2020.o0bc.com\/wp-content\/uploads\/2024\/11\/LMPC-PX65-105-75-673762d503dc4.jpg?width=200 200w, https:\/\/bdc2020.o0bc.com\/wp-content\/uploads\/2024\/11\/LMPC-PX65-105-75-673762d503dc4.jpg?width=300 300w, https:\/\/bdc2020.o0bc.com\/wp-content\/uploads\/2024\/11\/LMPC-PX65-105-75-673762d503dc4.jpg?width=400 400w, https:\/\/bdc2020.o0bc.com\/wp-content\/uploads\/2024\/11\/LMPC-PX65-105-75-673762d503dc4.jpg?width=500 500w, https:\/\/bdc2020.o0bc.com\/wp-content\/uploads\/2024\/11\/LMPC-PX65-105-75-673762d503dc4.jpg?width=600 600w, https:\/\/bdc2020.o0bc.com\/wp-content\/uploads\/2024\/11\/LMPC-PX65-105-75-673762d503dc4.jpg?width=700 700w, https:\/\/bdc2020.o0bc.com\/wp-content\/uploads\/2024\/11\/LMPC-PX65-105-75-673762d503dc4.jpg?width=800 800w, https:\/\/bdc2020.o0bc.com\/wp-content\/uploads\/2024\/11\/LMPC-PX65-105-75-673762d503dc4.jpg?width=900 900w\" sizes=\"auto, (max-width: 680px) 100vw, 680px\"\/><figcaption class=\"wp-element-caption\">Uma fotografia da Look Magazine retratando o presidente John F. Kennedy sentado em uma cadeira perto de uma l\u00e2mpada brilhante. Um homem n\u00e3o identificado est\u00e1 sentado em primeiro plano.<i> \u2013 Revista LOOK, Biblioteca e Museu Presidencial Douglas Jones\/John F. Kennedy<\/i><\/figcaption><\/figure>\n<\/div>\n<div class=\"wp-block-column is-layout-flow wp-block-column-is-layout-flow\">\n<figure class=\"wp-block-image size-large\"><img loading=\"lazy\" decoding=\"async\" width=\"700\" height=\"1024\" src=\"https:\/\/bdc2020.o0bc.com\/wp-content\/uploads\/2024\/11\/IMG_3736-6737632cce1df-scaled-e1731683426488-700x1024.jpg\" alt=\"\" class=\"wp-image-32353717\" srcset=\"https:\/\/bdc2020.o0bc.com\/wp-content\/uploads\/2024\/11\/IMG_3736-6737632cce1df-scaled-e1731683426488-700x1024.jpg?width=200 200w, https:\/\/bdc2020.o0bc.com\/wp-content\/uploads\/2024\/11\/IMG_3736-6737632cce1df-scaled-e1731683426488-700x1024.jpg?width=300 300w, https:\/\/bdc2020.o0bc.com\/wp-content\/uploads\/2024\/11\/IMG_3736-6737632cce1df-scaled-e1731683426488-700x1024.jpg?width=400 400w, https:\/\/bdc2020.o0bc.com\/wp-content\/uploads\/2024\/11\/IMG_3736-6737632cce1df-scaled-e1731683426488-700x1024.jpg?width=500 500w, https:\/\/bdc2020.o0bc.com\/wp-content\/uploads\/2024\/11\/IMG_3736-6737632cce1df-scaled-e1731683426488-700x1024.jpg?width=600 600w, https:\/\/bdc2020.o0bc.com\/wp-content\/uploads\/2024\/11\/IMG_3736-6737632cce1df-scaled-e1731683426488-700x1024.jpg?width=700 700w, https:\/\/bdc2020.o0bc.com\/wp-content\/uploads\/2024\/11\/IMG_3736-6737632cce1df-scaled-e1731683426488-700x1024.jpg?width=800 800w, https:\/\/bdc2020.o0bc.com\/wp-content\/uploads\/2024\/11\/IMG_3736-6737632cce1df-scaled-e1731683426488-700x1024.jpg?width=900 900w\" sizes=\"auto, (max-width: 700px) 100vw, 700px\"\/><figcaption class=\"wp-element-caption\">O interior do apartamento de Jack King na Bowdoin Street, onde John F. Kennedy morava.<i> \u2013Kelly Chan<\/i><\/figcaption><\/figure>\n<\/div>\n<\/div>\n<p>O atual morador do Apt. 36 \u00e9 Jack King, ex-produtor da esta\u00e7\u00e3o de r\u00e1dio WBOS que agora trabalha na bolsa de valores. A casa de King \u00e9 como uma galeria, repleta de fotos de fam\u00edlia, mem\u00f3rias e obras de arte. As prateleiras da sala de estar exibem algumas recorda\u00e7\u00f5es de Kennedy, incluindo livros, fotos antigas e uma pequena est\u00e1tua do busto do ex-presidente.<\/p>\n<p>King mudou-se para l\u00e1 com suas duas filhas em 2004, depois de morar em uma unidade de um quarto do outro lado do corredor. Mesmo morando l\u00e1 h\u00e1 20 anos, ele ainda tem uma sensa\u00e7\u00e3o surreal no apartamento de vez em quando, lembrando que a presen\u00e7a de Kennedy tamb\u00e9m esteve l\u00e1. <\/p>\n<p>\u201cBarbeando-se na frente do mesmo espelho que ele fez. Tomando banho claramente onde ele costumava tomar banho. Tenho um pressentimento sobre isso \u2013 essa \u00e9 a minha parte favorita de morar aqui\u201d, disse ele.<\/p>\n<p>Ele costuma ver turistas tirando fotos do lado de fora do pr\u00e9dio e deu a muitos deles a oportunidade de ver o apartamento.<\/p>\n<p>\u201cEles n\u00e3o conseguem acreditar. Normalmente eles s\u00e3o mais velhos e realmente se lembram de JFK\u201d, disse King. \u201cEstou feliz em fazer isso.\u201d<\/p>\n<hr class=\"wp-block-separator has-alpha-channel-opacity is-style-red-pattern\"\/>\n<div class=\"o-author-single no-avatar\">\n<header class=\"m-author-card\">\n<div class=\"m-author-card__text\">\n<h3 class=\"m-author-card__title\"><a href=\"https:\/\/www.boston.com\/author\/kelly-chan\">Kelly Chan<\/a><\/h3>\n<p><span class=\"m-author-card__subtitle\">Produtor de conte\u00fado<\/span>\t<\/div>\n<\/header>\n<section class=\"author-info\">\n<hr class=\"m-author__section--hr\"\/>\n<div class=\"m-author__section\">\n<p>Kelly Chan \u00e9 produtora de conte\u00fado do Boston.com. Ela cria conte\u00fado multim\u00eddia no local e em plataformas de m\u00eddia social e experimenta novas maneiras de envolver os leitores.<\/p>\n<\/div>\n<hr class=\"m-author__section--hr\"\/>\t<\/section>\n<\/div>\n<div class=\"m-block m-generic-cta\t m-generic-cta--post-content\t m-generic-cta--dark\t m-generic-cta--homepage\t m-generic-cta--email-signup\t\t m-generic-cta-block-style--default \tt-amp__generic-cta\"><\/p>\n<div class=\"m-generic-cta__wrap\">\n<div class=\"m-generic-cta__content\">\n<h3 class=\"m-generic-cta__title\">Boston.com hoje<\/h3>\n<p class=\"m-generic-cta__subtitle\">Inscreva-se para receber as \u00faltimas manchetes em sua caixa de entrada todas as manh\u00e3s.<\/p>\n<\/p><\/div>\n<\/p><\/div>\n<\/div><\/div>\n<p><script>\n\t\tvar consent=\"grant\";\n\t\t\/* The above code is parsing the JSON data from the local storage and storing it in a variable. *\/\n\t\t\t\t\tconst onetrustStorageConsent = JSON.parse(localStorage.getItem( 'consent_one_trust_bdc' ) );\n\t\t\tif ( ( onetrustStorageConsent !== null ) ) {\n\t\t\t\t\/* Checking to see if the user has consented to the use of cookies.\n\t\t\t\t* If they have not, it is deleting the cookie.\n\t\t\t\t* This will comment for now, until further notice.\n\t\t\t\t*\/\n\t\t\t\t\/\/if ( onetrustStorageConsent.C0002 === false ) {\n\t\t\t\t\/\/\tdocument.cookie=\"_fbp=;expires=Thu, 01 Jan 2010 00:00:00 UTC; path=\/; domain=.boston.com\";\n\t\t\t\t\/\/}\n\t\t\t\t\/* Checking if the user has given consent for the cookie C0002.\n\t\t\t\t* If the user has given consent, the variable consent will be set to 'grant'.\n\t\t\t\t* If the user has not given consent,the variable consent will be set to 'revoke'.\n\t\t\t\t* Documentation https:\/\/developers.facebook.com\/docs\/meta-pixel\/implementation\/gdpr\n\t\t\t\t*\/\n\t\t\t\tif ( onetrustStorageConsent.C0002 !== true ) {\n\t\t\t\t\tconsent=\"revoke\";\n\t\t\t\t}\n\t\t\t}\n\t\t\t\t!function(f,b,e,v,n,t,s)\n\t\t{if(f.fbq)return;n=f.fbq=function(){n.callMethod?\n\t\tn.callMethod.apply(n,arguments):n.queue.push(arguments)};\n\t\tif(!f._fbq)f._fbq=n;n.push=n;n.loaded=!0;n.version='2.0';\n\t\tn.queue=[];t=b.createElement(e);t.async=!0;\n\t\tt.src=v;s=b.getElementsByTagName(e)[0];\n\t\ts.parentNode.insertBefore(t,s)}(window, document,'script',\n\t\t'https:\/\/connect.facebook.net\/en_US\/fbevents.js');\n\t\tfbq('consent', consent);\n\t\tfbq('init', '989222871864976');\n\t\tfbq('track', 'PageView');\n\t<\/script><script type=\"module\">\n\t\tvar consent=\"grant\";\n\t\t\/* The above code is parsing the JSON data from the local storage and storing it in a variable. *\/\n\t\t\tconst onetrustStorageConsent = JSON.parse(localStorage.getItem( 'consent_one_trust_bdc' ) );\n\t\t\t\/* Checking to see if the user has consented to the use of cookies.\n\t\t\t* If they have not, it is deleting the cookie.\n\t\t\t* This will comment for now, until further notice.\n\t\t\t*\/\n\t\t\t\/\/if ( onetrustStorageConsent.C0002 === false ) {\n\t\t\t\/\/\tdocument.cookie=\"_fbp=;expires=Thu, 01 Jan 2010 00:00:00 UTC; path=\/; domain=.boston.com\";\n\t\t\t\/\/}\n\t\t\t\/* Checking if the user has given consent for the cookie C0002.\n\t\t\t* If the user has given consent, the variable consent will be set to 'grant'.\n\t\t\t* If the user has not given consent,the variable consent will be set to 'revoke'.\n\t\t\t* Documentation https:\/\/developers.facebook.com\/docs\/meta-pixel\/implementation\/gdpr\n\t\t\t*\/\n\t\t\tif ( ( onetrustStorageConsent !== null ) && (onetrustStorageConsent.C0002 !== true ) ) {\n\t\t\t\tconsent=\"revoke\";\n\t\t\t}\n\t\t\t\t!function(f,b,e,v,n,t,s){if(f.fbq)return;n=f.fbq=function()\n\t\t{n.callMethod? n.callMethod.apply(n,arguments):n.queue.push(arguments)}\n\t\t;if(!f._fbq)f._fbq=n;\n\t\tn.push=n;n.loaded=!0;n.version='2.0';n.queue=[];t=b.createElement(e);t.async=!0;\n\t\tt.src=v;s=b.getElementsByTagName(e)[0];s.parentNode.insertBefore(t,s)}(window,\n\t\tdocument,'script','https:\/\/connect.facebook.net\/en_US\/fbevents.js');\n\t\tfbq('consent', consent);\n\t\tfbq('init', '813236348753005');\n\t\tfbq('track', \"PageView\");\n\t<\/script><br \/>\n<br \/><br \/>\n<br \/><a href=\"https:\/\/www.boston.com\/news\/wickedpedia\/2024\/11\/20\/jfk-boston-apartment\/\">Source link <\/a><\/p>","protected":false},"excerpt":{"rendered":"<p>P\u00e9dia Malvada Este apartamento em Beacon Hill era seu endere\u00e7o mais antigo em Boston. O senador John F. Kennedy est\u00e1 sentado em seu apartamento na Bowdoin Street, em Boston, em&hellip;<\/p>","protected":false},"author":1,"featured_media":62550,"comment_status":"closed","ping_status":"open","sticky":false,"template":"","format":"standard","meta":{"content-type":"","footnotes":""},"categories":[1],"tags":[],"class_list":["post-62549","post","type-post","status-publish","format-standard","has-post-thumbnail","hentry","category-uncategorized"],"_links":{"self":[{"href":"https:\/\/tvbrazilusa.com\/pt\/wp-json\/wp\/v2\/posts\/62549","targetHints":{"allow":["GET"]}}],"collection":[{"href":"https:\/\/tvbrazilusa.com\/pt\/wp-json\/wp\/v2\/posts"}],"about":[{"href":"https:\/\/tvbrazilusa.com\/pt\/wp-json\/wp\/v2\/types\/post"}],"author":[{"embeddable":true,"href":"https:\/\/tvbrazilusa.com\/pt\/wp-json\/wp\/v2\/users\/1"}],"replies":[{"embeddable":true,"href":"https:\/\/tvbrazilusa.com\/pt\/wp-json\/wp\/v2\/comments?post=62549"}],"version-history":[{"count":1,"href":"https:\/\/tvbrazilusa.com\/pt\/wp-json\/wp\/v2\/posts\/62549\/revisions"}],"predecessor-version":[{"id":62551,"href":"https:\/\/tvbrazilusa.com\/pt\/wp-json\/wp\/v2\/posts\/62549\/revisions\/62551"}],"wp:featuredmedia":[{"embeddable":true,"href":"https:\/\/tvbrazilusa.com\/pt\/wp-json\/wp\/v2\/media\/62550"}],"wp:attachment":[{"href":"https:\/\/tvbrazilusa.com\/pt\/wp-json\/wp\/v2\/media?parent=62549"}],"wp:term":[{"taxonomy":"category","embeddable":true,"href":"https:\/\/tvbrazilusa.com\/pt\/wp-json\/wp\/v2\/categories?post=62549"},{"taxonomy":"post_tag","embeddable":true,"href":"https:\/\/tvbrazilusa.com\/pt\/wp-json\/wp\/v2\/tags?post=62549"}],"curies":[{"name":"wp","href":"https:\/\/api.w.org\/{rel}","templated":true}]}}