{"id":62585,"date":"2024-11-20T13:01:28","date_gmt":"2024-11-20T13:01:28","guid":{"rendered":"https:\/\/tvbrazilusa.com\/2024\/11\/20\/policia-federal-solicita-a-anulacao-da-delacao-premiada-de-mauro-cid-2\/"},"modified":"2024-11-20T13:01:29","modified_gmt":"2024-11-20T13:01:29","slug":"policia-federal-solicita-a-anulacao-da-delacao-premiada-de-mauro-cid-2","status":"publish","type":"post","link":"https:\/\/tvbrazilusa.com\/pt\/2024\/11\/20\/policia-federal-solicita-a-anulacao-da-delacao-premiada-de-mauro-cid-2\/","title":{"rendered":"Pol\u00edcia Federal solicita a anula\u00e7\u00e3o da dela\u00e7\u00e3o premiada de Mauro Cid"},"content":{"rendered":"<p> <script async src=\"https:\/\/pagead2.googlesyndication.com\/pagead\/js\/adsbygoogle.js?client=ca-pub-8864793242727901\"\r\n     crossorigin=\"anonymous\"><\/script><br \/>\n<\/p>\n<div id=\"taboola-read-more\" style=\"display:block; width:100%\">\n<p>Em relat\u00f3rio encaminhado no in\u00edcio da noite desta ter\u00e7a-feira, 19, ao ministro do STF Alexandre de Moraes, investigadores da Pol\u00edcia Federal respons\u00e1veis pelas apura\u00e7\u00f5es sobre a suposta tentativa de se dar um golpe de Estado pediram a anula\u00e7\u00e3o do acordo de dela\u00e7\u00e3o premiada do tenente-coronel Mauro Cid.\n<\/p>\n<p>Como mostramos mais cedo, integrantes da PF j\u00e1 suscitavam essa possibilidade diante de v\u00e1rias omiss\u00f5es consideradas graves em depoimentos prestados pelo militar, que foi ajudante de ordens de Jair Bolsonaro.<\/p>\n<p>O pedido da PF j\u00e1 est\u00e1 em posse do ministro Alexandre de Moraes. A expectativa de integrantes da Pol\u00edcia Federal \u00e9 que esse pedido seja avaliado pelo magistrado nas pr\u00f3ximas horas. Antes de tomar uma decis\u00e3o, Moraes j\u00e1 solicitou aval do procurador-geral da Rep\u00fablica, Paulo Gonet.\n<\/p>\n<p>Nesta ter\u00e7a-feira, Mauro Cid prestou depoimento na sede da Pol\u00edcia Federal em Bras\u00edlia. No entanto, na vis\u00e3o de investigadores, Cid entrou em contradi\u00e7\u00e3o em v\u00e1rios momentos e n\u00e3o conseguiu explicar por qual motivo n\u00e3o entregou aos integrantes da PF o detalhamento do suposto plano para ser \u201cneutralizar\u201d o presidente Lula, o vice-presidente Geraldo Alckmin e o ministro do STF Alexandre de Moraes.\n<\/p>\n<p>As suspeitas contra Cid ocorreram ap\u00f3s a PF conseguir recuperar v\u00e1rias informa\u00e7\u00f5es do celular do ex-ajudante de ordens de Bolsonaro ao longo deste ano. O recolhimento de dados ocorreu ap\u00f3s o aparelho ser escaneado por um equipamento de investiga\u00e7\u00e3o israelense.\n<\/p>\n<p>Foi gra\u00e7as a esse equipamento que a PF descobriu, em setembro, que militares como o ent\u00e3o chefe substituto da Secretaria-Geral da Presid\u00eancia da Rep\u00fablica general de brigada M\u00e1rio Fernandes monitoraram as rotinas de Lula e de Alexandre de Moraes.\n<\/p>\n<p>O depoimento de Cid desta ter\u00e7a-feira j\u00e1 estava previsto, mas com o desencadeamento da Opera\u00e7\u00e3o Contragolpe a oitiva ganhou novos contornos. Como adiantamos, os investigadores poderiam mudar de ideia em rela\u00e7\u00e3o ao um eventual pedido de cancelamento da dela\u00e7\u00e3o apenas se Mauro Cid apresentasse uma justificativa plaus\u00edvel para essas omiss\u00f5es consideradas graves.\n<\/p>\n<p>Mauro Cid foi preso em maior de 2023 e permaneceu sob cust\u00f3dia do Batalh\u00e3o do Ex\u00e9rcito at\u00e9 setembro do ano passado. Na ocasi\u00e3o, Cid confirmou que Jair Bolsonaro participou de uma reuni\u00e3o com a c\u00fapula das For\u00e7as Armadas para discutir detalhes de um suposto golpe. Na vis\u00e3o dos investigadores, no entanto, isso pode ter sido apenas \u2018a ponta do iceberg\u2019.\n<\/p>\n<p>E esse \u00e9 um ponto que sempre incomodou os investigadores, conforme apurou este portal. Na vis\u00e3o dos integrantes da PF, Mauro Cid poderia ter colaborado mais com as investiga\u00e7\u00f5es. E pela lei de dela\u00e7\u00e3o premiada, o investigado precisa auxiliar nas investiga\u00e7\u00f5es de forma \u2018espont\u00e2nea\u2019, algo que n\u00e3o tem ocorrido com o ex-ajudante de ordens de Jair Bolsonaro na vis\u00e3o da PF.<\/p>\n<p>Fonte: O antagonista              <\/p>\n<\/div>\n<p><br \/>\n<br \/><a href=\"https:\/\/diariodobrasilnoticias.com.br\/noticia\/policia-federal-solicita-a-anulacao-da-delacao-premiada-de-mauro-cid-673dbd793b91d\">Source link <\/a><\/p>","protected":false},"excerpt":{"rendered":"<p>Em relat\u00f3rio encaminhado no in\u00edcio da noite desta ter\u00e7a-feira, 19, ao ministro do STF Alexandre de Moraes, investigadores da Pol\u00edcia Federal respons\u00e1veis pelas apura\u00e7\u00f5es sobre a suposta tentativa de se&hellip;<\/p>","protected":false},"author":1,"featured_media":62553,"comment_status":"closed","ping_status":"open","sticky":false,"template":"","format":"standard","meta":{"content-type":"","footnotes":""},"categories":[16],"tags":[123,2448,5313,1267],"class_list":["post-62585","post","type-post","status-publish","format-standard","has-post-thumbnail","hentry","category-noticias","tag-brasil","tag-diario","tag-noticia","tag-noticias"],"_links":{"self":[{"href":"https:\/\/tvbrazilusa.com\/pt\/wp-json\/wp\/v2\/posts\/62585","targetHints":{"allow":["GET"]}}],"collection":[{"href":"https:\/\/tvbrazilusa.com\/pt\/wp-json\/wp\/v2\/posts"}],"about":[{"href":"https:\/\/tvbrazilusa.com\/pt\/wp-json\/wp\/v2\/types\/post"}],"author":[{"embeddable":true,"href":"https:\/\/tvbrazilusa.com\/pt\/wp-json\/wp\/v2\/users\/1"}],"replies":[{"embeddable":true,"href":"https:\/\/tvbrazilusa.com\/pt\/wp-json\/wp\/v2\/comments?post=62585"}],"version-history":[{"count":1,"href":"https:\/\/tvbrazilusa.com\/pt\/wp-json\/wp\/v2\/posts\/62585\/revisions"}],"predecessor-version":[{"id":62586,"href":"https:\/\/tvbrazilusa.com\/pt\/wp-json\/wp\/v2\/posts\/62585\/revisions\/62586"}],"wp:featuredmedia":[{"embeddable":true,"href":"https:\/\/tvbrazilusa.com\/pt\/wp-json\/wp\/v2\/media\/62553"}],"wp:attachment":[{"href":"https:\/\/tvbrazilusa.com\/pt\/wp-json\/wp\/v2\/media?parent=62585"}],"wp:term":[{"taxonomy":"category","embeddable":true,"href":"https:\/\/tvbrazilusa.com\/pt\/wp-json\/wp\/v2\/categories?post=62585"},{"taxonomy":"post_tag","embeddable":true,"href":"https:\/\/tvbrazilusa.com\/pt\/wp-json\/wp\/v2\/tags?post=62585"}],"curies":[{"name":"wp","href":"https:\/\/api.w.org\/{rel}","templated":true}]}}