{"id":62590,"date":"2024-11-20T13:16:50","date_gmt":"2024-11-20T13:16:50","guid":{"rendered":"https:\/\/tvbrazilusa.com\/2024\/11\/20\/moraes-se-coloca-como-possivel-vitima-e-juiz-simultaneamente-mencionando-seu-nome-44-vezes-na-decisao\/"},"modified":"2024-11-20T13:16:52","modified_gmt":"2024-11-20T13:16:52","slug":"moraes-se-coloca-como-possivel-vitima-e-juiz-simultaneamente-mencionando-seu-nome-44-vezes-na-decisao","status":"publish","type":"post","link":"https:\/\/tvbrazilusa.com\/pt\/2024\/11\/20\/moraes-se-coloca-como-possivel-vitima-e-juiz-simultaneamente-mencionando-seu-nome-44-vezes-na-decisao\/","title":{"rendered":"Moraes se coloca como poss\u00edvel v\u00edtima e juiz simultaneamente, mencionando seu nome 44 vezes na decis\u00e3o"},"content":{"rendered":"<p> <script async src=\"https:\/\/pagead2.googlesyndication.com\/pagead\/js\/adsbygoogle.js?client=ca-pub-8864793242727901\"\r\n     crossorigin=\"anonymous\"><\/script><br \/>\n<\/p>\n<div id=\"taboola-read-more\" style=\"display:block; width:100%\">\n<p>O ministro Alexandre de Moraes, do Supremo Tribunal Federal (STF), autorizou uma opera\u00e7\u00e3o da Pol\u00edcia Federal nesta ter\u00e7a-feira, 19, para apurar uma suposta tentativa de golpe de golpe de Estado. Ele tornou-se figura central na pr\u00f3pria decis\u00e3o e citou-se 44 vezes no texto que fundamenta a medida.\n<\/p>\n<p>A investiga\u00e7\u00e3o aponta um suposto plano de assassinato envolvendo Moraes, o presidente Luiz In\u00e1cio Lula da Silva (PT) e o vice-presidente Geraldo Alckmin (PSB). Na decis\u00e3o, os dois pol\u00edticos foram mencionados 16 e 12 vezes, respectivamente.<\/p>\n<p>Na an\u00e1lise do caso, Moraes reproduziu trechos das investiga\u00e7\u00f5es realizadas pela Pol\u00edcia Federal. Um dos pontos destacados trata da an\u00e1lise de dados obtidos por meio da opera\u00e7\u00e3o Tempus Veritatis.\n<\/p>\n<p>Essa investiga\u00e7\u00e3o revelou informa\u00e7\u00f5es sobre o monitoramento dos movimentos do ministro. A PF atribuiu essa atividade a Rafael Oliveira, um dos investigados. No texto, o magistrado transcreveu os resultados do inqu\u00e9rito em terceira pessoa.\n<\/p>\n<p>Moraes tamb\u00e9m \u00e9 protagonista do pol\u00eamico inqu\u00e9rito das\u00a0<em>fake news<\/em>, iniciado em 2019. Esse inqu\u00e9rito tem servido como base para decis\u00f5es conduzidas por ele pr\u00f3prio. A investiga\u00e7\u00e3o o STF abriu sem provoca\u00e7\u00e3o do Minist\u00e9rio P\u00fablico, com base em interpreta\u00e7\u00e3o de seu regimento interno. O objetivo inicial era investigar supostas not\u00edcias falsas, amea\u00e7as e cal\u00fanias contra ministros da Corte e seus familiares.\n<\/p>\n<div class=\"autozep-outer\">Em outra investiga\u00e7\u00e3o, que envolve uma minuta de decreto para implementar um suposto plano de golpe de Estado, a defesa do ex-presidente Jair Bolsonaro tentou afastar Moraes do caso. Os advogados alegaram que o ministro teria interesse direto no desfecho do processo. Lu\u00eds Roberto Barroso, presidente do STF, rejeitou o pedido. Ele considerou o argumento gen\u00e9rico e sem fundamenta\u00e7\u00e3o jur\u00eddica clara.<\/p>\n<p>Alexandre de Moraes j\u00e1 exerceu simultaneamente os pap\u00e9is de parte e de juiz em outros casos<br \/>Em maio deste ano, Moraes determinou que a Pol\u00edcia Federal prendesse dois suspeitos por envolvimento em amea\u00e7as contra ele e seus familiares. Na ocasi\u00e3o, o fuzileiro naval Raul Fonseca de Oliveira e seu irm\u00e3o, Oliverino de Oliveira J\u00fanior, foram presos.<\/p>\n<p>Logo depois, o ministro se declarou impedido de continuar no caso. No entanto, manteve a relatoria de um trecho da investiga\u00e7\u00e3o que apura a tentativa de aboli\u00e7\u00e3o do Estado democr\u00e1tico de Direito por meio de viol\u00eancia ou grave amea\u00e7a. Nesse contexto, o ministro decidiu manter a pris\u00e3o preventiva dos dois investigados e argumentou que havia \u201cfortes ind\u00edcios de autoria\u201d.<\/p>\n<p>Em julho do ano passado, a PF abriu um inqu\u00e9rito relacionado \u00e0s hostilidades sofridas por Moraes e seus familiares. O epis\u00f3dio ocorreu no Aeroporto Internacional de Roma, onde um grupo de brasileiros os xingou. Posteriormente, o ministro se afastou do julgamento colegiado de dois recursos relacionados a esse inqu\u00e9rito.<\/p>\n<\/div>\n<p>\u00a0<\/p>\n<p>Fonte: Revista Oeste<\/p>\n<\/p><\/div>\n<p><br \/>\n<br \/><a href=\"https:\/\/diariodobrasilnoticias.com.br\/noticia\/moraes-se-coloca-como-possivel-vitima-e-juiz-simultaneamente-mencionando-seu-nome-44-vezes-na-decisao-673dc2427c2da\">Source link <\/a><\/p>","protected":false},"excerpt":{"rendered":"<p>O ministro Alexandre de Moraes, do Supremo Tribunal Federal (STF), autorizou uma opera\u00e7\u00e3o da Pol\u00edcia Federal nesta ter\u00e7a-feira, 19, para apurar uma suposta tentativa de golpe de golpe de Estado.&hellip;<\/p>","protected":false},"author":1,"featured_media":62591,"comment_status":"closed","ping_status":"open","sticky":false,"template":"","format":"standard","meta":{"content-type":"","footnotes":""},"categories":[16],"tags":[123,2448,5313,1267],"class_list":["post-62590","post","type-post","status-publish","format-standard","has-post-thumbnail","hentry","category-noticias","tag-brasil","tag-diario","tag-noticia","tag-noticias"],"_links":{"self":[{"href":"https:\/\/tvbrazilusa.com\/pt\/wp-json\/wp\/v2\/posts\/62590","targetHints":{"allow":["GET"]}}],"collection":[{"href":"https:\/\/tvbrazilusa.com\/pt\/wp-json\/wp\/v2\/posts"}],"about":[{"href":"https:\/\/tvbrazilusa.com\/pt\/wp-json\/wp\/v2\/types\/post"}],"author":[{"embeddable":true,"href":"https:\/\/tvbrazilusa.com\/pt\/wp-json\/wp\/v2\/users\/1"}],"replies":[{"embeddable":true,"href":"https:\/\/tvbrazilusa.com\/pt\/wp-json\/wp\/v2\/comments?post=62590"}],"version-history":[{"count":1,"href":"https:\/\/tvbrazilusa.com\/pt\/wp-json\/wp\/v2\/posts\/62590\/revisions"}],"predecessor-version":[{"id":62592,"href":"https:\/\/tvbrazilusa.com\/pt\/wp-json\/wp\/v2\/posts\/62590\/revisions\/62592"}],"wp:featuredmedia":[{"embeddable":true,"href":"https:\/\/tvbrazilusa.com\/pt\/wp-json\/wp\/v2\/media\/62591"}],"wp:attachment":[{"href":"https:\/\/tvbrazilusa.com\/pt\/wp-json\/wp\/v2\/media?parent=62590"}],"wp:term":[{"taxonomy":"category","embeddable":true,"href":"https:\/\/tvbrazilusa.com\/pt\/wp-json\/wp\/v2\/categories?post=62590"},{"taxonomy":"post_tag","embeddable":true,"href":"https:\/\/tvbrazilusa.com\/pt\/wp-json\/wp\/v2\/tags?post=62590"}],"curies":[{"name":"wp","href":"https:\/\/api.w.org\/{rel}","templated":true}]}}