{"id":62719,"date":"2024-11-20T17:04:48","date_gmt":"2024-11-20T17:04:48","guid":{"rendered":"https:\/\/tvbrazilusa.com\/2024\/11\/20\/urgente-aviao-de-pequeno-porte-cai-no-interior-de-goias\/"},"modified":"2024-11-20T17:04:49","modified_gmt":"2024-11-20T17:04:49","slug":"urgente-aviao-de-pequeno-porte-cai-no-interior-de-goias","status":"publish","type":"post","link":"https:\/\/tvbrazilusa.com\/pt\/2024\/11\/20\/urgente-aviao-de-pequeno-porte-cai-no-interior-de-goias\/","title":{"rendered":"URGENTE: Avi\u00e3o de pequeno porte cai no interior de Goi\u00e1s"},"content":{"rendered":"<p> <script async src=\"https:\/\/pagead2.googlesyndication.com\/pagead\/js\/adsbygoogle.js?client=ca-pub-8864793242727901\"\r\n     crossorigin=\"anonymous\"><\/script><br \/>\n<\/p>\n<div id=\"taboola-read-more\" style=\"display:block; width:100%\">\n<p>Um avi\u00e3o de pequeno porte caiu em uma fazenda de Quirin\u00f3polis, no interior de Goi\u00e1s, na manh\u00e3 desta quarta-feira (20). O piloto, que era a \u00fanica pessoa a bordo, morreu.\n<\/p>\n<div id=\"mid2\" class=\"custom__ad__element\" data-google-query-id=\"COHbuY2V64kDFWCEYQYdMi8qxw\">\n<p>Segundo o Corpo de Bombeiros, a aeronave \u00e9 de combate agr\u00edcola e foi encontrada em uma lavoura de cana de a\u00e7\u00facar a aproximadamente 1 quil\u00f4metro da cabeceira da pista do aeroporto municipal do munic\u00edpio.<\/p>\n<p>Os agentes isolaram o local at\u00e9 a chegada da Pol\u00edcia T\u00e9cnico Cient\u00edfica e do Cenipa (Centro de Investiga\u00e7\u00e3o e Preven\u00e7\u00e3o de Acidentes Aeron\u00e1uticos) para fazer a retirada do corpo.<\/p>\n<p>Fonte: CNN Brasil\n<\/p>\n<\/div><\/div>\n<p><br \/>\n<br \/><a href=\"https:\/\/diariodobrasilnoticias.com.br\/noticia\/urgente-aviao-de-pequeno-porte-cai-no-interior-de-goias-673df84a2292e\">Source link <\/a><\/p>","protected":false},"excerpt":{"rendered":"<p>Um avi\u00e3o de pequeno porte caiu em uma fazenda de Quirin\u00f3polis, no interior de Goi\u00e1s, na manh\u00e3 desta quarta-feira (20). O piloto, que era a \u00fanica pessoa a bordo, morreu.&hellip;<\/p>","protected":false},"author":1,"featured_media":62720,"comment_status":"closed","ping_status":"open","sticky":false,"template":"","format":"standard","meta":{"content-type":"","footnotes":""},"categories":[16],"tags":[123,2448,5313,1267],"class_list":["post-62719","post","type-post","status-publish","format-standard","has-post-thumbnail","hentry","category-noticias","tag-brasil","tag-diario","tag-noticia","tag-noticias"],"_links":{"self":[{"href":"https:\/\/tvbrazilusa.com\/pt\/wp-json\/wp\/v2\/posts\/62719","targetHints":{"allow":["GET"]}}],"collection":[{"href":"https:\/\/tvbrazilusa.com\/pt\/wp-json\/wp\/v2\/posts"}],"about":[{"href":"https:\/\/tvbrazilusa.com\/pt\/wp-json\/wp\/v2\/types\/post"}],"author":[{"embeddable":true,"href":"https:\/\/tvbrazilusa.com\/pt\/wp-json\/wp\/v2\/users\/1"}],"replies":[{"embeddable":true,"href":"https:\/\/tvbrazilusa.com\/pt\/wp-json\/wp\/v2\/comments?post=62719"}],"version-history":[{"count":1,"href":"https:\/\/tvbrazilusa.com\/pt\/wp-json\/wp\/v2\/posts\/62719\/revisions"}],"predecessor-version":[{"id":62721,"href":"https:\/\/tvbrazilusa.com\/pt\/wp-json\/wp\/v2\/posts\/62719\/revisions\/62721"}],"wp:featuredmedia":[{"embeddable":true,"href":"https:\/\/tvbrazilusa.com\/pt\/wp-json\/wp\/v2\/media\/62720"}],"wp:attachment":[{"href":"https:\/\/tvbrazilusa.com\/pt\/wp-json\/wp\/v2\/media?parent=62719"}],"wp:term":[{"taxonomy":"category","embeddable":true,"href":"https:\/\/tvbrazilusa.com\/pt\/wp-json\/wp\/v2\/categories?post=62719"},{"taxonomy":"post_tag","embeddable":true,"href":"https:\/\/tvbrazilusa.com\/pt\/wp-json\/wp\/v2\/tags?post=62719"}],"curies":[{"name":"wp","href":"https:\/\/api.w.org\/{rel}","templated":true}]}}