{"id":62728,"date":"2024-11-20T17:17:16","date_gmt":"2024-11-20T17:17:16","guid":{"rendered":"https:\/\/tvbrazilusa.com\/2024\/11\/20\/cabos-submarinos-que-conectam-finlandia-a-alemanha-e-lituania-a-suecia-sao-cortados-autoridades-investigam-e-alertam-sobre-possivel-guerra-hibrida\/"},"modified":"2024-11-20T17:17:17","modified_gmt":"2024-11-20T17:17:17","slug":"cabos-submarinos-que-conectam-finlandia-a-alemanha-e-lituania-a-suecia-sao-cortados-autoridades-investigam-e-alertam-sobre-possivel-guerra-hibrida","status":"publish","type":"post","link":"https:\/\/tvbrazilusa.com\/pt\/2024\/11\/20\/cabos-submarinos-que-conectam-finlandia-a-alemanha-e-lituania-a-suecia-sao-cortados-autoridades-investigam-e-alertam-sobre-possivel-guerra-hibrida\/","title":{"rendered":"Cabos submarinos que conectam Finl\u00e2ndia \u00e0 Alemanha e Litu\u00e2nia \u00e0 Su\u00e9cia s\u00e3o cortados. Autoridades investigam e alertam sobre poss\u00edvel &#8216;guerra h\u00edbrida&#8217;"},"content":{"rendered":"<p> <script async src=\"https:\/\/pagead2.googlesyndication.com\/pagead\/js\/adsbygoogle.js?client=ca-pub-8864793242727901\"\r\n     crossorigin=\"anonymous\"><\/script><br \/>\n<\/p>\n<div id=\"taboola-read-more\" style=\"display:block; width:100%\">\n<p>Um cabo submarino no Mar B\u00e1ltico, que liga a Finl\u00e2ndia \u00e0 Alemanha, deixou de funcionar esta segunda-feira, confirmaram os operadores dos dois pa\u00edses. As autoridades de Hels\u00ednquia e Berlim anunciaram que est\u00e3o a investigar o caso e levantaram suspeitas de sabotagem.\n<\/p>\n<p>Num comunicado conjunto, os ministros dos Neg\u00f3cios Estrangeiros dos dois pa\u00edses sublinharam que \u201co facto de tal incidente levantar imediatamente suspeitas de danos intencionais diz muito sobre a volatilidade deste tempo\u201d. \u201cA nossa seguran\u00e7a europeia est\u00e1 n\u00e3o s\u00f3 sob amea\u00e7a da guerra de agress\u00e3o russa contra a Ucr\u00e2nia, mas tamb\u00e9m de uma guerra h\u00edbrida por parte de atores maliciosos\u201d, referem, acrescentando que a prote\u00e7\u00e3o das infraestruturas comuns \u00e9 vital para \u201ca resili\u00eancia das nossas sociedades.\u201d<\/p>\n<p>Cortes acidentais, espionagem ou sabotagem. Os cabos submarinos podem ser armas de guerra?\n<\/p>\n<p>O cabo submarino que foi afetado (C-Lion1) tem cerca de 1.200 quil\u00f3metros e liga Hels\u00ednquia a Rostock. \u00c9 o \u00fanico que conecta a Finl\u00e2ndia \u00e0 Europa central e \u00e9 operado pela empresa estatal finlandesa Cinia, que tamb\u00e9m j\u00e1 est\u00e1 a investigar o incidente. Para j\u00e1 a companhia n\u00e3o avan\u00e7ou nenhuma explica\u00e7\u00e3o sobre o que se ter\u00e1 passado, mas o diretor executivo disse em confer\u00eancia de imprensa que a quebra repentina implicava que o cabo foi cortado por uma for\u00e7a externa. Acrescentou, segundo a CNN, que ainda n\u00e3o se realizou uma inspe\u00e7\u00e3o f\u00edsica para verificar os danos.\n<\/p>\n<p>O chefe de comunica\u00e7\u00e3o do Centro de Ciberseguran\u00e7a Nacional finland\u00eas disse que \u201cde tempos a tempos\u201d podem acontecer alguns \u201cdist\u00farbios\u201d, provocados por v\u00e1rios fatores. \u201c[Os cabos] s\u00e3o suscet\u00edveis \u00e0s condi\u00e7\u00f5es do clima e a incidentes com navios. O importante \u00e9 que os problemas sejam identificados e que se tomem medidas para os resolver\u201d, disse Samuli Bergstr\u00f6m \u00e0 emissora finlandesa YLE.\n<\/p>\n<p>Bergstr\u00f6m lembrou que as conex\u00f5es que partem da Finl\u00e2ndia v\u00e3o para diferentes pontos do globo. \u201cAgora uma destas conex\u00f5es foi quebrada, o que pode sobrecarregar outras\u201d, admitiu, notando ainda assim que os efeitos \u201cprovavelmente n\u00e3o s\u00e3o vis\u00edveis para o cidad\u00e3o comum.\u201d\n<\/p>\n<p>No domingo tamb\u00e9m j\u00e1 tinha sido detetado um problema com um cabo submarino que liga a Litu\u00e2nia e a Su\u00e9cia que afetou o servi\u00e7o de internet. Em declara\u00e7\u00f5es \u00e0 CNN, uma porta-voz da empresa que o gere (Telia) disse que a situa\u00e7\u00e3o ter\u00e1 sido provocada por \u201cdanos f\u00edsicos \u00e0 fibra \u00f3tica do cabo\u201d.\n<\/p>\n<p>Esta ter\u00e7a-feira, o Centro Nacional de Gest\u00e3o de Crises da Litu\u00e2nia (NKVC, no original) avan\u00e7ou com outra tese, admitindo a hip\u00f3tese de sabotagem como origem da avaria. \u00c0 imprensa, o diretor do NKVC, Vilmantas Vitkauskas, afirmou que os danos no cabo entre a Litu\u00e2nia e a Su\u00e9cia reduziram em cerca de um ter\u00e7o a capacidade de transmiss\u00e3o de dados e de outras telecomunica\u00e7\u00f5es, mas o tr\u00e1fego foi desviado para outras liga\u00e7\u00f5es submarinas.\n<\/p>\n<p>\u201cEstamos a recolher todos os dados das autoridades e dos nossos pa\u00edses parceiros na regi\u00e3o, que est\u00e3o a monitorizar o que aconteceu exatamente no mar nesse dia ou nessa noite\u201d, acrescentou o respons\u00e1vel, considerando ser precoce determinar o tipo de danos envolvidos.\n<\/p>\n<p>Por\u00e9m, de acordo com os especialistas, indicou o respons\u00e1vel, a avaria n\u00e3o parece estar relacionada com um fen\u00f3meno natural, mas com uma a\u00e7\u00e3o humana acidental ou deliberada.\n<\/p>\n<p>O Minist\u00e9rio P\u00fablico da Litu\u00e2nia tamb\u00e9m abriu um inqu\u00e9rito, tendo a porta-voz Elena Martinoniene afirmado \u00e0 ag\u00eancia noticiosa EFE que a institui\u00e7\u00e3o est\u00e1 ciente dos danos no cabo, mas n\u00e3o quis comentar as medidas que foram tomadas.\n<\/p>\n<p>Os incidentes acontecem algumas semanas depois dos Estados Unidos terem alertado para o aumento de atividades militares russos junto de cabos submarinos importantes. Duas fontes norte-americanas disseram \u00e0 CNN que Washington acreditava que era prov\u00e1vel que a R\u00fassia lan\u00e7asse opera\u00e7\u00f5es de sabotagem para atingir estas infraestruturas.<\/p>\n<p>Fonte: Observador              <\/p>\n<\/div>\n<p><br \/>\n<br \/><a href=\"https:\/\/diariodobrasilnoticias.com.br\/noticia\/cabos-submarinos-que-conectam-finlandia-a-alemanha-e-lituania-a-suecia-sao-cortados-autoridades-investigam-e-alertam-sobre-possivel-guerra-hibrida-673df784c545a\">Source link <\/a><\/p>","protected":false},"excerpt":{"rendered":"<p>Um cabo submarino no Mar B\u00e1ltico, que liga a Finl\u00e2ndia \u00e0 Alemanha, deixou de funcionar esta segunda-feira, confirmaram os operadores dos dois pa\u00edses. As autoridades de Hels\u00ednquia e Berlim anunciaram&hellip;<\/p>","protected":false},"author":1,"featured_media":62729,"comment_status":"closed","ping_status":"open","sticky":false,"template":"","format":"standard","meta":{"content-type":"","footnotes":""},"categories":[16],"tags":[123,2448,5313,1267],"class_list":["post-62728","post","type-post","status-publish","format-standard","has-post-thumbnail","hentry","category-noticias","tag-brasil","tag-diario","tag-noticia","tag-noticias"],"_links":{"self":[{"href":"https:\/\/tvbrazilusa.com\/pt\/wp-json\/wp\/v2\/posts\/62728","targetHints":{"allow":["GET"]}}],"collection":[{"href":"https:\/\/tvbrazilusa.com\/pt\/wp-json\/wp\/v2\/posts"}],"about":[{"href":"https:\/\/tvbrazilusa.com\/pt\/wp-json\/wp\/v2\/types\/post"}],"author":[{"embeddable":true,"href":"https:\/\/tvbrazilusa.com\/pt\/wp-json\/wp\/v2\/users\/1"}],"replies":[{"embeddable":true,"href":"https:\/\/tvbrazilusa.com\/pt\/wp-json\/wp\/v2\/comments?post=62728"}],"version-history":[{"count":1,"href":"https:\/\/tvbrazilusa.com\/pt\/wp-json\/wp\/v2\/posts\/62728\/revisions"}],"predecessor-version":[{"id":62730,"href":"https:\/\/tvbrazilusa.com\/pt\/wp-json\/wp\/v2\/posts\/62728\/revisions\/62730"}],"wp:featuredmedia":[{"embeddable":true,"href":"https:\/\/tvbrazilusa.com\/pt\/wp-json\/wp\/v2\/media\/62729"}],"wp:attachment":[{"href":"https:\/\/tvbrazilusa.com\/pt\/wp-json\/wp\/v2\/media?parent=62728"}],"wp:term":[{"taxonomy":"category","embeddable":true,"href":"https:\/\/tvbrazilusa.com\/pt\/wp-json\/wp\/v2\/categories?post=62728"},{"taxonomy":"post_tag","embeddable":true,"href":"https:\/\/tvbrazilusa.com\/pt\/wp-json\/wp\/v2\/tags?post=62728"}],"curies":[{"name":"wp","href":"https:\/\/api.w.org\/{rel}","templated":true}]}}