{"id":62736,"date":"2024-11-20T17:29:36","date_gmt":"2024-11-20T17:29:36","guid":{"rendered":"https:\/\/tvbrazilusa.com\/2024\/11\/20\/trump-e-seu-superaliado-elon-musk-tem-incomodado-a-imprensa-americana\/"},"modified":"2024-11-20T17:29:37","modified_gmt":"2024-11-20T17:29:37","slug":"trump-e-seu-superaliado-elon-musk-tem-incomodado-a-imprensa-americana","status":"publish","type":"post","link":"https:\/\/tvbrazilusa.com\/pt\/2024\/11\/20\/trump-e-seu-superaliado-elon-musk-tem-incomodado-a-imprensa-americana\/","title":{"rendered":"Trump e seu superaliado Elon Musk tem incomodado a imprensa americana"},"content":{"rendered":"<p> <script async src=\"https:\/\/pagead2.googlesyndication.com\/pagead\/js\/adsbygoogle.js?client=ca-pub-8864793242727901\"\r\n     crossorigin=\"anonymous\"><\/script><br \/>\n<\/p>\n<div id=\"taboola-read-more\" style=\"display:block; width:100%\">\n<p>A recente aproxima\u00e7\u00e3o entre Donald Trump e Elon Musk tem gerado grande aten\u00e7\u00e3o, com o magnata da tecnologia emergindo como um aliado pr\u00f3ximo do ex-presidente dos Estados Unidos.\n<\/p>\n<p>Desde a vit\u00f3ria eleitoral de Trump, Musk tornou-se uma presen\u00e7a constante ao seu lado, tendo inclusive passado uma semana na resid\u00eancia privada de Trump em Mar-a-Lago, na Fl\u00f3rida.<\/p>\n<p>Essa proximidade cont\u00ednua foi amplamente divulgada nas redes sociais, onde ambos aparecem frequentemente juntos em eventos p\u00fablicos e privados, compartilhando momentos de admira\u00e7\u00e3o m\u00fatua.\n<\/p>\n<p>Esta rela\u00e7\u00e3o, que muitos descrevem como uma \u201cbromance\u201d (um termo que descreve uma rela\u00e7\u00e3o \u00edntima e n\u00e3o rom\u00e2ntica entre dois homens) n\u00e3o se resume, por\u00e9m, apenas a uma amizade convencional.\n<\/p>\n<p>A conex\u00e3o entre os dois parece estar atrelada a interesses m\u00fatuos: Musk apoiou financeiramente a campanha de Trump e, em troca, foi nomeado conselheiro pessoal com a tarefa de otimizar o funcionamento do governo.\n<\/p>\n<p>O v\u00ednculo \u00e9 evidenciado por encontros como o que ocorreu no Madison Square Garden em Nova York, onde assistiram juntos a uma competi\u00e7\u00e3o da Ultimate Fighting Championship (UFC). Ap\u00f3s o evento, seguiram para um voo no jato privado de Trump, onde desfrutaram de hamb\u00fargueres e batatas fritas. Esse epis\u00f3dio viralizou nas redes sociais quando uma foto deles foi amplamente compartilhada.\n<\/p>\n<p>Como pai e filho<br \/>A diferen\u00e7a de idade entre os dois \u2014 Trump com 78 anos e Musk com 53 \u2014 tamb\u00e9m sugere uma din\u00e2mica quase paternalista. A neta de Trump at\u00e9 oficializou essa rela\u00e7\u00e3o nas redes sociais ao postar uma foto com Musk e seu filho pequeno, referindo-se a ele como \u201ctio\u201d.<\/p>\n<p>Fonte: O antagonista              <\/p>\n<\/div>\n<p><br \/>\n<br \/><a href=\"https:\/\/diariodobrasilnoticias.com.br\/noticia\/trump-e-seu-superaliado-elon-musk-tem-incomodado-a-imprensa-americana-673dfd7bcaa69\">Source link <\/a><\/p>","protected":false},"excerpt":{"rendered":"<p>A recente aproxima\u00e7\u00e3o entre Donald Trump e Elon Musk tem gerado grande aten\u00e7\u00e3o, com o magnata da tecnologia emergindo como um aliado pr\u00f3ximo do ex-presidente dos Estados Unidos. Desde a&hellip;<\/p>","protected":false},"author":1,"featured_media":62737,"comment_status":"closed","ping_status":"open","sticky":false,"template":"","format":"standard","meta":{"content-type":"","footnotes":""},"categories":[16],"tags":[123,2448,5313,1267],"class_list":["post-62736","post","type-post","status-publish","format-standard","has-post-thumbnail","hentry","category-noticias","tag-brasil","tag-diario","tag-noticia","tag-noticias"],"_links":{"self":[{"href":"https:\/\/tvbrazilusa.com\/pt\/wp-json\/wp\/v2\/posts\/62736","targetHints":{"allow":["GET"]}}],"collection":[{"href":"https:\/\/tvbrazilusa.com\/pt\/wp-json\/wp\/v2\/posts"}],"about":[{"href":"https:\/\/tvbrazilusa.com\/pt\/wp-json\/wp\/v2\/types\/post"}],"author":[{"embeddable":true,"href":"https:\/\/tvbrazilusa.com\/pt\/wp-json\/wp\/v2\/users\/1"}],"replies":[{"embeddable":true,"href":"https:\/\/tvbrazilusa.com\/pt\/wp-json\/wp\/v2\/comments?post=62736"}],"version-history":[{"count":1,"href":"https:\/\/tvbrazilusa.com\/pt\/wp-json\/wp\/v2\/posts\/62736\/revisions"}],"predecessor-version":[{"id":62738,"href":"https:\/\/tvbrazilusa.com\/pt\/wp-json\/wp\/v2\/posts\/62736\/revisions\/62738"}],"wp:featuredmedia":[{"embeddable":true,"href":"https:\/\/tvbrazilusa.com\/pt\/wp-json\/wp\/v2\/media\/62737"}],"wp:attachment":[{"href":"https:\/\/tvbrazilusa.com\/pt\/wp-json\/wp\/v2\/media?parent=62736"}],"wp:term":[{"taxonomy":"category","embeddable":true,"href":"https:\/\/tvbrazilusa.com\/pt\/wp-json\/wp\/v2\/categories?post=62736"},{"taxonomy":"post_tag","embeddable":true,"href":"https:\/\/tvbrazilusa.com\/pt\/wp-json\/wp\/v2\/tags?post=62736"}],"curies":[{"name":"wp","href":"https:\/\/api.w.org\/{rel}","templated":true}]}}