{"id":62748,"date":"2024-11-20T17:55:34","date_gmt":"2024-11-20T17:55:34","guid":{"rendered":"https:\/\/tvbrazilusa.com\/2024\/11\/20\/connecticut-tem-uma-das-piores-qualidades-do-ar-do-pais-na-quarta-feira\/"},"modified":"2024-11-20T18:00:03","modified_gmt":"2024-11-20T18:00:03","slug":"connecticut-tem-uma-das-piores-qualidades-do-ar-do-pais-na-quarta-feira","status":"publish","type":"post","link":"https:\/\/tvbrazilusa.com\/pt\/2024\/11\/20\/connecticut-tem-uma-das-piores-qualidades-do-ar-do-pais-na-quarta-feira\/","title":{"rendered":"Connecticut tem uma das piores qualidades do ar do pa\u00eds na quarta-feira"},"content":{"rendered":"<p> <script async src=\"https:\/\/pagead2.googlesyndication.com\/pagead\/js\/adsbygoogle.js?client=ca-pub-8864793242727901\"\r\n     crossorigin=\"anonymous\"><\/script><br \/>\n<\/p>\n<p>TORRINGTON, Connecticut (WTNH) &#8211; Uma cidade de Connecticut teve um dos piores n\u00edveis de qualidade do ar do pa\u00eds na manh\u00e3 de quarta-feira, <a href=\"https:\/\/gispub.epa.gov\/airnow\/?showgreencontours=false&#038;xmin=-8800581.630616719&#038;xmax=-7626508.87615647&#038;ymin=4839704.547236621&#038;ymax=5314837.115057254\" target=\"_blank\" rel=\"noreferrer noopener\">de acordo com airnow.gov.<\/a><\/p>\n<p>A qualidade do ar de Torrington foi classificada como \u201cprejudicial para grupos sens\u00edveis\u201d, de acordo com o monitor. O n\u00edvel de polui\u00e7\u00e3o significa que pessoas com doen\u00e7as card\u00edacas ou pulmonares, idosos, crian\u00e7as e adolescentes devem evitar correr e reduzir o tempo de atividade ao ar livre.<\/p>\n<div class=\"wp-block-image\">\n<figure class=\"aligncenter size-large is-resized\"><figcaption class=\"wp-element-caption\">N\u00edveis de qualidade do ar de Connecticut, na manh\u00e3 de 20 de novembro de 2024. (Fonte: airnow.gov)<\/figcaption><\/figure>\n<\/div>\n<p>A m\u00e1 qualidade do ar em Connecticut \u00e9 <a href=\"https:\/\/www.wtnh.com\/news\/connecticut\/connecticut-residents-may-notice-strong-smoke-smell-due-to-massachusetts-fire\/\" target=\"_blank\" rel=\"noreferrer noopener\">atribu\u00eddo a um inc\u00eandio em Massachusetts.<\/a><\/p>\n<p>A pior qualidade do ar nos EUA na quarta-feira ocorreu no sul do Arizona, a sudoeste de Phoenix.<\/p>\n<p>Grande parte do lado oeste de Connecticut foi listada no n\u00edvel de qualidade do ar &#8220;moderado&#8221;. A qualidade do ar foi listada nessa categoria para Bridgeport, Danbury, Greenwich, Stratford e Westport, na manh\u00e3 de quarta-feira.<\/p>\n<p>A previs\u00e3o \u00e9 que o ar esteja no n\u00edvel \u201cmoderado\u201d no final do dia de quarta-feira em Bridgeport, Danbury, Greenwich, Hartford, Middletown, New Haven, Stafford, Stratford, Waterbury e Westport. O ar de Torrington melhorar\u00e1 do n\u00edvel \u201cprejudicial para grupos sens\u00edveis\u201d para \u201cmoderado\u201d.<\/p>\n<p>A previs\u00e3o da qualidade do ar n\u00e3o estava dispon\u00edvel para quinta-feira, a partir do meio-dia de quarta-feira.<\/p>\n<p><br \/>\n<br \/><a href=\"https:\/\/www.wtnh.com\/news\/connecticut\/connecticut-has-one-of-the-nations-worst-air-quality-wednesday\/\">Source link <\/a><\/p>","protected":false},"excerpt":{"rendered":"<p>TORRINGTON, Connecticut (WTNH) &#8211; Uma cidade de Connecticut teve um dos piores n\u00edveis de qualidade do ar do pa\u00eds na manh\u00e3 de quarta-feira, de acordo com airnow.gov. A qualidade do&hellip;<\/p>","protected":false},"author":1,"featured_media":62749,"comment_status":"closed","ping_status":"open","sticky":false,"template":"","format":"standard","meta":{"content-type":"","footnotes":""},"categories":[1],"tags":[],"class_list":["post-62748","post","type-post","status-publish","format-standard","has-post-thumbnail","hentry","category-uncategorized"],"_links":{"self":[{"href":"https:\/\/tvbrazilusa.com\/pt\/wp-json\/wp\/v2\/posts\/62748","targetHints":{"allow":["GET"]}}],"collection":[{"href":"https:\/\/tvbrazilusa.com\/pt\/wp-json\/wp\/v2\/posts"}],"about":[{"href":"https:\/\/tvbrazilusa.com\/pt\/wp-json\/wp\/v2\/types\/post"}],"author":[{"embeddable":true,"href":"https:\/\/tvbrazilusa.com\/pt\/wp-json\/wp\/v2\/users\/1"}],"replies":[{"embeddable":true,"href":"https:\/\/tvbrazilusa.com\/pt\/wp-json\/wp\/v2\/comments?post=62748"}],"version-history":[{"count":1,"href":"https:\/\/tvbrazilusa.com\/pt\/wp-json\/wp\/v2\/posts\/62748\/revisions"}],"predecessor-version":[{"id":62750,"href":"https:\/\/tvbrazilusa.com\/pt\/wp-json\/wp\/v2\/posts\/62748\/revisions\/62750"}],"wp:featuredmedia":[{"embeddable":true,"href":"https:\/\/tvbrazilusa.com\/pt\/wp-json\/wp\/v2\/media\/62749"}],"wp:attachment":[{"href":"https:\/\/tvbrazilusa.com\/pt\/wp-json\/wp\/v2\/media?parent=62748"}],"wp:term":[{"taxonomy":"category","embeddable":true,"href":"https:\/\/tvbrazilusa.com\/pt\/wp-json\/wp\/v2\/categories?post=62748"},{"taxonomy":"post_tag","embeddable":true,"href":"https:\/\/tvbrazilusa.com\/pt\/wp-json\/wp\/v2\/tags?post=62748"}],"curies":[{"name":"wp","href":"https:\/\/api.w.org\/{rel}","templated":true}]}}